{"id":80,"count":1,"description":"Ein <strong data-start=\"231\" data-end=\"247\">s\u00fc\u00dfes Parfum<\/strong> ist verf\u00fchrerisch, warm und oft gourmand \u2013 mit Noten wie Vanille, Karamell, Praline oder Zuckerwatte. Es wirkt sinnlich, charmant und bleibt lange in Erinnerung. Perfekt f\u00fcr den Abend oder alle, die gerne auffallen. Jetzt als <strong data-start=\"474\" data-end=\"487\">Duftprobe<\/strong> testen und dein perfektes s\u00fc\u00dfes Parfum finden.","link":"https:\/\/nischenduft.ch\/blog\/tag\/suesses-parfum\/","name":"S\u00fc\u00dfes Parfum","slug":"suesses-parfum","taxonomy":"post_tag","meta":[],"yoast_head":"<!-- This site is optimized with the Yoast SEO plugin v23.6 - https:\/\/yoast.com\/wordpress\/plugins\/seo\/ -->\n<title>S\u00fc\u00dfes Parfum Archive - Die Welt der Nischend\u00fcfte: Exklusive Duftkreationen und Duftgeschichten<\/title>\n<meta name=\"description\" content=\"S\u00fc\u00dfes Parfum als Duftprobe entdecken \u2013 sinnliche, s\u00fc\u00dfe D\u00fcfte mit Vanille, Karamell &amp; mehr. Jetzt testen &amp; dein neues Lieblingsparfum finden.\" \/>\n<meta name=\"robots\" content=\"index, follow, max-snippet:-1, max-image-preview:large, max-video-preview:-1\" \/>\n<link rel=\"canonical\" href=\"https:\/\/nischenduft.ch\/blog\/tag\/suesses-parfum\/\" \/>\n<meta property=\"og:locale\" content=\"de_DE\" \/>\n<meta property=\"og:type\" content=\"article\" \/>\n<meta property=\"og:title\" content=\"S\u00fc\u00dfes Parfum Archive - Die Welt der Nischend\u00fcfte: Exklusive Duftkreationen und Duftgeschichten\" \/>\n<meta property=\"og:description\" content=\"S\u00fc\u00dfes Parfum als Duftprobe entdecken \u2013 sinnliche, s\u00fc\u00dfe D\u00fcfte mit Vanille, Karamell &amp; mehr. Jetzt testen &amp; dein neues Lieblingsparfum finden.\" \/>\n<meta property=\"og:url\" content=\"https:\/\/nischenduft.ch\/blog\/tag\/suesses-parfum\/\" \/>\n<meta property=\"og:site_name\" content=\"Die Welt der Nischend\u00fcfte: Exklusive Duftkreationen und Duftgeschichten\" \/>\n<meta name=\"twitter:card\" content=\"summary_large_image\" \/>\n<script type=\"application\/ld+json\" class=\"yoast-schema-graph\">{\"@context\":\"https:\/\/schema.org\",\"@graph\":[{\"@type\":\"CollectionPage\",\"@id\":\"https:\/\/nischenduft.ch\/blog\/tag\/suesses-parfum\/\",\"url\":\"https:\/\/nischenduft.ch\/blog\/tag\/suesses-parfum\/\",\"name\":\"S\u00fc\u00dfes Parfum Archive - Die Welt der Nischend\u00fcfte: Exklusive Duftkreationen und Duftgeschichten\",\"isPartOf\":{\"@id\":\"https:\/\/nischenduft.ch\/blog\/#website\"},\"description\":\"S\u00fc\u00dfes Parfum als Duftprobe entdecken \u2013 sinnliche, s\u00fc\u00dfe D\u00fcfte mit Vanille, Karamell & mehr. Jetzt testen & dein neues Lieblingsparfum finden.\",\"breadcrumb\":{\"@id\":\"https:\/\/nischenduft.ch\/blog\/tag\/suesses-parfum\/#breadcrumb\"},\"inLanguage\":\"de\"},{\"@type\":\"BreadcrumbList\",\"@id\":\"https:\/\/nischenduft.ch\/blog\/tag\/suesses-parfum\/#breadcrumb\",\"itemListElement\":[{\"@type\":\"ListItem\",\"position\":1,\"name\":\"Startseite\",\"item\":\"https:\/\/nischenduft.ch\/blog\/\"},{\"@type\":\"ListItem\",\"position\":2,\"name\":\"S\u00fc\u00dfes Parfum\"}]},{\"@type\":\"WebSite\",\"@id\":\"https:\/\/nischenduft.ch\/blog\/#website\",\"url\":\"https:\/\/nischenduft.ch\/blog\/\",\"name\":\"Die Welt der Nischend\u00fcfte: Exklusive Duftkreationen und Duftgeschichten\",\"description\":\"\",\"publisher\":{\"@id\":\"https:\/\/nischenduft.ch\/blog\/#organization\"},\"potentialAction\":[{\"@type\":\"SearchAction\",\"target\":{\"@type\":\"EntryPoint\",\"urlTemplate\":\"https:\/\/nischenduft.ch\/blog\/?s={search_term_string}\"},\"query-input\":{\"@type\":\"PropertyValueSpecification\",\"valueRequired\":true,\"valueName\":\"search_term_string\"}}],\"inLanguage\":\"de\"},{\"@type\":\"Organization\",\"@id\":\"https:\/\/nischenduft.ch\/blog\/#organization\",\"name\":\"Die Welt der Nischend\u00fcfte: Exklusive Duftkreationen und Duftgeschichten\",\"url\":\"https:\/\/nischenduft.ch\/blog\/\",\"logo\":{\"@type\":\"ImageObject\",\"inLanguage\":\"de\",\"@id\":\"https:\/\/nischenduft.ch\/blog\/#\/schema\/logo\/image\/\",\"url\":\"https:\/\/nischenduft.ch\/blog\/wp-content\/uploads\/2024\/10\/cropped-nischenduft_logo.jpg\",\"contentUrl\":\"https:\/\/nischenduft.ch\/blog\/wp-content\/uploads\/2024\/10\/cropped-nischenduft_logo.jpg\",\"width\":528,\"height\":491,\"caption\":\"Die Welt der Nischend\u00fcfte: Exklusive Duftkreationen und Duftgeschichten\"},\"image\":{\"@id\":\"https:\/\/nischenduft.ch\/blog\/#\/schema\/logo\/image\/\"}}]}<\/script>\n<!-- \/ Yoast SEO plugin. -->","yoast_head_json":{"title":"S\u00fc\u00dfes Parfum Archive - Die Welt der Nischend\u00fcfte: Exklusive Duftkreationen und Duftgeschichten","description":"S\u00fc\u00dfes Parfum als Duftprobe entdecken \u2013 sinnliche, s\u00fc\u00dfe D\u00fcfte mit Vanille, Karamell & mehr. Jetzt testen & dein neues Lieblingsparfum finden.","robots":{"index":"index","follow":"follow","max-snippet":"max-snippet:-1","max-image-preview":"max-image-preview:large","max-video-preview":"max-video-preview:-1"},"canonical":"https:\/\/nischenduft.ch\/blog\/tag\/suesses-parfum\/","og_locale":"de_DE","og_type":"article","og_title":"S\u00fc\u00dfes Parfum Archive - Die Welt der Nischend\u00fcfte: Exklusive Duftkreationen und Duftgeschichten","og_description":"S\u00fc\u00dfes Parfum als Duftprobe entdecken \u2013 sinnliche, s\u00fc\u00dfe D\u00fcfte mit Vanille, Karamell & mehr. Jetzt testen & dein neues Lieblingsparfum finden.","og_url":"https:\/\/nischenduft.ch\/blog\/tag\/suesses-parfum\/","og_site_name":"Die Welt der Nischend\u00fcfte: Exklusive Duftkreationen und Duftgeschichten","twitter_card":"summary_large_image","schema":{"@context":"https:\/\/schema.org","@graph":[{"@type":"CollectionPage","@id":"https:\/\/nischenduft.ch\/blog\/tag\/suesses-parfum\/","url":"https:\/\/nischenduft.ch\/blog\/tag\/suesses-parfum\/","name":"S\u00fc\u00dfes Parfum Archive - Die Welt der Nischend\u00fcfte: Exklusive Duftkreationen und Duftgeschichten","isPartOf":{"@id":"https:\/\/nischenduft.ch\/blog\/#website"},"description":"S\u00fc\u00dfes Parfum als Duftprobe entdecken \u2013 sinnliche, s\u00fc\u00dfe D\u00fcfte mit Vanille, Karamell & mehr. Jetzt testen & dein neues Lieblingsparfum finden.","breadcrumb":{"@id":"https:\/\/nischenduft.ch\/blog\/tag\/suesses-parfum\/#breadcrumb"},"inLanguage":"de"},{"@type":"BreadcrumbList","@id":"https:\/\/nischenduft.ch\/blog\/tag\/suesses-parfum\/#breadcrumb","itemListElement":[{"@type":"ListItem","position":1,"name":"Startseite","item":"https:\/\/nischenduft.ch\/blog\/"},{"@type":"ListItem","position":2,"name":"S\u00fc\u00dfes Parfum"}]},{"@type":"WebSite","@id":"https:\/\/nischenduft.ch\/blog\/#website","url":"https:\/\/nischenduft.ch\/blog\/","name":"Die Welt der Nischend\u00fcfte: Exklusive Duftkreationen und Duftgeschichten","description":"","publisher":{"@id":"https:\/\/nischenduft.ch\/blog\/#organization"},"potentialAction":[{"@type":"SearchAction","target":{"@type":"EntryPoint","urlTemplate":"https:\/\/nischenduft.ch\/blog\/?s={search_term_string}"},"query-input":{"@type":"PropertyValueSpecification","valueRequired":true,"valueName":"search_term_string"}}],"inLanguage":"de"},{"@type":"Organization","@id":"https:\/\/nischenduft.ch\/blog\/#organization","name":"Die Welt der Nischend\u00fcfte: Exklusive Duftkreationen und Duftgeschichten","url":"https:\/\/nischenduft.ch\/blog\/","logo":{"@type":"ImageObject","inLanguage":"de","@id":"https:\/\/nischenduft.ch\/blog\/#\/schema\/logo\/image\/","url":"https:\/\/nischenduft.ch\/blog\/wp-content\/uploads\/2024\/10\/cropped-nischenduft_logo.jpg","contentUrl":"https:\/\/nischenduft.ch\/blog\/wp-content\/uploads\/2024\/10\/cropped-nischenduft_logo.jpg","width":528,"height":491,"caption":"Die Welt der Nischend\u00fcfte: Exklusive Duftkreationen und Duftgeschichten"},"image":{"@id":"https:\/\/nischenduft.ch\/blog\/#\/schema\/logo\/image\/"}}]}},"_links":{"self":[{"href":"https:\/\/nischenduft.ch\/blog\/wp-json\/wp\/v2\/tags\/80","targetHints":{"allow":["GET"]}}],"collection":[{"href":"https:\/\/nischenduft.ch\/blog\/wp-json\/wp\/v2\/tags"}],"about":[{"href":"https:\/\/nischenduft.ch\/blog\/wp-json\/wp\/v2\/taxonomies\/post_tag"}],"wp:post_type":[{"href":"https:\/\/nischenduft.ch\/blog\/wp-json\/wp\/v2\/posts?tags=80"}],"curies":[{"name":"wp","href":"https:\/\/api.w.org\/{rel}","templated":true}]}}