{"id":388,"count":1,"description":"Mit der <strong data-start=\"192\" data-end=\"223\">Il Padrino Parfum Abf\u00fcllung<\/strong> kannst du diesen edlen Nischenduft in praktischer Gr\u00f6\u00dfe erleben. Ob f\u00fcr unterwegs, zum Ausprobieren oder als Erg\u00e4nzung zu deiner Sammlung \u2013 die Abf\u00fcllung erm\u00f6glicht es dir, die elegante, kraftvolle Duftsignatur von Il Padrino flexibel zu genie\u00dfen. Ideal f\u00fcr Duftliebhaber, die hochwertige Parfums sch\u00e4tzen, aber nicht sofort in den gro\u00dfen Flakon investieren m\u00f6chten.","link":"https:\/\/nischenduft.ch\/blog\/tag\/il-padrino-parfum-abfuellung\/","name":"Il Padrino Parfum Abf\u00fcllung","slug":"il-padrino-parfum-abfuellung","taxonomy":"post_tag","meta":[],"yoast_head":"<!-- This site is optimized with the Yoast SEO plugin v23.6 - https:\/\/yoast.com\/wordpress\/plugins\/seo\/ -->\n<title>Il Padrino Parfum Abf\u00fcllung Archive - Die Welt der Nischend\u00fcfte: Exklusive Duftkreationen und Duftgeschichten<\/title>\n<meta name=\"description\" content=\"Il Padrino Parfum Abf\u00fcllung \u2013 erlebe den exklusiven Nischenduft in praktischer Gr\u00f6\u00dfe. Perfekt zum Testen, Reisen oder f\u00fcr deine Duftsammlung.\" \/>\n<meta name=\"robots\" content=\"index, follow, max-snippet:-1, max-image-preview:large, max-video-preview:-1\" \/>\n<link rel=\"canonical\" href=\"https:\/\/nischenduft.ch\/blog\/tag\/il-padrino-parfum-abfuellung\/\" \/>\n<meta property=\"og:locale\" content=\"de_DE\" \/>\n<meta property=\"og:type\" content=\"article\" \/>\n<meta property=\"og:title\" content=\"Il Padrino Parfum Abf\u00fcllung Archive - Die Welt der Nischend\u00fcfte: Exklusive Duftkreationen und Duftgeschichten\" \/>\n<meta property=\"og:description\" content=\"Il Padrino Parfum Abf\u00fcllung \u2013 erlebe den exklusiven Nischenduft in praktischer Gr\u00f6\u00dfe. Perfekt zum Testen, Reisen oder f\u00fcr deine Duftsammlung.\" \/>\n<meta property=\"og:url\" content=\"https:\/\/nischenduft.ch\/blog\/tag\/il-padrino-parfum-abfuellung\/\" \/>\n<meta property=\"og:site_name\" content=\"Die Welt der Nischend\u00fcfte: Exklusive Duftkreationen und Duftgeschichten\" \/>\n<meta name=\"twitter:card\" content=\"summary_large_image\" \/>\n<script type=\"application\/ld+json\" class=\"yoast-schema-graph\">{\"@context\":\"https:\/\/schema.org\",\"@graph\":[{\"@type\":\"CollectionPage\",\"@id\":\"https:\/\/nischenduft.ch\/blog\/tag\/il-padrino-parfum-abfuellung\/\",\"url\":\"https:\/\/nischenduft.ch\/blog\/tag\/il-padrino-parfum-abfuellung\/\",\"name\":\"Il Padrino Parfum Abf\u00fcllung Archive - Die Welt der Nischend\u00fcfte: Exklusive Duftkreationen und Duftgeschichten\",\"isPartOf\":{\"@id\":\"https:\/\/nischenduft.ch\/blog\/#website\"},\"description\":\"Il Padrino Parfum Abf\u00fcllung \u2013 erlebe den exklusiven Nischenduft in praktischer Gr\u00f6\u00dfe. Perfekt zum Testen, Reisen oder f\u00fcr deine Duftsammlung.\",\"breadcrumb\":{\"@id\":\"https:\/\/nischenduft.ch\/blog\/tag\/il-padrino-parfum-abfuellung\/#breadcrumb\"},\"inLanguage\":\"de\"},{\"@type\":\"BreadcrumbList\",\"@id\":\"https:\/\/nischenduft.ch\/blog\/tag\/il-padrino-parfum-abfuellung\/#breadcrumb\",\"itemListElement\":[{\"@type\":\"ListItem\",\"position\":1,\"name\":\"Startseite\",\"item\":\"https:\/\/nischenduft.ch\/blog\/\"},{\"@type\":\"ListItem\",\"position\":2,\"name\":\"Il Padrino Parfum Abf\u00fcllung\"}]},{\"@type\":\"WebSite\",\"@id\":\"https:\/\/nischenduft.ch\/blog\/#website\",\"url\":\"https:\/\/nischenduft.ch\/blog\/\",\"name\":\"Die Welt der Nischend\u00fcfte: Exklusive Duftkreationen und Duftgeschichten\",\"description\":\"\",\"publisher\":{\"@id\":\"https:\/\/nischenduft.ch\/blog\/#organization\"},\"potentialAction\":[{\"@type\":\"SearchAction\",\"target\":{\"@type\":\"EntryPoint\",\"urlTemplate\":\"https:\/\/nischenduft.ch\/blog\/?s={search_term_string}\"},\"query-input\":{\"@type\":\"PropertyValueSpecification\",\"valueRequired\":true,\"valueName\":\"search_term_string\"}}],\"inLanguage\":\"de\"},{\"@type\":\"Organization\",\"@id\":\"https:\/\/nischenduft.ch\/blog\/#organization\",\"name\":\"Die Welt der Nischend\u00fcfte: Exklusive Duftkreationen und Duftgeschichten\",\"url\":\"https:\/\/nischenduft.ch\/blog\/\",\"logo\":{\"@type\":\"ImageObject\",\"inLanguage\":\"de\",\"@id\":\"https:\/\/nischenduft.ch\/blog\/#\/schema\/logo\/image\/\",\"url\":\"https:\/\/nischenduft.ch\/blog\/wp-content\/uploads\/2024\/10\/cropped-nischenduft_logo.jpg\",\"contentUrl\":\"https:\/\/nischenduft.ch\/blog\/wp-content\/uploads\/2024\/10\/cropped-nischenduft_logo.jpg\",\"width\":528,\"height\":491,\"caption\":\"Die Welt der Nischend\u00fcfte: Exklusive Duftkreationen und Duftgeschichten\"},\"image\":{\"@id\":\"https:\/\/nischenduft.ch\/blog\/#\/schema\/logo\/image\/\"}}]}<\/script>\n<!-- \/ Yoast SEO plugin. -->","yoast_head_json":{"title":"Il Padrino Parfum Abf\u00fcllung Archive - Die Welt der Nischend\u00fcfte: Exklusive Duftkreationen und Duftgeschichten","description":"Il Padrino Parfum Abf\u00fcllung \u2013 erlebe den exklusiven Nischenduft in praktischer Gr\u00f6\u00dfe. Perfekt zum Testen, Reisen oder f\u00fcr deine Duftsammlung.","robots":{"index":"index","follow":"follow","max-snippet":"max-snippet:-1","max-image-preview":"max-image-preview:large","max-video-preview":"max-video-preview:-1"},"canonical":"https:\/\/nischenduft.ch\/blog\/tag\/il-padrino-parfum-abfuellung\/","og_locale":"de_DE","og_type":"article","og_title":"Il Padrino Parfum Abf\u00fcllung Archive - Die Welt der Nischend\u00fcfte: Exklusive Duftkreationen und Duftgeschichten","og_description":"Il Padrino Parfum Abf\u00fcllung \u2013 erlebe den exklusiven Nischenduft in praktischer Gr\u00f6\u00dfe. Perfekt zum Testen, Reisen oder f\u00fcr deine Duftsammlung.","og_url":"https:\/\/nischenduft.ch\/blog\/tag\/il-padrino-parfum-abfuellung\/","og_site_name":"Die Welt der Nischend\u00fcfte: Exklusive Duftkreationen und Duftgeschichten","twitter_card":"summary_large_image","schema":{"@context":"https:\/\/schema.org","@graph":[{"@type":"CollectionPage","@id":"https:\/\/nischenduft.ch\/blog\/tag\/il-padrino-parfum-abfuellung\/","url":"https:\/\/nischenduft.ch\/blog\/tag\/il-padrino-parfum-abfuellung\/","name":"Il Padrino Parfum Abf\u00fcllung Archive - Die Welt der Nischend\u00fcfte: Exklusive Duftkreationen und Duftgeschichten","isPartOf":{"@id":"https:\/\/nischenduft.ch\/blog\/#website"},"description":"Il Padrino Parfum Abf\u00fcllung \u2013 erlebe den exklusiven Nischenduft in praktischer Gr\u00f6\u00dfe. Perfekt zum Testen, Reisen oder f\u00fcr deine Duftsammlung.","breadcrumb":{"@id":"https:\/\/nischenduft.ch\/blog\/tag\/il-padrino-parfum-abfuellung\/#breadcrumb"},"inLanguage":"de"},{"@type":"BreadcrumbList","@id":"https:\/\/nischenduft.ch\/blog\/tag\/il-padrino-parfum-abfuellung\/#breadcrumb","itemListElement":[{"@type":"ListItem","position":1,"name":"Startseite","item":"https:\/\/nischenduft.ch\/blog\/"},{"@type":"ListItem","position":2,"name":"Il Padrino Parfum Abf\u00fcllung"}]},{"@type":"WebSite","@id":"https:\/\/nischenduft.ch\/blog\/#website","url":"https:\/\/nischenduft.ch\/blog\/","name":"Die Welt der Nischend\u00fcfte: Exklusive Duftkreationen und Duftgeschichten","description":"","publisher":{"@id":"https:\/\/nischenduft.ch\/blog\/#organization"},"potentialAction":[{"@type":"SearchAction","target":{"@type":"EntryPoint","urlTemplate":"https:\/\/nischenduft.ch\/blog\/?s={search_term_string}"},"query-input":{"@type":"PropertyValueSpecification","valueRequired":true,"valueName":"search_term_string"}}],"inLanguage":"de"},{"@type":"Organization","@id":"https:\/\/nischenduft.ch\/blog\/#organization","name":"Die Welt der Nischend\u00fcfte: Exklusive Duftkreationen und Duftgeschichten","url":"https:\/\/nischenduft.ch\/blog\/","logo":{"@type":"ImageObject","inLanguage":"de","@id":"https:\/\/nischenduft.ch\/blog\/#\/schema\/logo\/image\/","url":"https:\/\/nischenduft.ch\/blog\/wp-content\/uploads\/2024\/10\/cropped-nischenduft_logo.jpg","contentUrl":"https:\/\/nischenduft.ch\/blog\/wp-content\/uploads\/2024\/10\/cropped-nischenduft_logo.jpg","width":528,"height":491,"caption":"Die Welt der Nischend\u00fcfte: Exklusive Duftkreationen und Duftgeschichten"},"image":{"@id":"https:\/\/nischenduft.ch\/blog\/#\/schema\/logo\/image\/"}}]}},"_links":{"self":[{"href":"https:\/\/nischenduft.ch\/blog\/wp-json\/wp\/v2\/tags\/388","targetHints":{"allow":["GET"]}}],"collection":[{"href":"https:\/\/nischenduft.ch\/blog\/wp-json\/wp\/v2\/tags"}],"about":[{"href":"https:\/\/nischenduft.ch\/blog\/wp-json\/wp\/v2\/taxonomies\/post_tag"}],"wp:post_type":[{"href":"https:\/\/nischenduft.ch\/blog\/wp-json\/wp\/v2\/posts?tags=388"}],"curies":[{"name":"wp","href":"https:\/\/api.w.org\/{rel}","templated":true}]}}