{"id":343,"count":1,"description":"Die Duftklassifikation f\u00fcr Parf\u00fcmeure ist ein professionelles System, um Rohstoffe und fertige D\u00fcfte gezielt zu analysieren, strukturieren und kombinieren. Sie basiert auf Duftfamilien, Akkorden, Intensit\u00e4ten sowie der emotionalen und funktionellen Wirkung von Duftnoten. F\u00fcr Parf\u00fcmeure ist sie ein kreatives und analytisches Werkzeug zugleich \u2013 essenziell f\u00fcr die Entwicklung harmonischer Kompositionen.","link":"https:\/\/nischenduft.ch\/blog\/tag\/duftklassifikation-fuer-parfuemeure-systematik-trifft-kreative-intuition\/","name":"duftklassifikation f\u00fcr parf\u00fcmeure","slug":"duftklassifikation-fuer-parfuemeure-systematik-trifft-kreative-intuition","taxonomy":"post_tag","meta":[],"yoast_head":"<!-- This site is optimized with the Yoast SEO plugin v23.6 - https:\/\/yoast.com\/wordpress\/plugins\/seo\/ -->\n<title>duftklassifikation f\u00fcr parf\u00fcmeure Archive - Die Welt der Nischend\u00fcfte: Exklusive Duftkreationen und Duftgeschichten<\/title>\n<meta name=\"description\" content=\"Duftklassifikation f\u00fcr Parf\u00fcmeure: Strukturiertes Arbeiten mit Duftfamilien &amp; Akkorden. Kreative Orientierung bei der Parfumkomposition.\" \/>\n<meta name=\"robots\" content=\"index, follow, max-snippet:-1, max-image-preview:large, max-video-preview:-1\" \/>\n<link rel=\"canonical\" href=\"https:\/\/nischenduft.ch\/blog\/tag\/duftklassifikation-fuer-parfuemeure-systematik-trifft-kreative-intuition\/\" \/>\n<meta property=\"og:locale\" content=\"de_DE\" \/>\n<meta property=\"og:type\" content=\"article\" \/>\n<meta property=\"og:title\" content=\"duftklassifikation f\u00fcr parf\u00fcmeure Archive - Die Welt der Nischend\u00fcfte: Exklusive Duftkreationen und Duftgeschichten\" \/>\n<meta property=\"og:description\" content=\"Duftklassifikation f\u00fcr Parf\u00fcmeure: Strukturiertes Arbeiten mit Duftfamilien &amp; Akkorden. Kreative Orientierung bei der Parfumkomposition.\" \/>\n<meta property=\"og:url\" content=\"https:\/\/nischenduft.ch\/blog\/tag\/duftklassifikation-fuer-parfuemeure-systematik-trifft-kreative-intuition\/\" \/>\n<meta property=\"og:site_name\" content=\"Die Welt der Nischend\u00fcfte: Exklusive Duftkreationen und Duftgeschichten\" \/>\n<meta name=\"twitter:card\" content=\"summary_large_image\" \/>\n<script type=\"application\/ld+json\" class=\"yoast-schema-graph\">{\"@context\":\"https:\/\/schema.org\",\"@graph\":[{\"@type\":\"CollectionPage\",\"@id\":\"https:\/\/nischenduft.ch\/blog\/tag\/duftklassifikation-fuer-parfuemeure-systematik-trifft-kreative-intuition\/\",\"url\":\"https:\/\/nischenduft.ch\/blog\/tag\/duftklassifikation-fuer-parfuemeure-systematik-trifft-kreative-intuition\/\",\"name\":\"duftklassifikation f\u00fcr parf\u00fcmeure Archive - Die Welt der Nischend\u00fcfte: Exklusive Duftkreationen und Duftgeschichten\",\"isPartOf\":{\"@id\":\"https:\/\/nischenduft.ch\/blog\/#website\"},\"description\":\"Duftklassifikation f\u00fcr Parf\u00fcmeure: Strukturiertes Arbeiten mit Duftfamilien & Akkorden. Kreative Orientierung bei der Parfumkomposition.\",\"breadcrumb\":{\"@id\":\"https:\/\/nischenduft.ch\/blog\/tag\/duftklassifikation-fuer-parfuemeure-systematik-trifft-kreative-intuition\/#breadcrumb\"},\"inLanguage\":\"de\"},{\"@type\":\"BreadcrumbList\",\"@id\":\"https:\/\/nischenduft.ch\/blog\/tag\/duftklassifikation-fuer-parfuemeure-systematik-trifft-kreative-intuition\/#breadcrumb\",\"itemListElement\":[{\"@type\":\"ListItem\",\"position\":1,\"name\":\"Startseite\",\"item\":\"https:\/\/nischenduft.ch\/blog\/\"},{\"@type\":\"ListItem\",\"position\":2,\"name\":\"duftklassifikation f\u00fcr parf\u00fcmeure\"}]},{\"@type\":\"WebSite\",\"@id\":\"https:\/\/nischenduft.ch\/blog\/#website\",\"url\":\"https:\/\/nischenduft.ch\/blog\/\",\"name\":\"Die Welt der Nischend\u00fcfte: Exklusive Duftkreationen und Duftgeschichten\",\"description\":\"\",\"publisher\":{\"@id\":\"https:\/\/nischenduft.ch\/blog\/#organization\"},\"potentialAction\":[{\"@type\":\"SearchAction\",\"target\":{\"@type\":\"EntryPoint\",\"urlTemplate\":\"https:\/\/nischenduft.ch\/blog\/?s={search_term_string}\"},\"query-input\":{\"@type\":\"PropertyValueSpecification\",\"valueRequired\":true,\"valueName\":\"search_term_string\"}}],\"inLanguage\":\"de\"},{\"@type\":\"Organization\",\"@id\":\"https:\/\/nischenduft.ch\/blog\/#organization\",\"name\":\"Die Welt der Nischend\u00fcfte: Exklusive Duftkreationen und Duftgeschichten\",\"url\":\"https:\/\/nischenduft.ch\/blog\/\",\"logo\":{\"@type\":\"ImageObject\",\"inLanguage\":\"de\",\"@id\":\"https:\/\/nischenduft.ch\/blog\/#\/schema\/logo\/image\/\",\"url\":\"https:\/\/nischenduft.ch\/blog\/wp-content\/uploads\/2024\/10\/cropped-nischenduft_logo.jpg\",\"contentUrl\":\"https:\/\/nischenduft.ch\/blog\/wp-content\/uploads\/2024\/10\/cropped-nischenduft_logo.jpg\",\"width\":528,\"height\":491,\"caption\":\"Die Welt der Nischend\u00fcfte: Exklusive Duftkreationen und Duftgeschichten\"},\"image\":{\"@id\":\"https:\/\/nischenduft.ch\/blog\/#\/schema\/logo\/image\/\"}}]}<\/script>\n<!-- \/ Yoast SEO plugin. -->","yoast_head_json":{"title":"duftklassifikation f\u00fcr parf\u00fcmeure Archive - Die Welt der Nischend\u00fcfte: Exklusive Duftkreationen und Duftgeschichten","description":"Duftklassifikation f\u00fcr Parf\u00fcmeure: Strukturiertes Arbeiten mit Duftfamilien & Akkorden. Kreative Orientierung bei der Parfumkomposition.","robots":{"index":"index","follow":"follow","max-snippet":"max-snippet:-1","max-image-preview":"max-image-preview:large","max-video-preview":"max-video-preview:-1"},"canonical":"https:\/\/nischenduft.ch\/blog\/tag\/duftklassifikation-fuer-parfuemeure-systematik-trifft-kreative-intuition\/","og_locale":"de_DE","og_type":"article","og_title":"duftklassifikation f\u00fcr parf\u00fcmeure Archive - Die Welt der Nischend\u00fcfte: Exklusive Duftkreationen und Duftgeschichten","og_description":"Duftklassifikation f\u00fcr Parf\u00fcmeure: Strukturiertes Arbeiten mit Duftfamilien & Akkorden. Kreative Orientierung bei der Parfumkomposition.","og_url":"https:\/\/nischenduft.ch\/blog\/tag\/duftklassifikation-fuer-parfuemeure-systematik-trifft-kreative-intuition\/","og_site_name":"Die Welt der Nischend\u00fcfte: Exklusive Duftkreationen und Duftgeschichten","twitter_card":"summary_large_image","schema":{"@context":"https:\/\/schema.org","@graph":[{"@type":"CollectionPage","@id":"https:\/\/nischenduft.ch\/blog\/tag\/duftklassifikation-fuer-parfuemeure-systematik-trifft-kreative-intuition\/","url":"https:\/\/nischenduft.ch\/blog\/tag\/duftklassifikation-fuer-parfuemeure-systematik-trifft-kreative-intuition\/","name":"duftklassifikation f\u00fcr parf\u00fcmeure Archive - Die Welt der Nischend\u00fcfte: Exklusive Duftkreationen und Duftgeschichten","isPartOf":{"@id":"https:\/\/nischenduft.ch\/blog\/#website"},"description":"Duftklassifikation f\u00fcr Parf\u00fcmeure: Strukturiertes Arbeiten mit Duftfamilien & Akkorden. Kreative Orientierung bei der Parfumkomposition.","breadcrumb":{"@id":"https:\/\/nischenduft.ch\/blog\/tag\/duftklassifikation-fuer-parfuemeure-systematik-trifft-kreative-intuition\/#breadcrumb"},"inLanguage":"de"},{"@type":"BreadcrumbList","@id":"https:\/\/nischenduft.ch\/blog\/tag\/duftklassifikation-fuer-parfuemeure-systematik-trifft-kreative-intuition\/#breadcrumb","itemListElement":[{"@type":"ListItem","position":1,"name":"Startseite","item":"https:\/\/nischenduft.ch\/blog\/"},{"@type":"ListItem","position":2,"name":"duftklassifikation f\u00fcr parf\u00fcmeure"}]},{"@type":"WebSite","@id":"https:\/\/nischenduft.ch\/blog\/#website","url":"https:\/\/nischenduft.ch\/blog\/","name":"Die Welt der Nischend\u00fcfte: Exklusive Duftkreationen und Duftgeschichten","description":"","publisher":{"@id":"https:\/\/nischenduft.ch\/blog\/#organization"},"potentialAction":[{"@type":"SearchAction","target":{"@type":"EntryPoint","urlTemplate":"https:\/\/nischenduft.ch\/blog\/?s={search_term_string}"},"query-input":{"@type":"PropertyValueSpecification","valueRequired":true,"valueName":"search_term_string"}}],"inLanguage":"de"},{"@type":"Organization","@id":"https:\/\/nischenduft.ch\/blog\/#organization","name":"Die Welt der Nischend\u00fcfte: Exklusive Duftkreationen und Duftgeschichten","url":"https:\/\/nischenduft.ch\/blog\/","logo":{"@type":"ImageObject","inLanguage":"de","@id":"https:\/\/nischenduft.ch\/blog\/#\/schema\/logo\/image\/","url":"https:\/\/nischenduft.ch\/blog\/wp-content\/uploads\/2024\/10\/cropped-nischenduft_logo.jpg","contentUrl":"https:\/\/nischenduft.ch\/blog\/wp-content\/uploads\/2024\/10\/cropped-nischenduft_logo.jpg","width":528,"height":491,"caption":"Die Welt der Nischend\u00fcfte: Exklusive Duftkreationen und Duftgeschichten"},"image":{"@id":"https:\/\/nischenduft.ch\/blog\/#\/schema\/logo\/image\/"}}]}},"_links":{"self":[{"href":"https:\/\/nischenduft.ch\/blog\/wp-json\/wp\/v2\/tags\/343","targetHints":{"allow":["GET"]}}],"collection":[{"href":"https:\/\/nischenduft.ch\/blog\/wp-json\/wp\/v2\/tags"}],"about":[{"href":"https:\/\/nischenduft.ch\/blog\/wp-json\/wp\/v2\/taxonomies\/post_tag"}],"wp:post_type":[{"href":"https:\/\/nischenduft.ch\/blog\/wp-json\/wp\/v2\/posts?tags=343"}],"curies":[{"name":"wp","href":"https:\/\/api.w.org\/{rel}","templated":true}]}}