{"id":324,"count":1,"description":"<p data-start=\"154\" data-end=\"442\">Die Osmo Duft-Taxonomie ist ein innovatives Klassifikationssystem von Firmenich, das moderne Technologien wie KI und Sensorik nutzt, um D\u00fcfte pr\u00e4zise zu analysieren und zu kategorisieren. Dieses System unterst\u00fctzt Parf\u00fcmeure bei der Kreation harmonischer und relevanter Duftkompositionen.<\/p>","link":"https:\/\/nischenduft.ch\/blog\/tag\/osmo-duft-taxonomie\/","name":"osmo duft-taxonomie","slug":"osmo-duft-taxonomie","taxonomy":"post_tag","meta":[],"yoast_head":"<!-- This site is optimized with the Yoast SEO plugin v23.6 - https:\/\/yoast.com\/wordpress\/plugins\/seo\/ -->\n<title>osmo duft-taxonomie Archive - Die Welt der Nischend\u00fcfte: Exklusive Duftkreationen und Duftgeschichten<\/title>\n<meta name=\"description\" content=\"Osmo Duft-Taxonomie: Entdecke, wie Firmenich KI und Sensorik nutzt, um D\u00fcfte pr\u00e4zise zu analysieren und Parfumkreationen zu verbessern.\" \/>\n<meta name=\"robots\" content=\"index, follow, max-snippet:-1, max-image-preview:large, max-video-preview:-1\" \/>\n<link rel=\"canonical\" href=\"https:\/\/nischenduft.ch\/blog\/tag\/osmo-duft-taxonomie\/\" \/>\n<meta property=\"og:locale\" content=\"de_DE\" \/>\n<meta property=\"og:type\" content=\"article\" \/>\n<meta property=\"og:title\" content=\"osmo duft-taxonomie Archive - Die Welt der Nischend\u00fcfte: Exklusive Duftkreationen und Duftgeschichten\" \/>\n<meta property=\"og:description\" content=\"Osmo Duft-Taxonomie: Entdecke, wie Firmenich KI und Sensorik nutzt, um D\u00fcfte pr\u00e4zise zu analysieren und Parfumkreationen zu verbessern.\" \/>\n<meta property=\"og:url\" content=\"https:\/\/nischenduft.ch\/blog\/tag\/osmo-duft-taxonomie\/\" \/>\n<meta property=\"og:site_name\" content=\"Die Welt der Nischend\u00fcfte: Exklusive Duftkreationen und Duftgeschichten\" \/>\n<meta name=\"twitter:card\" content=\"summary_large_image\" \/>\n<script type=\"application\/ld+json\" class=\"yoast-schema-graph\">{\"@context\":\"https:\/\/schema.org\",\"@graph\":[{\"@type\":\"CollectionPage\",\"@id\":\"https:\/\/nischenduft.ch\/blog\/tag\/osmo-duft-taxonomie\/\",\"url\":\"https:\/\/nischenduft.ch\/blog\/tag\/osmo-duft-taxonomie\/\",\"name\":\"osmo duft-taxonomie Archive - Die Welt der Nischend\u00fcfte: Exklusive Duftkreationen und Duftgeschichten\",\"isPartOf\":{\"@id\":\"https:\/\/nischenduft.ch\/blog\/#website\"},\"description\":\"Osmo Duft-Taxonomie: Entdecke, wie Firmenich KI und Sensorik nutzt, um D\u00fcfte pr\u00e4zise zu analysieren und Parfumkreationen zu verbessern.\",\"breadcrumb\":{\"@id\":\"https:\/\/nischenduft.ch\/blog\/tag\/osmo-duft-taxonomie\/#breadcrumb\"},\"inLanguage\":\"de\"},{\"@type\":\"BreadcrumbList\",\"@id\":\"https:\/\/nischenduft.ch\/blog\/tag\/osmo-duft-taxonomie\/#breadcrumb\",\"itemListElement\":[{\"@type\":\"ListItem\",\"position\":1,\"name\":\"Startseite\",\"item\":\"https:\/\/nischenduft.ch\/blog\/\"},{\"@type\":\"ListItem\",\"position\":2,\"name\":\"osmo duft-taxonomie\"}]},{\"@type\":\"WebSite\",\"@id\":\"https:\/\/nischenduft.ch\/blog\/#website\",\"url\":\"https:\/\/nischenduft.ch\/blog\/\",\"name\":\"Die Welt der Nischend\u00fcfte: Exklusive Duftkreationen und Duftgeschichten\",\"description\":\"\",\"publisher\":{\"@id\":\"https:\/\/nischenduft.ch\/blog\/#organization\"},\"potentialAction\":[{\"@type\":\"SearchAction\",\"target\":{\"@type\":\"EntryPoint\",\"urlTemplate\":\"https:\/\/nischenduft.ch\/blog\/?s={search_term_string}\"},\"query-input\":{\"@type\":\"PropertyValueSpecification\",\"valueRequired\":true,\"valueName\":\"search_term_string\"}}],\"inLanguage\":\"de\"},{\"@type\":\"Organization\",\"@id\":\"https:\/\/nischenduft.ch\/blog\/#organization\",\"name\":\"Die Welt der Nischend\u00fcfte: Exklusive Duftkreationen und Duftgeschichten\",\"url\":\"https:\/\/nischenduft.ch\/blog\/\",\"logo\":{\"@type\":\"ImageObject\",\"inLanguage\":\"de\",\"@id\":\"https:\/\/nischenduft.ch\/blog\/#\/schema\/logo\/image\/\",\"url\":\"https:\/\/nischenduft.ch\/blog\/wp-content\/uploads\/2024\/10\/cropped-nischenduft_logo.jpg\",\"contentUrl\":\"https:\/\/nischenduft.ch\/blog\/wp-content\/uploads\/2024\/10\/cropped-nischenduft_logo.jpg\",\"width\":528,\"height\":491,\"caption\":\"Die Welt der Nischend\u00fcfte: Exklusive Duftkreationen und Duftgeschichten\"},\"image\":{\"@id\":\"https:\/\/nischenduft.ch\/blog\/#\/schema\/logo\/image\/\"}}]}<\/script>\n<!-- \/ Yoast SEO plugin. -->","yoast_head_json":{"title":"osmo duft-taxonomie Archive - Die Welt der Nischend\u00fcfte: Exklusive Duftkreationen und Duftgeschichten","description":"Osmo Duft-Taxonomie: Entdecke, wie Firmenich KI und Sensorik nutzt, um D\u00fcfte pr\u00e4zise zu analysieren und Parfumkreationen zu verbessern.","robots":{"index":"index","follow":"follow","max-snippet":"max-snippet:-1","max-image-preview":"max-image-preview:large","max-video-preview":"max-video-preview:-1"},"canonical":"https:\/\/nischenduft.ch\/blog\/tag\/osmo-duft-taxonomie\/","og_locale":"de_DE","og_type":"article","og_title":"osmo duft-taxonomie Archive - Die Welt der Nischend\u00fcfte: Exklusive Duftkreationen und Duftgeschichten","og_description":"Osmo Duft-Taxonomie: Entdecke, wie Firmenich KI und Sensorik nutzt, um D\u00fcfte pr\u00e4zise zu analysieren und Parfumkreationen zu verbessern.","og_url":"https:\/\/nischenduft.ch\/blog\/tag\/osmo-duft-taxonomie\/","og_site_name":"Die Welt der Nischend\u00fcfte: Exklusive Duftkreationen und Duftgeschichten","twitter_card":"summary_large_image","schema":{"@context":"https:\/\/schema.org","@graph":[{"@type":"CollectionPage","@id":"https:\/\/nischenduft.ch\/blog\/tag\/osmo-duft-taxonomie\/","url":"https:\/\/nischenduft.ch\/blog\/tag\/osmo-duft-taxonomie\/","name":"osmo duft-taxonomie Archive - Die Welt der Nischend\u00fcfte: Exklusive Duftkreationen und Duftgeschichten","isPartOf":{"@id":"https:\/\/nischenduft.ch\/blog\/#website"},"description":"Osmo Duft-Taxonomie: Entdecke, wie Firmenich KI und Sensorik nutzt, um D\u00fcfte pr\u00e4zise zu analysieren und Parfumkreationen zu verbessern.","breadcrumb":{"@id":"https:\/\/nischenduft.ch\/blog\/tag\/osmo-duft-taxonomie\/#breadcrumb"},"inLanguage":"de"},{"@type":"BreadcrumbList","@id":"https:\/\/nischenduft.ch\/blog\/tag\/osmo-duft-taxonomie\/#breadcrumb","itemListElement":[{"@type":"ListItem","position":1,"name":"Startseite","item":"https:\/\/nischenduft.ch\/blog\/"},{"@type":"ListItem","position":2,"name":"osmo duft-taxonomie"}]},{"@type":"WebSite","@id":"https:\/\/nischenduft.ch\/blog\/#website","url":"https:\/\/nischenduft.ch\/blog\/","name":"Die Welt der Nischend\u00fcfte: Exklusive Duftkreationen und Duftgeschichten","description":"","publisher":{"@id":"https:\/\/nischenduft.ch\/blog\/#organization"},"potentialAction":[{"@type":"SearchAction","target":{"@type":"EntryPoint","urlTemplate":"https:\/\/nischenduft.ch\/blog\/?s={search_term_string}"},"query-input":{"@type":"PropertyValueSpecification","valueRequired":true,"valueName":"search_term_string"}}],"inLanguage":"de"},{"@type":"Organization","@id":"https:\/\/nischenduft.ch\/blog\/#organization","name":"Die Welt der Nischend\u00fcfte: Exklusive Duftkreationen und Duftgeschichten","url":"https:\/\/nischenduft.ch\/blog\/","logo":{"@type":"ImageObject","inLanguage":"de","@id":"https:\/\/nischenduft.ch\/blog\/#\/schema\/logo\/image\/","url":"https:\/\/nischenduft.ch\/blog\/wp-content\/uploads\/2024\/10\/cropped-nischenduft_logo.jpg","contentUrl":"https:\/\/nischenduft.ch\/blog\/wp-content\/uploads\/2024\/10\/cropped-nischenduft_logo.jpg","width":528,"height":491,"caption":"Die Welt der Nischend\u00fcfte: Exklusive Duftkreationen und Duftgeschichten"},"image":{"@id":"https:\/\/nischenduft.ch\/blog\/#\/schema\/logo\/image\/"}}]}},"_links":{"self":[{"href":"https:\/\/nischenduft.ch\/blog\/wp-json\/wp\/v2\/tags\/324","targetHints":{"allow":["GET"]}}],"collection":[{"href":"https:\/\/nischenduft.ch\/blog\/wp-json\/wp\/v2\/tags"}],"about":[{"href":"https:\/\/nischenduft.ch\/blog\/wp-json\/wp\/v2\/taxonomies\/post_tag"}],"wp:post_type":[{"href":"https:\/\/nischenduft.ch\/blog\/wp-json\/wp\/v2\/posts?tags=324"}],"curies":[{"name":"wp","href":"https:\/\/api.w.org\/{rel}","templated":true}]}}