{"id":227,"count":1,"description":"Pana Dora Onyx Black ist ein luxuri\u00f6ses Parfum, das mit seiner intensiven Duftkomposition die Sinne verf\u00fchrt. Mit warmen Noten von Karamell, Vanille, Patschuli und edlem Zedernholz entfaltet sich ein bet\u00f6render Duft, der Eleganz und Sinnlichkeit perfekt vereint. Ideal f\u00fcr alle, die einen markanten und zugleich harmonischen Duft suchen. Pana Dora Onyx Black ist das perfekte Parfum f\u00fcr besondere Anl\u00e4sse oder um dem Alltag eine luxuri\u00f6se Note zu verleihen.","link":"https:\/\/nischenduft.ch\/blog\/tag\/pana-dora-onyx-black\/","name":"Pana Dora Onyx Black","slug":"pana-dora-onyx-black","taxonomy":"post_tag","meta":[],"yoast_head":"<!-- This site is optimized with the Yoast SEO plugin v23.6 - https:\/\/yoast.com\/wordpress\/plugins\/seo\/ -->\n<title>Pana Dora Onyx Black Archive - Die Welt der Nischend\u00fcfte: Exklusive Duftkreationen und Duftgeschichten<\/title>\n<meta name=\"description\" content=\"Pana Dora Onyx Black \u2013 luxuri\u00f6ses Parfum mit Karamell, Vanille &amp; Zedernholz. Jetzt entdecken und die elegante, sinnliche Duftwelt genie\u00dfen.\" \/>\n<meta name=\"robots\" content=\"index, follow, max-snippet:-1, max-image-preview:large, max-video-preview:-1\" \/>\n<link rel=\"canonical\" href=\"https:\/\/nischenduft.ch\/blog\/tag\/pana-dora-onyx-black\/\" \/>\n<meta property=\"og:locale\" content=\"de_DE\" \/>\n<meta property=\"og:type\" content=\"article\" \/>\n<meta property=\"og:title\" content=\"Pana Dora Onyx Black Archive - Die Welt der Nischend\u00fcfte: Exklusive Duftkreationen und Duftgeschichten\" \/>\n<meta property=\"og:description\" content=\"Pana Dora Onyx Black \u2013 luxuri\u00f6ses Parfum mit Karamell, Vanille &amp; Zedernholz. Jetzt entdecken und die elegante, sinnliche Duftwelt genie\u00dfen.\" \/>\n<meta property=\"og:url\" content=\"https:\/\/nischenduft.ch\/blog\/tag\/pana-dora-onyx-black\/\" \/>\n<meta property=\"og:site_name\" content=\"Die Welt der Nischend\u00fcfte: Exklusive Duftkreationen und Duftgeschichten\" \/>\n<meta name=\"twitter:card\" content=\"summary_large_image\" \/>\n<script type=\"application\/ld+json\" class=\"yoast-schema-graph\">{\"@context\":\"https:\/\/schema.org\",\"@graph\":[{\"@type\":\"CollectionPage\",\"@id\":\"https:\/\/nischenduft.ch\/blog\/tag\/pana-dora-onyx-black\/\",\"url\":\"https:\/\/nischenduft.ch\/blog\/tag\/pana-dora-onyx-black\/\",\"name\":\"Pana Dora Onyx Black Archive - Die Welt der Nischend\u00fcfte: Exklusive Duftkreationen und Duftgeschichten\",\"isPartOf\":{\"@id\":\"https:\/\/nischenduft.ch\/blog\/#website\"},\"description\":\"Pana Dora Onyx Black \u2013 luxuri\u00f6ses Parfum mit Karamell, Vanille & Zedernholz. Jetzt entdecken und die elegante, sinnliche Duftwelt genie\u00dfen.\",\"breadcrumb\":{\"@id\":\"https:\/\/nischenduft.ch\/blog\/tag\/pana-dora-onyx-black\/#breadcrumb\"},\"inLanguage\":\"de\"},{\"@type\":\"BreadcrumbList\",\"@id\":\"https:\/\/nischenduft.ch\/blog\/tag\/pana-dora-onyx-black\/#breadcrumb\",\"itemListElement\":[{\"@type\":\"ListItem\",\"position\":1,\"name\":\"Startseite\",\"item\":\"https:\/\/nischenduft.ch\/blog\/\"},{\"@type\":\"ListItem\",\"position\":2,\"name\":\"Pana Dora Onyx Black\"}]},{\"@type\":\"WebSite\",\"@id\":\"https:\/\/nischenduft.ch\/blog\/#website\",\"url\":\"https:\/\/nischenduft.ch\/blog\/\",\"name\":\"Die Welt der Nischend\u00fcfte: Exklusive Duftkreationen und Duftgeschichten\",\"description\":\"\",\"publisher\":{\"@id\":\"https:\/\/nischenduft.ch\/blog\/#organization\"},\"potentialAction\":[{\"@type\":\"SearchAction\",\"target\":{\"@type\":\"EntryPoint\",\"urlTemplate\":\"https:\/\/nischenduft.ch\/blog\/?s={search_term_string}\"},\"query-input\":{\"@type\":\"PropertyValueSpecification\",\"valueRequired\":true,\"valueName\":\"search_term_string\"}}],\"inLanguage\":\"de\"},{\"@type\":\"Organization\",\"@id\":\"https:\/\/nischenduft.ch\/blog\/#organization\",\"name\":\"Die Welt der Nischend\u00fcfte: Exklusive Duftkreationen und Duftgeschichten\",\"url\":\"https:\/\/nischenduft.ch\/blog\/\",\"logo\":{\"@type\":\"ImageObject\",\"inLanguage\":\"de\",\"@id\":\"https:\/\/nischenduft.ch\/blog\/#\/schema\/logo\/image\/\",\"url\":\"https:\/\/nischenduft.ch\/blog\/wp-content\/uploads\/2024\/10\/cropped-nischenduft_logo.jpg\",\"contentUrl\":\"https:\/\/nischenduft.ch\/blog\/wp-content\/uploads\/2024\/10\/cropped-nischenduft_logo.jpg\",\"width\":528,\"height\":491,\"caption\":\"Die Welt der Nischend\u00fcfte: Exklusive Duftkreationen und Duftgeschichten\"},\"image\":{\"@id\":\"https:\/\/nischenduft.ch\/blog\/#\/schema\/logo\/image\/\"}}]}<\/script>\n<!-- \/ Yoast SEO plugin. -->","yoast_head_json":{"title":"Pana Dora Onyx Black Archive - Die Welt der Nischend\u00fcfte: Exklusive Duftkreationen und Duftgeschichten","description":"Pana Dora Onyx Black \u2013 luxuri\u00f6ses Parfum mit Karamell, Vanille & Zedernholz. Jetzt entdecken und die elegante, sinnliche Duftwelt genie\u00dfen.","robots":{"index":"index","follow":"follow","max-snippet":"max-snippet:-1","max-image-preview":"max-image-preview:large","max-video-preview":"max-video-preview:-1"},"canonical":"https:\/\/nischenduft.ch\/blog\/tag\/pana-dora-onyx-black\/","og_locale":"de_DE","og_type":"article","og_title":"Pana Dora Onyx Black Archive - Die Welt der Nischend\u00fcfte: Exklusive Duftkreationen und Duftgeschichten","og_description":"Pana Dora Onyx Black \u2013 luxuri\u00f6ses Parfum mit Karamell, Vanille & Zedernholz. Jetzt entdecken und die elegante, sinnliche Duftwelt genie\u00dfen.","og_url":"https:\/\/nischenduft.ch\/blog\/tag\/pana-dora-onyx-black\/","og_site_name":"Die Welt der Nischend\u00fcfte: Exklusive Duftkreationen und Duftgeschichten","twitter_card":"summary_large_image","schema":{"@context":"https:\/\/schema.org","@graph":[{"@type":"CollectionPage","@id":"https:\/\/nischenduft.ch\/blog\/tag\/pana-dora-onyx-black\/","url":"https:\/\/nischenduft.ch\/blog\/tag\/pana-dora-onyx-black\/","name":"Pana Dora Onyx Black Archive - Die Welt der Nischend\u00fcfte: Exklusive Duftkreationen und Duftgeschichten","isPartOf":{"@id":"https:\/\/nischenduft.ch\/blog\/#website"},"description":"Pana Dora Onyx Black \u2013 luxuri\u00f6ses Parfum mit Karamell, Vanille & Zedernholz. Jetzt entdecken und die elegante, sinnliche Duftwelt genie\u00dfen.","breadcrumb":{"@id":"https:\/\/nischenduft.ch\/blog\/tag\/pana-dora-onyx-black\/#breadcrumb"},"inLanguage":"de"},{"@type":"BreadcrumbList","@id":"https:\/\/nischenduft.ch\/blog\/tag\/pana-dora-onyx-black\/#breadcrumb","itemListElement":[{"@type":"ListItem","position":1,"name":"Startseite","item":"https:\/\/nischenduft.ch\/blog\/"},{"@type":"ListItem","position":2,"name":"Pana Dora Onyx Black"}]},{"@type":"WebSite","@id":"https:\/\/nischenduft.ch\/blog\/#website","url":"https:\/\/nischenduft.ch\/blog\/","name":"Die Welt der Nischend\u00fcfte: Exklusive Duftkreationen und Duftgeschichten","description":"","publisher":{"@id":"https:\/\/nischenduft.ch\/blog\/#organization"},"potentialAction":[{"@type":"SearchAction","target":{"@type":"EntryPoint","urlTemplate":"https:\/\/nischenduft.ch\/blog\/?s={search_term_string}"},"query-input":{"@type":"PropertyValueSpecification","valueRequired":true,"valueName":"search_term_string"}}],"inLanguage":"de"},{"@type":"Organization","@id":"https:\/\/nischenduft.ch\/blog\/#organization","name":"Die Welt der Nischend\u00fcfte: Exklusive Duftkreationen und Duftgeschichten","url":"https:\/\/nischenduft.ch\/blog\/","logo":{"@type":"ImageObject","inLanguage":"de","@id":"https:\/\/nischenduft.ch\/blog\/#\/schema\/logo\/image\/","url":"https:\/\/nischenduft.ch\/blog\/wp-content\/uploads\/2024\/10\/cropped-nischenduft_logo.jpg","contentUrl":"https:\/\/nischenduft.ch\/blog\/wp-content\/uploads\/2024\/10\/cropped-nischenduft_logo.jpg","width":528,"height":491,"caption":"Die Welt der Nischend\u00fcfte: Exklusive Duftkreationen und Duftgeschichten"},"image":{"@id":"https:\/\/nischenduft.ch\/blog\/#\/schema\/logo\/image\/"}}]}},"_links":{"self":[{"href":"https:\/\/nischenduft.ch\/blog\/wp-json\/wp\/v2\/tags\/227","targetHints":{"allow":["GET"]}}],"collection":[{"href":"https:\/\/nischenduft.ch\/blog\/wp-json\/wp\/v2\/tags"}],"about":[{"href":"https:\/\/nischenduft.ch\/blog\/wp-json\/wp\/v2\/taxonomies\/post_tag"}],"wp:post_type":[{"href":"https:\/\/nischenduft.ch\/blog\/wp-json\/wp\/v2\/posts?tags=227"}],"curies":[{"name":"wp","href":"https:\/\/api.w.org\/{rel}","templated":true}]}}