{"id":208,"count":1,"description":"<strong data-start=\"165\" data-end=\"194\">Olfaktorisches Ged\u00e4chtnis<\/strong> bezeichnet die F\u00e4higkeit unseres Gehirns, D\u00fcfte langfristig zu speichern und mit Erinnerungen oder Emotionen zu verkn\u00fcpfen. Ein bestimmter Geruch kann sofort Bilder und Gef\u00fchle aus der Vergangenheit hervorrufen. Dieses einzigartige Zusammenspiel von Duft und Erinnerung macht das olfaktorische Ged\u00e4chtnis zu einem wichtigen Teil unseres Erlebens und unserer Identit\u00e4t.","link":"https:\/\/nischenduft.ch\/blog\/tag\/olfaktorisches-gedaechtnis\/","name":"olfaktorisches Ged\u00e4chtnis","slug":"olfaktorisches-gedaechtnis","taxonomy":"post_tag","meta":[],"yoast_head":"<!-- This site is optimized with the Yoast SEO plugin v23.6 - https:\/\/yoast.com\/wordpress\/plugins\/seo\/ -->\n<title>olfaktorisches Ged\u00e4chtnis Archive - Die Welt der Nischend\u00fcfte: Exklusive Duftkreationen und Duftgeschichten<\/title>\n<meta name=\"description\" content=\"Olfaktorisches Ged\u00e4chtnis \u2013 erfahre, wie D\u00fcfte Erinnerungen &amp; Emotionen ausl\u00f6sen. Entdecke die besondere Rolle von Ger\u00fcchen in unserem Ged\u00e4chtnis.\" \/>\n<meta name=\"robots\" content=\"index, follow, max-snippet:-1, max-image-preview:large, max-video-preview:-1\" \/>\n<link rel=\"canonical\" href=\"https:\/\/nischenduft.ch\/blog\/tag\/olfaktorisches-gedaechtnis\/\" \/>\n<meta property=\"og:locale\" content=\"de_DE\" \/>\n<meta property=\"og:type\" content=\"article\" \/>\n<meta property=\"og:title\" content=\"olfaktorisches Ged\u00e4chtnis Archive - Die Welt der Nischend\u00fcfte: Exklusive Duftkreationen und Duftgeschichten\" \/>\n<meta property=\"og:description\" content=\"Olfaktorisches Ged\u00e4chtnis \u2013 erfahre, wie D\u00fcfte Erinnerungen &amp; Emotionen ausl\u00f6sen. Entdecke die besondere Rolle von Ger\u00fcchen in unserem Ged\u00e4chtnis.\" \/>\n<meta property=\"og:url\" content=\"https:\/\/nischenduft.ch\/blog\/tag\/olfaktorisches-gedaechtnis\/\" \/>\n<meta property=\"og:site_name\" content=\"Die Welt der Nischend\u00fcfte: Exklusive Duftkreationen und Duftgeschichten\" \/>\n<meta name=\"twitter:card\" content=\"summary_large_image\" \/>\n<script type=\"application\/ld+json\" class=\"yoast-schema-graph\">{\"@context\":\"https:\/\/schema.org\",\"@graph\":[{\"@type\":\"CollectionPage\",\"@id\":\"https:\/\/nischenduft.ch\/blog\/tag\/olfaktorisches-gedaechtnis\/\",\"url\":\"https:\/\/nischenduft.ch\/blog\/tag\/olfaktorisches-gedaechtnis\/\",\"name\":\"olfaktorisches Ged\u00e4chtnis Archive - Die Welt der Nischend\u00fcfte: Exklusive Duftkreationen und Duftgeschichten\",\"isPartOf\":{\"@id\":\"https:\/\/nischenduft.ch\/blog\/#website\"},\"description\":\"Olfaktorisches Ged\u00e4chtnis \u2013 erfahre, wie D\u00fcfte Erinnerungen & Emotionen ausl\u00f6sen. Entdecke die besondere Rolle von Ger\u00fcchen in unserem Ged\u00e4chtnis.\",\"breadcrumb\":{\"@id\":\"https:\/\/nischenduft.ch\/blog\/tag\/olfaktorisches-gedaechtnis\/#breadcrumb\"},\"inLanguage\":\"de\"},{\"@type\":\"BreadcrumbList\",\"@id\":\"https:\/\/nischenduft.ch\/blog\/tag\/olfaktorisches-gedaechtnis\/#breadcrumb\",\"itemListElement\":[{\"@type\":\"ListItem\",\"position\":1,\"name\":\"Startseite\",\"item\":\"https:\/\/nischenduft.ch\/blog\/\"},{\"@type\":\"ListItem\",\"position\":2,\"name\":\"olfaktorisches Ged\u00e4chtnis\"}]},{\"@type\":\"WebSite\",\"@id\":\"https:\/\/nischenduft.ch\/blog\/#website\",\"url\":\"https:\/\/nischenduft.ch\/blog\/\",\"name\":\"Die Welt der Nischend\u00fcfte: Exklusive Duftkreationen und Duftgeschichten\",\"description\":\"\",\"publisher\":{\"@id\":\"https:\/\/nischenduft.ch\/blog\/#organization\"},\"potentialAction\":[{\"@type\":\"SearchAction\",\"target\":{\"@type\":\"EntryPoint\",\"urlTemplate\":\"https:\/\/nischenduft.ch\/blog\/?s={search_term_string}\"},\"query-input\":{\"@type\":\"PropertyValueSpecification\",\"valueRequired\":true,\"valueName\":\"search_term_string\"}}],\"inLanguage\":\"de\"},{\"@type\":\"Organization\",\"@id\":\"https:\/\/nischenduft.ch\/blog\/#organization\",\"name\":\"Die Welt der Nischend\u00fcfte: Exklusive Duftkreationen und Duftgeschichten\",\"url\":\"https:\/\/nischenduft.ch\/blog\/\",\"logo\":{\"@type\":\"ImageObject\",\"inLanguage\":\"de\",\"@id\":\"https:\/\/nischenduft.ch\/blog\/#\/schema\/logo\/image\/\",\"url\":\"https:\/\/nischenduft.ch\/blog\/wp-content\/uploads\/2024\/10\/cropped-nischenduft_logo.jpg\",\"contentUrl\":\"https:\/\/nischenduft.ch\/blog\/wp-content\/uploads\/2024\/10\/cropped-nischenduft_logo.jpg\",\"width\":528,\"height\":491,\"caption\":\"Die Welt der Nischend\u00fcfte: Exklusive Duftkreationen und Duftgeschichten\"},\"image\":{\"@id\":\"https:\/\/nischenduft.ch\/blog\/#\/schema\/logo\/image\/\"}}]}<\/script>\n<!-- \/ Yoast SEO plugin. -->","yoast_head_json":{"title":"olfaktorisches Ged\u00e4chtnis Archive - Die Welt der Nischend\u00fcfte: Exklusive Duftkreationen und Duftgeschichten","description":"Olfaktorisches Ged\u00e4chtnis \u2013 erfahre, wie D\u00fcfte Erinnerungen & Emotionen ausl\u00f6sen. Entdecke die besondere Rolle von Ger\u00fcchen in unserem Ged\u00e4chtnis.","robots":{"index":"index","follow":"follow","max-snippet":"max-snippet:-1","max-image-preview":"max-image-preview:large","max-video-preview":"max-video-preview:-1"},"canonical":"https:\/\/nischenduft.ch\/blog\/tag\/olfaktorisches-gedaechtnis\/","og_locale":"de_DE","og_type":"article","og_title":"olfaktorisches Ged\u00e4chtnis Archive - Die Welt der Nischend\u00fcfte: Exklusive Duftkreationen und Duftgeschichten","og_description":"Olfaktorisches Ged\u00e4chtnis \u2013 erfahre, wie D\u00fcfte Erinnerungen & Emotionen ausl\u00f6sen. Entdecke die besondere Rolle von Ger\u00fcchen in unserem Ged\u00e4chtnis.","og_url":"https:\/\/nischenduft.ch\/blog\/tag\/olfaktorisches-gedaechtnis\/","og_site_name":"Die Welt der Nischend\u00fcfte: Exklusive Duftkreationen und Duftgeschichten","twitter_card":"summary_large_image","schema":{"@context":"https:\/\/schema.org","@graph":[{"@type":"CollectionPage","@id":"https:\/\/nischenduft.ch\/blog\/tag\/olfaktorisches-gedaechtnis\/","url":"https:\/\/nischenduft.ch\/blog\/tag\/olfaktorisches-gedaechtnis\/","name":"olfaktorisches Ged\u00e4chtnis Archive - Die Welt der Nischend\u00fcfte: Exklusive Duftkreationen und Duftgeschichten","isPartOf":{"@id":"https:\/\/nischenduft.ch\/blog\/#website"},"description":"Olfaktorisches Ged\u00e4chtnis \u2013 erfahre, wie D\u00fcfte Erinnerungen & Emotionen ausl\u00f6sen. Entdecke die besondere Rolle von Ger\u00fcchen in unserem Ged\u00e4chtnis.","breadcrumb":{"@id":"https:\/\/nischenduft.ch\/blog\/tag\/olfaktorisches-gedaechtnis\/#breadcrumb"},"inLanguage":"de"},{"@type":"BreadcrumbList","@id":"https:\/\/nischenduft.ch\/blog\/tag\/olfaktorisches-gedaechtnis\/#breadcrumb","itemListElement":[{"@type":"ListItem","position":1,"name":"Startseite","item":"https:\/\/nischenduft.ch\/blog\/"},{"@type":"ListItem","position":2,"name":"olfaktorisches Ged\u00e4chtnis"}]},{"@type":"WebSite","@id":"https:\/\/nischenduft.ch\/blog\/#website","url":"https:\/\/nischenduft.ch\/blog\/","name":"Die Welt der Nischend\u00fcfte: Exklusive Duftkreationen und Duftgeschichten","description":"","publisher":{"@id":"https:\/\/nischenduft.ch\/blog\/#organization"},"potentialAction":[{"@type":"SearchAction","target":{"@type":"EntryPoint","urlTemplate":"https:\/\/nischenduft.ch\/blog\/?s={search_term_string}"},"query-input":{"@type":"PropertyValueSpecification","valueRequired":true,"valueName":"search_term_string"}}],"inLanguage":"de"},{"@type":"Organization","@id":"https:\/\/nischenduft.ch\/blog\/#organization","name":"Die Welt der Nischend\u00fcfte: Exklusive Duftkreationen und Duftgeschichten","url":"https:\/\/nischenduft.ch\/blog\/","logo":{"@type":"ImageObject","inLanguage":"de","@id":"https:\/\/nischenduft.ch\/blog\/#\/schema\/logo\/image\/","url":"https:\/\/nischenduft.ch\/blog\/wp-content\/uploads\/2024\/10\/cropped-nischenduft_logo.jpg","contentUrl":"https:\/\/nischenduft.ch\/blog\/wp-content\/uploads\/2024\/10\/cropped-nischenduft_logo.jpg","width":528,"height":491,"caption":"Die Welt der Nischend\u00fcfte: Exklusive Duftkreationen und Duftgeschichten"},"image":{"@id":"https:\/\/nischenduft.ch\/blog\/#\/schema\/logo\/image\/"}}]}},"_links":{"self":[{"href":"https:\/\/nischenduft.ch\/blog\/wp-json\/wp\/v2\/tags\/208","targetHints":{"allow":["GET"]}}],"collection":[{"href":"https:\/\/nischenduft.ch\/blog\/wp-json\/wp\/v2\/tags"}],"about":[{"href":"https:\/\/nischenduft.ch\/blog\/wp-json\/wp\/v2\/taxonomies\/post_tag"}],"wp:post_type":[{"href":"https:\/\/nischenduft.ch\/blog\/wp-json\/wp\/v2\/posts?tags=208"}],"curies":[{"name":"wp","href":"https:\/\/api.w.org\/{rel}","templated":true}]}}