{"id":203,"count":1,"description":"Die <strong data-start=\"228\" data-end=\"258\">Parfum Empfehlung Fr\u00fchling<\/strong> bietet dir eine Auswahl an frischen, blumigen und leichten D\u00fcften, die perfekt zur warmen Jahreszeit passen. Fr\u00fchlingsd\u00fcfte zeichnen sich durch spritzige Zitrusnoten, florale Aromen wie Rose, Jasmin und Magnolie sowie gr\u00fcne, nat\u00fcrliche Essenzen aus. Diese Parfums fangen das Gef\u00fchl von Erneuerung, Lebendigkeit und Frische ein, das der Fr\u00fchling mit sich bringt. Entdecke unsere <strong data-start=\"637\" data-end=\"667\">Parf\u00fcm Empfehlung Fr\u00fchling<\/strong> und finde den Duft, der dich durch die Saison begleitet.","link":"https:\/\/nischenduft.ch\/blog\/tag\/parfum-empfehlung-fruehling\/","name":"Parfum Empfehlung Fr\u00fchling","slug":"parfum-empfehlung-fruehling","taxonomy":"post_tag","meta":[],"yoast_head":"<!-- This site is optimized with the Yoast SEO plugin v23.6 - https:\/\/yoast.com\/wordpress\/plugins\/seo\/ -->\n<title>Parfum Empfehlung Fr\u00fchling Archive - Die Welt der Nischend\u00fcfte: Exklusive Duftkreationen und Duftgeschichten<\/title>\n<meta name=\"description\" content=\"Parf\u00fcm Empfehlung Fr\u00fchling \u2013 frische Zitrusnoten, blumige Aromen &amp; gr\u00fcne Essenzen f\u00fcr die perfekte Fr\u00fchlingsstimmung. Jetzt testen.\" \/>\n<meta name=\"robots\" content=\"index, follow, max-snippet:-1, max-image-preview:large, max-video-preview:-1\" \/>\n<link rel=\"canonical\" href=\"https:\/\/nischenduft.ch\/blog\/tag\/parfum-empfehlung-fruehling\/\" \/>\n<meta property=\"og:locale\" content=\"de_DE\" \/>\n<meta property=\"og:type\" content=\"article\" \/>\n<meta property=\"og:title\" content=\"Parfum Empfehlung Fr\u00fchling Archive - Die Welt der Nischend\u00fcfte: Exklusive Duftkreationen und Duftgeschichten\" \/>\n<meta property=\"og:description\" content=\"Parf\u00fcm Empfehlung Fr\u00fchling \u2013 frische Zitrusnoten, blumige Aromen &amp; gr\u00fcne Essenzen f\u00fcr die perfekte Fr\u00fchlingsstimmung. Jetzt testen.\" \/>\n<meta property=\"og:url\" content=\"https:\/\/nischenduft.ch\/blog\/tag\/parfum-empfehlung-fruehling\/\" \/>\n<meta property=\"og:site_name\" content=\"Die Welt der Nischend\u00fcfte: Exklusive Duftkreationen und Duftgeschichten\" \/>\n<meta name=\"twitter:card\" content=\"summary_large_image\" \/>\n<script type=\"application\/ld+json\" class=\"yoast-schema-graph\">{\"@context\":\"https:\/\/schema.org\",\"@graph\":[{\"@type\":\"CollectionPage\",\"@id\":\"https:\/\/nischenduft.ch\/blog\/tag\/parfum-empfehlung-fruehling\/\",\"url\":\"https:\/\/nischenduft.ch\/blog\/tag\/parfum-empfehlung-fruehling\/\",\"name\":\"Parfum Empfehlung Fr\u00fchling Archive - Die Welt der Nischend\u00fcfte: Exklusive Duftkreationen und Duftgeschichten\",\"isPartOf\":{\"@id\":\"https:\/\/nischenduft.ch\/blog\/#website\"},\"description\":\"Parf\u00fcm Empfehlung Fr\u00fchling \u2013 frische Zitrusnoten, blumige Aromen & gr\u00fcne Essenzen f\u00fcr die perfekte Fr\u00fchlingsstimmung. Jetzt testen.\",\"breadcrumb\":{\"@id\":\"https:\/\/nischenduft.ch\/blog\/tag\/parfum-empfehlung-fruehling\/#breadcrumb\"},\"inLanguage\":\"de\"},{\"@type\":\"BreadcrumbList\",\"@id\":\"https:\/\/nischenduft.ch\/blog\/tag\/parfum-empfehlung-fruehling\/#breadcrumb\",\"itemListElement\":[{\"@type\":\"ListItem\",\"position\":1,\"name\":\"Startseite\",\"item\":\"https:\/\/nischenduft.ch\/blog\/\"},{\"@type\":\"ListItem\",\"position\":2,\"name\":\"Parfum Empfehlung Fr\u00fchling\"}]},{\"@type\":\"WebSite\",\"@id\":\"https:\/\/nischenduft.ch\/blog\/#website\",\"url\":\"https:\/\/nischenduft.ch\/blog\/\",\"name\":\"Die Welt der Nischend\u00fcfte: Exklusive Duftkreationen und Duftgeschichten\",\"description\":\"\",\"publisher\":{\"@id\":\"https:\/\/nischenduft.ch\/blog\/#organization\"},\"potentialAction\":[{\"@type\":\"SearchAction\",\"target\":{\"@type\":\"EntryPoint\",\"urlTemplate\":\"https:\/\/nischenduft.ch\/blog\/?s={search_term_string}\"},\"query-input\":{\"@type\":\"PropertyValueSpecification\",\"valueRequired\":true,\"valueName\":\"search_term_string\"}}],\"inLanguage\":\"de\"},{\"@type\":\"Organization\",\"@id\":\"https:\/\/nischenduft.ch\/blog\/#organization\",\"name\":\"Die Welt der Nischend\u00fcfte: Exklusive Duftkreationen und Duftgeschichten\",\"url\":\"https:\/\/nischenduft.ch\/blog\/\",\"logo\":{\"@type\":\"ImageObject\",\"inLanguage\":\"de\",\"@id\":\"https:\/\/nischenduft.ch\/blog\/#\/schema\/logo\/image\/\",\"url\":\"https:\/\/nischenduft.ch\/blog\/wp-content\/uploads\/2024\/10\/cropped-nischenduft_logo.jpg\",\"contentUrl\":\"https:\/\/nischenduft.ch\/blog\/wp-content\/uploads\/2024\/10\/cropped-nischenduft_logo.jpg\",\"width\":528,\"height\":491,\"caption\":\"Die Welt der Nischend\u00fcfte: Exklusive Duftkreationen und Duftgeschichten\"},\"image\":{\"@id\":\"https:\/\/nischenduft.ch\/blog\/#\/schema\/logo\/image\/\"}}]}<\/script>\n<!-- \/ Yoast SEO plugin. -->","yoast_head_json":{"title":"Parfum Empfehlung Fr\u00fchling Archive - Die Welt der Nischend\u00fcfte: Exklusive Duftkreationen und Duftgeschichten","description":"Parf\u00fcm Empfehlung Fr\u00fchling \u2013 frische Zitrusnoten, blumige Aromen & gr\u00fcne Essenzen f\u00fcr die perfekte Fr\u00fchlingsstimmung. Jetzt testen.","robots":{"index":"index","follow":"follow","max-snippet":"max-snippet:-1","max-image-preview":"max-image-preview:large","max-video-preview":"max-video-preview:-1"},"canonical":"https:\/\/nischenduft.ch\/blog\/tag\/parfum-empfehlung-fruehling\/","og_locale":"de_DE","og_type":"article","og_title":"Parfum Empfehlung Fr\u00fchling Archive - Die Welt der Nischend\u00fcfte: Exklusive Duftkreationen und Duftgeschichten","og_description":"Parf\u00fcm Empfehlung Fr\u00fchling \u2013 frische Zitrusnoten, blumige Aromen & gr\u00fcne Essenzen f\u00fcr die perfekte Fr\u00fchlingsstimmung. Jetzt testen.","og_url":"https:\/\/nischenduft.ch\/blog\/tag\/parfum-empfehlung-fruehling\/","og_site_name":"Die Welt der Nischend\u00fcfte: Exklusive Duftkreationen und Duftgeschichten","twitter_card":"summary_large_image","schema":{"@context":"https:\/\/schema.org","@graph":[{"@type":"CollectionPage","@id":"https:\/\/nischenduft.ch\/blog\/tag\/parfum-empfehlung-fruehling\/","url":"https:\/\/nischenduft.ch\/blog\/tag\/parfum-empfehlung-fruehling\/","name":"Parfum Empfehlung Fr\u00fchling Archive - Die Welt der Nischend\u00fcfte: Exklusive Duftkreationen und Duftgeschichten","isPartOf":{"@id":"https:\/\/nischenduft.ch\/blog\/#website"},"description":"Parf\u00fcm Empfehlung Fr\u00fchling \u2013 frische Zitrusnoten, blumige Aromen & gr\u00fcne Essenzen f\u00fcr die perfekte Fr\u00fchlingsstimmung. Jetzt testen.","breadcrumb":{"@id":"https:\/\/nischenduft.ch\/blog\/tag\/parfum-empfehlung-fruehling\/#breadcrumb"},"inLanguage":"de"},{"@type":"BreadcrumbList","@id":"https:\/\/nischenduft.ch\/blog\/tag\/parfum-empfehlung-fruehling\/#breadcrumb","itemListElement":[{"@type":"ListItem","position":1,"name":"Startseite","item":"https:\/\/nischenduft.ch\/blog\/"},{"@type":"ListItem","position":2,"name":"Parfum Empfehlung Fr\u00fchling"}]},{"@type":"WebSite","@id":"https:\/\/nischenduft.ch\/blog\/#website","url":"https:\/\/nischenduft.ch\/blog\/","name":"Die Welt der Nischend\u00fcfte: Exklusive Duftkreationen und Duftgeschichten","description":"","publisher":{"@id":"https:\/\/nischenduft.ch\/blog\/#organization"},"potentialAction":[{"@type":"SearchAction","target":{"@type":"EntryPoint","urlTemplate":"https:\/\/nischenduft.ch\/blog\/?s={search_term_string}"},"query-input":{"@type":"PropertyValueSpecification","valueRequired":true,"valueName":"search_term_string"}}],"inLanguage":"de"},{"@type":"Organization","@id":"https:\/\/nischenduft.ch\/blog\/#organization","name":"Die Welt der Nischend\u00fcfte: Exklusive Duftkreationen und Duftgeschichten","url":"https:\/\/nischenduft.ch\/blog\/","logo":{"@type":"ImageObject","inLanguage":"de","@id":"https:\/\/nischenduft.ch\/blog\/#\/schema\/logo\/image\/","url":"https:\/\/nischenduft.ch\/blog\/wp-content\/uploads\/2024\/10\/cropped-nischenduft_logo.jpg","contentUrl":"https:\/\/nischenduft.ch\/blog\/wp-content\/uploads\/2024\/10\/cropped-nischenduft_logo.jpg","width":528,"height":491,"caption":"Die Welt der Nischend\u00fcfte: Exklusive Duftkreationen und Duftgeschichten"},"image":{"@id":"https:\/\/nischenduft.ch\/blog\/#\/schema\/logo\/image\/"}}]}},"_links":{"self":[{"href":"https:\/\/nischenduft.ch\/blog\/wp-json\/wp\/v2\/tags\/203","targetHints":{"allow":["GET"]}}],"collection":[{"href":"https:\/\/nischenduft.ch\/blog\/wp-json\/wp\/v2\/tags"}],"about":[{"href":"https:\/\/nischenduft.ch\/blog\/wp-json\/wp\/v2\/taxonomies\/post_tag"}],"wp:post_type":[{"href":"https:\/\/nischenduft.ch\/blog\/wp-json\/wp\/v2\/posts?tags=203"}],"curies":[{"name":"wp","href":"https:\/\/api.w.org\/{rel}","templated":true}]}}