{"id":632,"date":"2026-01-12T14:22:12","date_gmt":"2026-01-12T13:22:12","guid":{"rendered":"https:\/\/nischenduft.ch\/blog\/?p=632"},"modified":"2026-01-14T17:24:54","modified_gmt":"2026-01-14T16:24:54","slug":"parfum-farbveraenderung-warum-sich-parfum-verfaerbt","status":"publish","type":"post","link":"https:\/\/nischenduft.ch\/blog\/parfum-abc\/parfum-farbveraenderung-warum-sich-parfum-verfaerbt\/","title":{"rendered":"Parfum Farbver\u00e4nderung: Warum sich die Farbe eines Duftes mit der Zeit ver\u00e4ndert"},"content":{"rendered":"\n<p>Viele Menschen erschrecken, wenn sie eine <strong>Parfum Farbver\u00e4nderung<\/strong> bei ihrem Duft bemerken. Die Fl\u00fcssigkeit wirkt pl\u00f6tzlich dunkler oder nimmt bernsteinfarbene, br\u00e4unliche, violette oder sogar leicht bl\u00e4uliche Nuancen an. Schnell entsteht der Eindruck, das Parfum sei verdorben oder \u201egekippt\u201c. In den allermeisten F\u00e4llen trifft das jedoch nicht zu.<\/p>\n\n\n\n<p>Parfum ist kein statisches Produkt. Es besteht aus Alkohol und einer Vielzahl aromatischer Molek\u00fcle, die sich mit der Zeit ver\u00e4ndern k\u00f6nnen. Diese Ver\u00e4nderungen sind gr\u00f6\u00dftenteils normal, vorhersehbar und unbedenklich.<\/p>\n\n\n\n<h2 class=\"wp-block-heading\">Parfum Farbver\u00e4nderung \u2013 wieso ist es passieren?<\/h2>\n\n\n\n<p>Farbver\u00e4nderungen werden h\u00e4ufig pauschal mit Oxidation erkl\u00e4rt. Tats\u00e4chlich ist Oxidation nur eine m\u00f6gliche Ursache, aber keineswegs die einzige. Zwar beginnt der Kontakt mit Sauerstoff bereits nach der Abf\u00fcllung und nimmt mit jedem \u00d6ffnen des Flakons zu, doch nicht jede Farbver\u00e4nderung ist darauf zur\u00fcckzuf\u00fchren.<\/p>\n\n\n\n<p>Viele Parfums ver\u00e4ndern ihre Farbe auch ohne relevante Oxidation. Laut der International <a href=\"https:\/\/ifrafragrance.org\/publications?type=guidanceReferenceDocument\" target=\"_blank\" rel=\"noreferrer noopener\">Fragrance Association (IFRA)<\/a> k\u00f6nnen allein bestimmte Duftstoffe daf\u00fcr verantwortlich sein, dass die Fl\u00fcssigkeit im Laufe der Zeit sichtbar nachdunkelt.<\/p>\n\n\n\n<figure class=\"wp-block-image size-full is-resized\"><img loading=\"lazy\" decoding=\"async\" width=\"950\" height=\"450\" src=\"https:\/\/nischenduft.ch\/blog\/wp-content\/uploads\/2026\/01\/Parfum-wird-dunkel-Parfum-Oxidation.webp\" alt=\"Parfum Farbver\u00e4nderung, Parfum wird dunkel, Parfum Oxidation\" class=\"wp-image-640\" style=\"width:730px;height:auto\"\/><\/figure>\n\n\n\n<h4 class=\"wp-block-heading\">Parfum Farbver\u00e4nderung durch Vanille, Rose und Gew\u00fcrze<\/h4>\n\n\n\n<p><strong>Vanille (Vanillin, Ethyl Vanillin)<\/strong><br>Vanille ist einer der h\u00e4ufigsten Gr\u00fcnde f\u00fcr Farbver\u00e4nderungen. Parfums mit Vanillebasis dunkeln fast immer nach, von hellgelb \u00fcber bernsteinfarben bis hin zu dunkelbraun. Ursache sind nat\u00fcrliche chemische Prozesse der Vanillemolek\u00fcle im Alkohol. Das gilt als v\u00f6llig normal.<\/p>\n\n\n\n<p><strong>Rose (nat\u00fcrlicher Rosenabsolue und Rosen\u00f6l)<\/strong><br>Nat\u00fcrliche Rosenextrakte enthalten Pigmente und phenolische Verbindungen, die Parfums mit der Zeit rosige, purpurne, violette oder leicht br\u00e4unliche Farbt\u00f6ne verleihen k\u00f6nnen. Auch das ist kein Qualit\u00e4tsmangel.<\/p>\n\n\n\n<p><strong>Gew\u00fcrznelke (Eugenol)<\/strong><br>Eugenol, der Hauptbestandteil der Nelke, f\u00fchrt h\u00e4ufig zu r\u00f6tlich-braunen, cognacfarbenen oder warmen bernsteinfarbenen T\u00f6nen, besonders in w\u00fcrzigen Kompositionen.<\/p>\n\n\n\n<p><strong>Gew\u00fcrze, Harze und Balsame<\/strong><br>Zimt, Benzoe, Labdanum, Opoponax, Myrrhe oder Weihrauch sind von Natur aus dunkel. Sie lassen Parfums im Laufe der Zeit brauner, goldener oder teilweise violett-braun erscheinen. In Extraits ist dieser Effekt besonders ausgepr\u00e4gt.<\/p>\n\n\n\n<h2 class=\"wp-block-heading\">Ist eine dunkle Parfumfarbe ein Warnsignal?<\/h2>\n\n\n\n<p>Nein. Eine dunkle oder ungew\u00f6hnliche Farbe ist<a href=\"https:\/\/cosmeticseurope.eu\/cosmetic-products\/providing-information-about-products\/\" target=\"_blank\" rel=\"noreferrer noopener\"> kein zuverl\u00e4ssiger Hinweis<\/a> auf den Zustand eines Parfums. Violette, bl\u00e4uliche, pflaumenfarbene oder sehr dunkle Fl\u00fcssigkeiten entstehen meist durch die Kombination der genannten Inhaltsstoffe. Die Farbe sagt nichts \u00fcber Qualit\u00e4t oder Haltbarkeit aus. Entscheidend ist ausschlie\u00dflich der Geruch.<\/p>\n\n\n\n<h2 class=\"wp-block-heading\">Wie ver\u00e4ndert sich ein Parfum mit der Zeit?<\/h2>\n\n\n\n<p>Mit der Zeit <a href=\"https:\/\/www.perfumerflavorist.com\/\" target=\"_blank\" rel=\"noreferrer noopener\">verliert ein Parfum<\/a> oft etwas von der Frische seiner Kopfnote, da fl\u00fcchtige Molek\u00fcle sich schneller abbauen. Gleichzeitig treten Basisnoten wie Vanille, H\u00f6lzer, Amber oder Moschus st\u00e4rker in den Vordergrund. Der Duft wirkt runder, weicher oder auch schwerer.<\/p>\n\n\n\n<p>Dieser Wandel ist ein nat\u00fcrlicher Alterungsprozess. Manche Parfums gewinnen dabei an Harmonie und Tiefe, andere verlieren einen Teil ihrer urspr\u00fcnglichen Balance. Besonders frische, zitrische oder aquatische D\u00fcfte ver\u00e4ndern sich schneller als dichte, orientalische oder harzige Kompositionen.<\/p>\n\n\n\n<p>Sauerstoff, W\u00e4rme und Licht beschleunigen diese Entwicklung. H\u00e4ufiges \u00d6ffnen des Flakons erh\u00f6ht den Luftkontakt, w\u00e4hrend Hitze und UV-Licht Duftmolek\u00fcle zus\u00e4tzlich abbauen k\u00f6nnen. Unter ung\u00fcnstigen Bedingungen kann sich das Duftprofil daher vergleichsweise schnell ver\u00e4ndern oder im Extremfall kippen.<\/p>\n\n\n\n<p>Ein oft untersch\u00e4tzter Faktor ist der F\u00fcllstand des Flakons. Je weniger Parfum enthalten ist, desto mehr Sauerstoff befindet sich im Inneren. Ein halb leerer Flakon altert daher deutlich schneller als ein nahezu voller.<\/p>\n\n\n\n<p>Hinzu kommt, dass Alkohol ein sehr fl\u00fcchtiger Stoff ist. \u00dcber lange Zeitr\u00e4ume kann ein kleiner Teil verdunsten, wodurch die Konzentration der Duftstoffe relativ ansteigt. Das Parfum kann dadurch intensiver oder dichter wirken \u2013 auch das ist ein normaler Prozess.<\/p>\n\n\n\n<blockquote class=\"wp-block-quote is-layout-flow wp-block-quote-is-layout-flow\">\n<p>Wie stark sich Farbe und Duft eines Parfums ver\u00e4ndern, h\u00e4ngt auch von der Lagerung ab. Worauf dabei zu achten ist, erkl\u00e4re ich ausf\u00fchrlich im Beitrag \u00fcber die <a href=\"https:\/\/nischenduft.ch\/blog\/parfum-abc\/duftpflege-und-lagerung-wie-man-parfums-richtig-pflegt-und-aufbewahrt\/\"><strong>richtige Lagerung von Parfum<\/strong>.<\/a><\/p>\n<\/blockquote>\n\n\n\n<h2 class=\"wp-block-heading\">Woran erkennt man, dass ein Parfum wirklich \u201egekippt\u201c ist?<\/h2>\n\n\n\n<p>Ob ein Parfum verdorben ist, erkennt man nicht an der Farbe, sondern am Geruch. Typische Anzeichen sind:<br>\u2013 stechender, s\u00e4uerlicher oder metallischer Geruch<br>\u2013 ein dominanter Alkoholton, der nicht verfliegt<br>\u2013 muffige, kartonartige oder unangenehme Noten<br>\u2013 ein deutlicher Verlust der urspr\u00fcnglichen Duftstruktur<\/p>\n\n\n\n<p>Eine Parfum Farbver\u00e4nderung allein reicht nicht aus, um einen Duft als verdorben zu beurteilen.<\/p>\n\n\n\n<blockquote class=\"wp-block-quote is-layout-flow wp-block-quote-is-layout-flow\">\n<p>Neben der Alterung im Flakon spielt auch die Hautchemie eine gro\u00dfe Rolle dabei, wie ein Duft wahrgenommen wird \u2013 mehr dazu im Artikel, <a href=\"https:\/\/nischenduft.ch\/blog\/parfum-abc\/duft-auf-haut-warum-parfuem-bei-jedem-menschen-anders-riecht\/\" target=\"_blank\" rel=\"noreferrer noopener\"><strong>warum Parfum auf der Haut bei jedem Menschen anders riecht<\/strong>.<\/a><\/p>\n<\/blockquote>\n\n\n\n<h2 class=\"wp-block-heading\">Parfum Farbver\u00e4nderung und Vintage-Parfums<\/h2>\n\n\n\n<p>Im Bereich der Vintage-Parfums spielt der Zustand des Flakons eine entscheidende Rolle. Sammler zahlen hohe Summen f\u00fcr nie gespr\u00fchte, original verschlossene und korrekt gelagerte Parfums. Der minimale Kontakt mit Sauerstoff verlangsamt die Alterung und konserviert den Duftzustand.<\/p>\n\n\n\n<p>Wurde ein Parfum jedoch benutzt, verliert es aus Sammlersicht deutlich an Wert \u2013 selbst wenn der Duft noch hervorragend ist. F\u00fcr den pers\u00f6nlichen Gebrauch ist das irrelevant, f\u00fcr Sammler jedoch entscheidend.<\/p>\n\n\n\n<h2 class=\"wp-block-heading\">Warum der Duft wichtiger ist als die Farbe<\/h2>\n\n\n\n<p>Parfum ver\u00e4ndert sich. Farbe, Intensit\u00e4t und Charakter k\u00f6nnen sich mit der Zeit wandeln \u2013 und das ist in den meisten F\u00e4llen v\u00f6llig normal. Ein dunkleres Parfum ist kein schlechtes Parfum. Entscheidend ist immer der Geruch, nicht die Optik. Wer seine D\u00fcfte k\u00fchl, dunkel und stabil lagert, kann sie \u00fcber viele Jahre hinweg in sehr guter Qualit\u00e4t genie\u00dfen.<\/p>\n\n\n\n<blockquote class=\"wp-block-quote is-layout-flow wp-block-quote-is-layout-flow\">\n<p><a href=\"https:\/\/nischenduft.ch\/\" target=\"_blank\" rel=\"noreferrer noopener\">In meinem Shop<\/a> biete ich <strong>Duftproben aus optimaler Lagerung<\/strong> an, damit sich ein Parfum so entfalten kann, wie es vom Parf\u00fcmeur gedacht war.<\/p>\n<\/blockquote>\n\n\n\n<p><\/p>\n","protected":false},"excerpt":{"rendered":"<p>Viele Menschen erschrecken, wenn sie eine Parfum Farbver\u00e4nderung bei ihrem Duft bemerken. Die Fl\u00fcssigkeit wirkt pl\u00f6tzlich dunkler oder nimmt bernsteinfarbene, br\u00e4unliche, violette oder sogar leicht bl\u00e4uliche Nuancen an. Schnell entsteht der Eindruck, das Parfum sei verdorben oder \u201egekippt\u201c. In den allermeisten F\u00e4llen trifft das jedoch nicht zu. Parfum ist kein statisches Produkt. Es besteht aus&#8230;<\/p>\n","protected":false},"author":1,"featured_media":650,"comment_status":"open","ping_status":"open","sticky":false,"template":"","format":"standard","meta":{"_kad_post_transparent":"","_kad_post_title":"","_kad_post_layout":"","_kad_post_sidebar_id":"","_kad_post_content_style":"","_kad_post_vertical_padding":"","_kad_post_feature":"","_kad_post_feature_position":"","_kad_post_header":false,"_kad_post_footer":false,"footnotes":""},"categories":[5],"tags":[14,48,461,347,56,131,49,459,133,470,460,462,466,467,468,469,471,463,141,464,465],"class_list":["post-632","post","type-post","status-publish","format-standard","has-post-thumbnail","hentry","category-parfum-abc","tag-duftpflege","tag-duftprobe-kaufen-nischenduefte-in-praktischer-groesse-testen","tag-duftstoffe-chemie","tag-ki-und-duftentwicklung-wie-kuenstliche-intelligenz-die-parfumkunst-veraendert","tag-nischenduefte","tag-parfuem-abfuellung","tag-parfuem-abfuellungen","tag-parfum-alterung","tag-parfum-decant","tag-parfum-farbe-aendern","tag-parfum-farbveraenderung","tag-parfum-haltbarkeit","tag-parfum-kippt","tag-parfum-lagerung","tag-parfum-oxidation","tag-parfum-reifung","tag-parfum-richtig-lagern","tag-parfum-wird-dunkel","tag-parfuemproben-schweiz","tag-vanille-parfum","tag-vintage-parfum"],"yoast_head":"<!-- This site is optimized with the Yoast SEO plugin v23.6 - https:\/\/yoast.com\/wordpress\/plugins\/seo\/ -->\n<title>Parfum Farbver\u00e4nderung \u2013 Warum sich Parfum verf\u00e4rbt?<\/title>\n<meta name=\"description\" content=\"Parfum Farbver\u00e4nderung ist meist v\u00f6llig normal. Erfahre, warum sich die Farbe von Parfum ver\u00e4ndert und wann kein Grund zur Sorge besteht.\" \/>\n<meta name=\"robots\" content=\"index, follow, max-snippet:-1, max-image-preview:large, max-video-preview:-1\" \/>\n<link rel=\"canonical\" href=\"https:\/\/nischenduft.ch\/blog\/parfum-abc\/parfum-farbveraenderung-warum-sich-parfum-verfaerbt\/\" \/>\n<meta property=\"og:locale\" content=\"de_DE\" \/>\n<meta property=\"og:type\" content=\"article\" \/>\n<meta property=\"og:title\" content=\"Parfum Farbver\u00e4nderung \u2013 Warum sich Parfum verf\u00e4rbt?\" \/>\n<meta property=\"og:description\" content=\"Parfum Farbver\u00e4nderung ist meist v\u00f6llig normal. Erfahre, warum sich die Farbe von Parfum ver\u00e4ndert und wann kein Grund zur Sorge besteht.\" \/>\n<meta property=\"og:url\" content=\"https:\/\/nischenduft.ch\/blog\/parfum-abc\/parfum-farbveraenderung-warum-sich-parfum-verfaerbt\/\" \/>\n<meta property=\"og:site_name\" content=\"Die Welt der Nischend\u00fcfte: Exklusive Duftkreationen und Duftgeschichten\" \/>\n<meta property=\"article:published_time\" content=\"2026-01-12T13:22:12+00:00\" \/>\n<meta property=\"article:modified_time\" content=\"2026-01-14T16:24:54+00:00\" \/>\n<meta property=\"og:image\" content=\"https:\/\/nischenduft.ch\/blog\/wp-content\/uploads\/2026\/01\/Warum-aendert-Parfum-seine-Farbe-2.jpg\" \/>\n\t<meta property=\"og:image:width\" content=\"2048\" \/>\n\t<meta property=\"og:image:height\" content=\"1152\" \/>\n\t<meta property=\"og:image:type\" content=\"image\/jpeg\" \/>\n<meta name=\"author\" content=\"alina\" \/>\n<meta name=\"twitter:card\" content=\"summary_large_image\" \/>\n<meta name=\"twitter:label1\" content=\"Verfasst von\" \/>\n\t<meta name=\"twitter:data1\" content=\"alina\" \/>\n\t<meta name=\"twitter:label2\" content=\"Gesch\u00e4tzte Lesezeit\" \/>\n\t<meta name=\"twitter:data2\" content=\"5\u00a0Minuten\" \/>\n<script type=\"application\/ld+json\" class=\"yoast-schema-graph\">{\"@context\":\"https:\/\/schema.org\",\"@graph\":[{\"@type\":\"Article\",\"@id\":\"https:\/\/nischenduft.ch\/blog\/parfum-abc\/parfum-farbveraenderung-warum-sich-parfum-verfaerbt\/#article\",\"isPartOf\":{\"@id\":\"https:\/\/nischenduft.ch\/blog\/parfum-abc\/parfum-farbveraenderung-warum-sich-parfum-verfaerbt\/\"},\"author\":{\"name\":\"alina\",\"@id\":\"https:\/\/nischenduft.ch\/blog\/#\/schema\/person\/7b7800cc92a338df0412cefcf5a97a25\"},\"headline\":\"Parfum Farbver\u00e4nderung: Warum sich die Farbe eines Duftes mit der Zeit ver\u00e4ndert\",\"datePublished\":\"2026-01-12T13:22:12+00:00\",\"dateModified\":\"2026-01-14T16:24:54+00:00\",\"mainEntityOfPage\":{\"@id\":\"https:\/\/nischenduft.ch\/blog\/parfum-abc\/parfum-farbveraenderung-warum-sich-parfum-verfaerbt\/\"},\"wordCount\":931,\"commentCount\":0,\"publisher\":{\"@id\":\"https:\/\/nischenduft.ch\/blog\/#organization\"},\"image\":{\"@id\":\"https:\/\/nischenduft.ch\/blog\/parfum-abc\/parfum-farbveraenderung-warum-sich-parfum-verfaerbt\/#primaryimage\"},\"thumbnailUrl\":\"https:\/\/nischenduft.ch\/blog\/wp-content\/uploads\/2026\/01\/Warum-aendert-Parfum-seine-Farbe-2.jpg\",\"keywords\":[\"duftpflege\",\"Duftprobe\",\"Duftstoffe Chemie\",\"ki und duftentwicklung\",\"nischend\u00fcfte\",\"Parf\u00fcm Abf\u00fcllung\",\"parf\u00fcm Abf\u00fcllungen\",\"Parfum Alterung\",\"Parfum Decant\",\"Parfum Farbe \u00e4ndern\",\"Parfum Farbver\u00e4nderung\",\"Parfum Haltbarkeit\",\"Parfum kippt\",\"Parfum Lagerung\",\"Parfum Oxidation\",\"Parfum Reifung\",\"Parfum richtig lagern\",\"Parfum wird dunkel\",\"Parf\u00fcmproben Schweiz\",\"Vanille Parfum\",\"Vintage Parfum\"],\"articleSection\":[\"Parf\u00fcm-ABC\"],\"inLanguage\":\"de\",\"potentialAction\":[{\"@type\":\"CommentAction\",\"name\":\"Comment\",\"target\":[\"https:\/\/nischenduft.ch\/blog\/parfum-abc\/parfum-farbveraenderung-warum-sich-parfum-verfaerbt\/#respond\"]}]},{\"@type\":\"WebPage\",\"@id\":\"https:\/\/nischenduft.ch\/blog\/parfum-abc\/parfum-farbveraenderung-warum-sich-parfum-verfaerbt\/\",\"url\":\"https:\/\/nischenduft.ch\/blog\/parfum-abc\/parfum-farbveraenderung-warum-sich-parfum-verfaerbt\/\",\"name\":\"Parfum Farbver\u00e4nderung \u2013 Warum sich Parfum verf\u00e4rbt?\",\"isPartOf\":{\"@id\":\"https:\/\/nischenduft.ch\/blog\/#website\"},\"primaryImageOfPage\":{\"@id\":\"https:\/\/nischenduft.ch\/blog\/parfum-abc\/parfum-farbveraenderung-warum-sich-parfum-verfaerbt\/#primaryimage\"},\"image\":{\"@id\":\"https:\/\/nischenduft.ch\/blog\/parfum-abc\/parfum-farbveraenderung-warum-sich-parfum-verfaerbt\/#primaryimage\"},\"thumbnailUrl\":\"https:\/\/nischenduft.ch\/blog\/wp-content\/uploads\/2026\/01\/Warum-aendert-Parfum-seine-Farbe-2.jpg\",\"datePublished\":\"2026-01-12T13:22:12+00:00\",\"dateModified\":\"2026-01-14T16:24:54+00:00\",\"description\":\"Parfum Farbver\u00e4nderung ist meist v\u00f6llig normal. Erfahre, warum sich die Farbe von Parfum ver\u00e4ndert und wann kein Grund zur Sorge besteht.\",\"breadcrumb\":{\"@id\":\"https:\/\/nischenduft.ch\/blog\/parfum-abc\/parfum-farbveraenderung-warum-sich-parfum-verfaerbt\/#breadcrumb\"},\"inLanguage\":\"de\",\"potentialAction\":[{\"@type\":\"ReadAction\",\"target\":[\"https:\/\/nischenduft.ch\/blog\/parfum-abc\/parfum-farbveraenderung-warum-sich-parfum-verfaerbt\/\"]}]},{\"@type\":\"ImageObject\",\"inLanguage\":\"de\",\"@id\":\"https:\/\/nischenduft.ch\/blog\/parfum-abc\/parfum-farbveraenderung-warum-sich-parfum-verfaerbt\/#primaryimage\",\"url\":\"https:\/\/nischenduft.ch\/blog\/wp-content\/uploads\/2026\/01\/Warum-aendert-Parfum-seine-Farbe-2.jpg\",\"contentUrl\":\"https:\/\/nischenduft.ch\/blog\/wp-content\/uploads\/2026\/01\/Warum-aendert-Parfum-seine-Farbe-2.jpg\",\"width\":2048,\"height\":1152,\"caption\":\"Nat\u00fcrliche Farbver\u00e4nderung eines Parfums im Zeitverlauf \u2013 von hellen zu dunkleren Nuancen.\"},{\"@type\":\"BreadcrumbList\",\"@id\":\"https:\/\/nischenduft.ch\/blog\/parfum-abc\/parfum-farbveraenderung-warum-sich-parfum-verfaerbt\/#breadcrumb\",\"itemListElement\":[{\"@type\":\"ListItem\",\"position\":1,\"name\":\"Startseite\",\"item\":\"https:\/\/nischenduft.ch\/blog\/\"},{\"@type\":\"ListItem\",\"position\":2,\"name\":\"Parfum Farbver\u00e4nderung: Warum sich die Farbe eines Duftes mit der Zeit ver\u00e4ndert\"}]},{\"@type\":\"WebSite\",\"@id\":\"https:\/\/nischenduft.ch\/blog\/#website\",\"url\":\"https:\/\/nischenduft.ch\/blog\/\",\"name\":\"Die Welt der Nischend\u00fcfte: Exklusive Duftkreationen und Duftgeschichten\",\"description\":\"\",\"publisher\":{\"@id\":\"https:\/\/nischenduft.ch\/blog\/#organization\"},\"potentialAction\":[{\"@type\":\"SearchAction\",\"target\":{\"@type\":\"EntryPoint\",\"urlTemplate\":\"https:\/\/nischenduft.ch\/blog\/?s={search_term_string}\"},\"query-input\":{\"@type\":\"PropertyValueSpecification\",\"valueRequired\":true,\"valueName\":\"search_term_string\"}}],\"inLanguage\":\"de\"},{\"@type\":\"Organization\",\"@id\":\"https:\/\/nischenduft.ch\/blog\/#organization\",\"name\":\"Die Welt der Nischend\u00fcfte: Exklusive Duftkreationen und Duftgeschichten\",\"url\":\"https:\/\/nischenduft.ch\/blog\/\",\"logo\":{\"@type\":\"ImageObject\",\"inLanguage\":\"de\",\"@id\":\"https:\/\/nischenduft.ch\/blog\/#\/schema\/logo\/image\/\",\"url\":\"https:\/\/nischenduft.ch\/blog\/wp-content\/uploads\/2024\/10\/cropped-nischenduft_logo.jpg\",\"contentUrl\":\"https:\/\/nischenduft.ch\/blog\/wp-content\/uploads\/2024\/10\/cropped-nischenduft_logo.jpg\",\"width\":528,\"height\":491,\"caption\":\"Die Welt der Nischend\u00fcfte: Exklusive Duftkreationen und Duftgeschichten\"},\"image\":{\"@id\":\"https:\/\/nischenduft.ch\/blog\/#\/schema\/logo\/image\/\"}},{\"@type\":\"Person\",\"@id\":\"https:\/\/nischenduft.ch\/blog\/#\/schema\/person\/7b7800cc92a338df0412cefcf5a97a25\",\"name\":\"alina\",\"image\":{\"@type\":\"ImageObject\",\"inLanguage\":\"de\",\"@id\":\"https:\/\/nischenduft.ch\/blog\/#\/schema\/person\/image\/\",\"url\":\"https:\/\/secure.gravatar.com\/avatar\/be209b8c6c907c7741779cc8c0430dee?s=96&d=mm&r=g\",\"contentUrl\":\"https:\/\/secure.gravatar.com\/avatar\/be209b8c6c907c7741779cc8c0430dee?s=96&d=mm&r=g\",\"caption\":\"alina\"},\"sameAs\":[\"https:\/\/nischenduft.ch\/blog\"],\"url\":\"https:\/\/nischenduft.ch\/blog\/author\/alina\/\"}]}<\/script>\n<!-- \/ Yoast SEO plugin. -->","yoast_head_json":{"title":"Parfum Farbver\u00e4nderung \u2013 Warum sich Parfum verf\u00e4rbt?","description":"Parfum Farbver\u00e4nderung ist meist v\u00f6llig normal. Erfahre, warum sich die Farbe von Parfum ver\u00e4ndert und wann kein Grund zur Sorge besteht.","robots":{"index":"index","follow":"follow","max-snippet":"max-snippet:-1","max-image-preview":"max-image-preview:large","max-video-preview":"max-video-preview:-1"},"canonical":"https:\/\/nischenduft.ch\/blog\/parfum-abc\/parfum-farbveraenderung-warum-sich-parfum-verfaerbt\/","og_locale":"de_DE","og_type":"article","og_title":"Parfum Farbver\u00e4nderung \u2013 Warum sich Parfum verf\u00e4rbt?","og_description":"Parfum Farbver\u00e4nderung ist meist v\u00f6llig normal. Erfahre, warum sich die Farbe von Parfum ver\u00e4ndert und wann kein Grund zur Sorge besteht.","og_url":"https:\/\/nischenduft.ch\/blog\/parfum-abc\/parfum-farbveraenderung-warum-sich-parfum-verfaerbt\/","og_site_name":"Die Welt der Nischend\u00fcfte: Exklusive Duftkreationen und Duftgeschichten","article_published_time":"2026-01-12T13:22:12+00:00","article_modified_time":"2026-01-14T16:24:54+00:00","og_image":[{"width":2048,"height":1152,"url":"https:\/\/nischenduft.ch\/blog\/wp-content\/uploads\/2026\/01\/Warum-aendert-Parfum-seine-Farbe-2.jpg","type":"image\/jpeg"}],"author":"alina","twitter_card":"summary_large_image","twitter_misc":{"Verfasst von":"alina","Gesch\u00e4tzte Lesezeit":"5\u00a0Minuten"},"schema":{"@context":"https:\/\/schema.org","@graph":[{"@type":"Article","@id":"https:\/\/nischenduft.ch\/blog\/parfum-abc\/parfum-farbveraenderung-warum-sich-parfum-verfaerbt\/#article","isPartOf":{"@id":"https:\/\/nischenduft.ch\/blog\/parfum-abc\/parfum-farbveraenderung-warum-sich-parfum-verfaerbt\/"},"author":{"name":"alina","@id":"https:\/\/nischenduft.ch\/blog\/#\/schema\/person\/7b7800cc92a338df0412cefcf5a97a25"},"headline":"Parfum Farbver\u00e4nderung: Warum sich die Farbe eines Duftes mit der Zeit ver\u00e4ndert","datePublished":"2026-01-12T13:22:12+00:00","dateModified":"2026-01-14T16:24:54+00:00","mainEntityOfPage":{"@id":"https:\/\/nischenduft.ch\/blog\/parfum-abc\/parfum-farbveraenderung-warum-sich-parfum-verfaerbt\/"},"wordCount":931,"commentCount":0,"publisher":{"@id":"https:\/\/nischenduft.ch\/blog\/#organization"},"image":{"@id":"https:\/\/nischenduft.ch\/blog\/parfum-abc\/parfum-farbveraenderung-warum-sich-parfum-verfaerbt\/#primaryimage"},"thumbnailUrl":"https:\/\/nischenduft.ch\/blog\/wp-content\/uploads\/2026\/01\/Warum-aendert-Parfum-seine-Farbe-2.jpg","keywords":["duftpflege","Duftprobe","Duftstoffe Chemie","ki und duftentwicklung","nischend\u00fcfte","Parf\u00fcm Abf\u00fcllung","parf\u00fcm Abf\u00fcllungen","Parfum Alterung","Parfum Decant","Parfum Farbe \u00e4ndern","Parfum Farbver\u00e4nderung","Parfum Haltbarkeit","Parfum kippt","Parfum Lagerung","Parfum Oxidation","Parfum Reifung","Parfum richtig lagern","Parfum wird dunkel","Parf\u00fcmproben Schweiz","Vanille Parfum","Vintage Parfum"],"articleSection":["Parf\u00fcm-ABC"],"inLanguage":"de","potentialAction":[{"@type":"CommentAction","name":"Comment","target":["https:\/\/nischenduft.ch\/blog\/parfum-abc\/parfum-farbveraenderung-warum-sich-parfum-verfaerbt\/#respond"]}]},{"@type":"WebPage","@id":"https:\/\/nischenduft.ch\/blog\/parfum-abc\/parfum-farbveraenderung-warum-sich-parfum-verfaerbt\/","url":"https:\/\/nischenduft.ch\/blog\/parfum-abc\/parfum-farbveraenderung-warum-sich-parfum-verfaerbt\/","name":"Parfum Farbver\u00e4nderung \u2013 Warum sich Parfum verf\u00e4rbt?","isPartOf":{"@id":"https:\/\/nischenduft.ch\/blog\/#website"},"primaryImageOfPage":{"@id":"https:\/\/nischenduft.ch\/blog\/parfum-abc\/parfum-farbveraenderung-warum-sich-parfum-verfaerbt\/#primaryimage"},"image":{"@id":"https:\/\/nischenduft.ch\/blog\/parfum-abc\/parfum-farbveraenderung-warum-sich-parfum-verfaerbt\/#primaryimage"},"thumbnailUrl":"https:\/\/nischenduft.ch\/blog\/wp-content\/uploads\/2026\/01\/Warum-aendert-Parfum-seine-Farbe-2.jpg","datePublished":"2026-01-12T13:22:12+00:00","dateModified":"2026-01-14T16:24:54+00:00","description":"Parfum Farbver\u00e4nderung ist meist v\u00f6llig normal. Erfahre, warum sich die Farbe von Parfum ver\u00e4ndert und wann kein Grund zur Sorge besteht.","breadcrumb":{"@id":"https:\/\/nischenduft.ch\/blog\/parfum-abc\/parfum-farbveraenderung-warum-sich-parfum-verfaerbt\/#breadcrumb"},"inLanguage":"de","potentialAction":[{"@type":"ReadAction","target":["https:\/\/nischenduft.ch\/blog\/parfum-abc\/parfum-farbveraenderung-warum-sich-parfum-verfaerbt\/"]}]},{"@type":"ImageObject","inLanguage":"de","@id":"https:\/\/nischenduft.ch\/blog\/parfum-abc\/parfum-farbveraenderung-warum-sich-parfum-verfaerbt\/#primaryimage","url":"https:\/\/nischenduft.ch\/blog\/wp-content\/uploads\/2026\/01\/Warum-aendert-Parfum-seine-Farbe-2.jpg","contentUrl":"https:\/\/nischenduft.ch\/blog\/wp-content\/uploads\/2026\/01\/Warum-aendert-Parfum-seine-Farbe-2.jpg","width":2048,"height":1152,"caption":"Nat\u00fcrliche Farbver\u00e4nderung eines Parfums im Zeitverlauf \u2013 von hellen zu dunkleren Nuancen."},{"@type":"BreadcrumbList","@id":"https:\/\/nischenduft.ch\/blog\/parfum-abc\/parfum-farbveraenderung-warum-sich-parfum-verfaerbt\/#breadcrumb","itemListElement":[{"@type":"ListItem","position":1,"name":"Startseite","item":"https:\/\/nischenduft.ch\/blog\/"},{"@type":"ListItem","position":2,"name":"Parfum Farbver\u00e4nderung: Warum sich die Farbe eines Duftes mit der Zeit ver\u00e4ndert"}]},{"@type":"WebSite","@id":"https:\/\/nischenduft.ch\/blog\/#website","url":"https:\/\/nischenduft.ch\/blog\/","name":"Die Welt der Nischend\u00fcfte: Exklusive Duftkreationen und Duftgeschichten","description":"","publisher":{"@id":"https:\/\/nischenduft.ch\/blog\/#organization"},"potentialAction":[{"@type":"SearchAction","target":{"@type":"EntryPoint","urlTemplate":"https:\/\/nischenduft.ch\/blog\/?s={search_term_string}"},"query-input":{"@type":"PropertyValueSpecification","valueRequired":true,"valueName":"search_term_string"}}],"inLanguage":"de"},{"@type":"Organization","@id":"https:\/\/nischenduft.ch\/blog\/#organization","name":"Die Welt der Nischend\u00fcfte: Exklusive Duftkreationen und Duftgeschichten","url":"https:\/\/nischenduft.ch\/blog\/","logo":{"@type":"ImageObject","inLanguage":"de","@id":"https:\/\/nischenduft.ch\/blog\/#\/schema\/logo\/image\/","url":"https:\/\/nischenduft.ch\/blog\/wp-content\/uploads\/2024\/10\/cropped-nischenduft_logo.jpg","contentUrl":"https:\/\/nischenduft.ch\/blog\/wp-content\/uploads\/2024\/10\/cropped-nischenduft_logo.jpg","width":528,"height":491,"caption":"Die Welt der Nischend\u00fcfte: Exklusive Duftkreationen und Duftgeschichten"},"image":{"@id":"https:\/\/nischenduft.ch\/blog\/#\/schema\/logo\/image\/"}},{"@type":"Person","@id":"https:\/\/nischenduft.ch\/blog\/#\/schema\/person\/7b7800cc92a338df0412cefcf5a97a25","name":"alina","image":{"@type":"ImageObject","inLanguage":"de","@id":"https:\/\/nischenduft.ch\/blog\/#\/schema\/person\/image\/","url":"https:\/\/secure.gravatar.com\/avatar\/be209b8c6c907c7741779cc8c0430dee?s=96&d=mm&r=g","contentUrl":"https:\/\/secure.gravatar.com\/avatar\/be209b8c6c907c7741779cc8c0430dee?s=96&d=mm&r=g","caption":"alina"},"sameAs":["https:\/\/nischenduft.ch\/blog"],"url":"https:\/\/nischenduft.ch\/blog\/author\/alina\/"}]}},"_links":{"self":[{"href":"https:\/\/nischenduft.ch\/blog\/wp-json\/wp\/v2\/posts\/632","targetHints":{"allow":["GET"]}}],"collection":[{"href":"https:\/\/nischenduft.ch\/blog\/wp-json\/wp\/v2\/posts"}],"about":[{"href":"https:\/\/nischenduft.ch\/blog\/wp-json\/wp\/v2\/types\/post"}],"author":[{"embeddable":true,"href":"https:\/\/nischenduft.ch\/blog\/wp-json\/wp\/v2\/users\/1"}],"replies":[{"embeddable":true,"href":"https:\/\/nischenduft.ch\/blog\/wp-json\/wp\/v2\/comments?post=632"}],"version-history":[{"count":6,"href":"https:\/\/nischenduft.ch\/blog\/wp-json\/wp\/v2\/posts\/632\/revisions"}],"predecessor-version":[{"id":642,"href":"https:\/\/nischenduft.ch\/blog\/wp-json\/wp\/v2\/posts\/632\/revisions\/642"}],"wp:featuredmedia":[{"embeddable":true,"href":"https:\/\/nischenduft.ch\/blog\/wp-json\/wp\/v2\/media\/650"}],"wp:attachment":[{"href":"https:\/\/nischenduft.ch\/blog\/wp-json\/wp\/v2\/media?parent=632"}],"wp:term":[{"taxonomy":"category","embeddable":true,"href":"https:\/\/nischenduft.ch\/blog\/wp-json\/wp\/v2\/categories?post=632"},{"taxonomy":"post_tag","embeddable":true,"href":"https:\/\/nischenduft.ch\/blog\/wp-json\/wp\/v2\/tags?post=632"}],"curies":[{"name":"wp","href":"https:\/\/api.w.org\/{rel}","templated":true}]}}