{"id":527,"date":"2025-08-30T18:25:21","date_gmt":"2025-08-30T16:25:21","guid":{"rendered":"https:\/\/nischenduft.ch\/blog\/?p=527"},"modified":"2025-08-31T12:24:40","modified_gmt":"2025-08-31T10:24:40","slug":"herbstparfum-10-nischenduefte-die-die-goldene-jahreszeit-begleiten","status":"publish","type":"post","link":"https:\/\/nischenduft.ch\/blog\/season-hits\/herbstparfum-10-nischenduefte-die-die-goldene-jahreszeit-begleiten\/","title":{"rendered":"\ud83c\udf42 Herbstparfum \u2013 10 Nischend\u00fcfte, die die goldene Jahreszeit begleiten"},"content":{"rendered":"\n<p>In diesem Artikel stelle Ich dir die <strong><a href=\"https:\/\/www.scentsplit.com\/collections\/top-picks-for-fall?srsltid=AfmBOopW6fiGvUx4VEhFEgWxxIbDuxQR0rRKeO8rtcXrMt4k0K942CBB&amp;utm_source=chatgpt.com\" target=\"_blank\" rel=\"noreferrer noopener\">10 besten Herbstparfums<\/a> 2025<\/strong> vor \u2013 luxuri\u00f6se Nischend\u00fcfte von Amouage, Kilian, Xerjoff &amp; mehr, die perfekt zur goldenen Jahreszeit passen.<\/p>\n\n\n\n<p>Die ersten k\u00fchlen Abende sind da, die Bl\u00e4tter f\u00e4rben sich in warme T\u00f6ne und die Luft tr\u00e4gt diesen unverkennbaren Hauch von Melancholie. Jetzt kommt die Zeit f\u00fcr dein <strong>Herbstparfum<\/strong> \u2013 <a href=\"https:\/\/www.fragrantica.de\/Neuigkeiten\/Die-Sch-nheit-des-Herbstes-als-Duft-8918.html\" target=\"_blank\" rel=\"noreferrer noopener\">D\u00fcfte<\/a> voller Tiefe, die mit Gew\u00fcrzen gl\u00fchen, Tabakrauch andeuten oder eine samtige S\u00fc\u00dfe entfalten. In dieser Jahreszeit haben Parfums einen besonderen Zauber: sie schimmern intensiver, die Luft tr\u00e4gt ihre Facetten weiter, und jeder Akkord klingt klarer.<\/p>\n\n\n\n<hr class=\"wp-block-separator has-alpha-channel-opacity\"\/>\n\n\n\n<h2 class=\"wp-block-heading\">10 Herbstparfum-Empfehlungen f\u00fcr Duftliebhaber<\/h2>\n\n\n\n<h2 class=\"wp-block-heading\">Xerjoff Laylati \u2013 ein intensives Herbstparfum voller Rauch und Tiefe<\/h2>\n\n\n\n<p>Dichte Rauchschwaden, edler Tabak, cremiger Moschus und Vanille mit einem leichten nussigen Klang. Laylati wirkt zugleich \u00fcppig und zur\u00fcckhaltend, mit feinen \u00dcberg\u00e4ngen zwischen W\u00e4rme und Herbheit. Auf m\u00e4nnlicher Haut zeigt er sich w\u00fcrdevoll, auf weiblicher herb-gr\u00fcn, fast waldig \u2013 ein Duft, der mit dem Herbstwind verschmilzt.<br>\ud83d\udc49 <a href=\"https:\/\/nischenduft.ch\/startseite\/149-xerjoff-v-laylati-afgano-puro.html#\/26-ml-2\" target=\"_blank\" rel=\"noreferrer noopener\">Xerjoff Laylati<\/a> als Probe entdecken \u2013 f\u00fcr magische Herbstabende bei Nischenduft.ch<\/p>\n\n\n\n<h2 class=\"wp-block-heading\">Kilian Angels\u2019 Share Paradis \u2013 gourmandiges Herbstduft mit Himbeere und Schokolade<\/h2>\n\n\n\n<p>Eine Versuchung aus dunkler Schokolade, saftiger Himbeere und s\u00fc\u00dfem Lik\u00f6r. Dazu ein warmer Akkord aus Eiche und Vanille, der den Duft in eine samtige Umarmung h\u00fcllt. Ein Festtag im Glas, funkelnd und k\u00f6stlich.<br>\ud83d\udc49 <a href=\"https:\/\/nischenduft.ch\/startseite\/267-kilian-angel-s-share-paradis-duftprobe-abfuellung-2ml-5ml-10ml.html#\/26-ml-2\" target=\"_blank\" rel=\"noreferrer noopener\">Kilian Angels\u2019 Share Paradis<\/a> als parf\u00fcm probe<\/p>\n\n\n\n<figure class=\"wp-block-image size-large\"><img loading=\"lazy\" decoding=\"async\" width=\"1024\" height=\"683\" src=\"https:\/\/nischenduft.ch\/blog\/wp-content\/uploads\/2025\/08\/Angels_share_paradis-1024x683.png\" alt=\"Kilian Angels\u2019 Share Paradis Parfumflakon zwischen orangefarbenen Herbstbl\u00e4ttern \u2013 warmes Herbstparfum mit Vanille, Eiche und Himbeere\" class=\"wp-image-529\" srcset=\"https:\/\/nischenduft.ch\/blog\/wp-content\/uploads\/2025\/08\/Angels_share_paradis-1024x683.png 1024w, https:\/\/nischenduft.ch\/blog\/wp-content\/uploads\/2025\/08\/Angels_share_paradis-300x200.png 300w, https:\/\/nischenduft.ch\/blog\/wp-content\/uploads\/2025\/08\/Angels_share_paradis-768x512.png 768w, https:\/\/nischenduft.ch\/blog\/wp-content\/uploads\/2025\/08\/Angels_share_paradis.png 1536w\" sizes=\"auto, (max-width: 1024px) 100vw, 1024px\" \/><figcaption class=\"wp-element-caption\">Kilian Angels Share Paradis<\/figcaption><\/figure>\n\n\n\n<h2 class=\"wp-block-heading\">Amouage Interlude &amp; Guidance \u2013 zwei starke Herbstd\u00fcfte voller W\u00e4rme<\/h2>\n\n\n\n<p>Interlude tr\u00e4gt die Kraft von Harzen und Rauch in sich, dunkel, geheimnisvoll, voller Pr\u00e4senz. Guidance dagegen entfaltet sich warm, kuschelig und strahlend \u2013 wie ein weiches Tuch, das den Herbstwind abf\u00e4ngt. Zwei D\u00fcfte, die im goldenen Licht der Jahreszeit gegens\u00e4tzliche, aber gleich starke Stimmungen heraufbeschw\u00f6ren. Beide eignen sich als <strong>Herbstparfum<\/strong> f\u00fcr besondere Momente.<br>\ud83d\udc49<a href=\"https:\/\/nischenduft.ch\/startseite\/125-amouage-interlude-man-duftprobe-abfuellung-2ml-5ml-10ml.html#\/26-ml-2\" target=\"_blank\" rel=\"noreferrer noopener\">Amouage Interlude<\/a> in Probegr\u00f6\u00dfe &#8211; ein Hauch von Rauch und Harzen f\u00fcr k\u00fchle N\u00e4chte<br>\ud83d\udc49<a href=\"https:\/\/nischenduft.ch\/startseite\/307-amouage-guidance-duftprobe.html#\/26-ml-2\" target=\"_blank\" rel=\"noreferrer noopener\">Amouage Guidance<\/a> ausprobieren \u2013 feminine, warm, kuschelig und voller Herbstpoesie<\/p>\n\n\n\n<blockquote class=\"wp-block-quote is-layout-flow wp-block-quote-is-layout-flow\">\n<p>Wenn dich Guidance besonders interessiert, lies auch meinen Artikel: <a href=\"https:\/\/nischenduft.ch\/blog\/parfuem-bewertungen-echte-erfahrungen-zu-exklusiven-dueften\/amouage-guidance-guidance-46-luxusduefte-im-vergleich\/\" target=\"_blank\" rel=\"noreferrer noopener\">Zwei D\u00fcfte, eine Kollektion \u2013 Amouage Guidance und Guidance 46 im Vergleich.<\/a><\/p>\n<\/blockquote>\n\n\n\n<h2 class=\"wp-block-heading\">Anfas Mada \u2013 Leder und Himbeere als herbstliche kreation<\/h2>\n\n\n\n<p>Leder in seiner dunkelsten Form, verfeinert mit Safran. Dazu tritt eine s\u00fc\u00dflich-fruchtige Himbeernote, die der Schwere Leichtigkeit schenkt. Ein Hauch von vergorener Frucht, helle Bl\u00fcten und orientalische W\u00fcrze \u2013 ein Duft, der Gegens\u00e4tze zu Harmonie vereint.<br>\ud83d\udc49<a href=\"https:\/\/nischenduft.ch\/startseite\/293-anfas-mada-duftprobe.html#\/26-ml-2\" target=\"_blank\" rel=\"noreferrer noopener\"> Anfas Mada<\/a> als Probe \u2013 Leder trifft Himbeere, ein geheimnisvoller Herbstmoment<\/p>\n\n\n\n<h2 class=\"wp-block-heading\">Argos Sacred Flame \u2013 ein Herbstparfum voller Gew\u00fcrze und roter Beeren<\/h2>\n\n\n\n<p>Ein Feuerwerk aus roten Beeren, Ambra und gl\u00fchenden Gew\u00fcrzen. Reich, opulent und festlich \u2013 Sacred Flame lodert, schillert, schichtet seine Noten wie funkelnde Stoffbahnen. Ein <strong>Herbstparfum<\/strong>, das die Jahreszeit in Flammen taucht..<br>\ud83d\udc49<a href=\"https:\/\/nischenduft.ch\/startseite\/262-argos-sacred-flame-duftprobe-abfuellung-2ml-5ml-10ml.html#\/26-ml-2\" target=\"_blank\" rel=\"noreferrer noopener\">Argos Sacred Flame<\/a> testen<\/p>\n\n\n\n<h2 class=\"wp-block-heading\">Clive Christian Blonde Amber \u2013 orientalische Herbstnoten mit Tabak und Schokolade<\/h2>\n\n\n\n<p>Ein Basar voller Delikatessen: getrocknete Fr\u00fcchte, erlesene Schokolade, ger\u00f6stete N\u00fcsse und ein Hauch von Kirschlik\u00f6r. Dazu schwebt der Rauch einer Tabakpfeife, die noch in der Hand des H\u00e4ndlers glimmt. Luxus und Nostalgie in einem Atemzug.<br>\ud83d\udc49<a href=\"https:\/\/nischenduft.ch\/startseite\/35-clive-christian-blonde-amber.html#\/26-ml-2\" target=\"_blank\" rel=\"noreferrer noopener\">Clive Christian Blonde Amber <\/a>als abf\u00fcllung probieren<\/p>\n\n\n\n<figure class=\"wp-block-image size-large\"><img loading=\"lazy\" decoding=\"async\" width=\"1445\" height=\"1083\" src=\"https:\/\/nischenduft.ch\/blog\/wp-content\/uploads\/2025\/08\/cc_blonde_amber-edited.webp\" alt=\"Clive Christian Blonde Amber Parfumflakon neben Kirschkuchen und Orangen-Konfit\u00fcr \u2013 luxuri\u00f6ses Herbstparfum mit gourmandiger Note\" class=\"wp-image-531\" srcset=\"https:\/\/nischenduft.ch\/blog\/wp-content\/uploads\/2025\/08\/cc_blonde_amber-edited.webp 1445w, https:\/\/nischenduft.ch\/blog\/wp-content\/uploads\/2025\/08\/cc_blonde_amber-edited-300x225.webp 300w, https:\/\/nischenduft.ch\/blog\/wp-content\/uploads\/2025\/08\/cc_blonde_amber-edited-1024x767.webp 1024w, https:\/\/nischenduft.ch\/blog\/wp-content\/uploads\/2025\/08\/cc_blonde_amber-edited-768x576.webp 768w\" sizes=\"auto, (max-width: 1445px) 100vw, 1445px\" \/><figcaption class=\"wp-element-caption\">Clive Christian Blonde Amber <\/figcaption><\/figure>\n\n\n\n<h2 class=\"wp-block-heading\">Gritti Duchessa \u2013 fruchtig-w\u00fcrziges Herbstduft mit Kirschlik\u00f6r<\/h2>\n\n\n\n<p>Ein Glas Kirschlik\u00f6r, dazu Orangenscheiben, s\u00fc\u00dfe Mandeln und ein Schuss orientalischer Gew\u00fcrze. Duchessa ist fruchtig-w\u00fcrzig, lebendig und festlich \u2013 ein Parfum wie ein reich gedeckter Tisch an einem Herbstabend.<br>\ud83d\udc49 <a href=\"https:\/\/nischenduft.ch\/startseite\/47-gritti-duchessa.html#\/26-ml-2\" target=\"_blank\" rel=\"noreferrer noopener\">Gritti Duchessa <\/a>entdecken \u2013 Kirschlik\u00f6r, Gew\u00fcrze und Mandel in einer festlichen Duftprobe<\/p>\n\n\n\n<h2 class=\"wp-block-heading\">Guerlain Tobacco Honey \u2013 honigs\u00fc\u00dfes Herbstparfum mit Tabak und Gew\u00fcrzen<\/h2>\n\n\n\n<p>Teurer Tabak, K\u00fcchengew\u00fcrze, Waldhonig und zarte Vanilledesserts. Eine dichte Komposition, die s\u00fc\u00df und w\u00fcrzig zugleich wirkt, einh\u00fcllt wie goldener Herbstnebel.<br>\ud83d\udc49<a href=\"https:\/\/nischenduft.ch\/startseite\/311-guerlain-tobacco-honey-duftprobe.html#\/26-ml-2\" target=\"_blank\" rel=\"noreferrer noopener\">Guerlain Tobacco Honey<\/a> als Probe \u2013 Tabak, Honig und Vanille in goldenem Herbstlicht<\/p>\n\n\n\n<h2 class=\"wp-block-heading\">Initio Side Effect &#8211; herbstlicher Duft mit Rum, Zimt und Vanille<\/h2>\n\n\n\n<p>Rum in Kristallgl\u00e4sern, Tabak, warme Vanille und Zimt. Ein Duft, der Geborgenheit schenkt \u2013 intensiv, berauschend, sinnlich. Ein perfektes <strong>Herbstparfum<\/strong> f\u00fcr Abende am Kamin.<br>\ud83d\udc49<a href=\"https:\/\/nischenduft.ch\/startseite\/53-initio-parfums-prives-side-effect.html#\/26-ml-2\" target=\"_blank\" rel=\"noreferrer noopener\">Initio Side Effect <\/a>ausprobieren \u2013 ein Glas Rum, Vanille und Kaminw\u00e4rme zum Mitnehmen<\/p>\n\n\n\n<h2 class=\"wp-block-heading\">Oud Maracuja \u2013 exotischer Nischenduft f\u00fcr den Herbst mit Leder und Maracuja<\/h2>\n\n\n\n<p>Tropische Maracuja, reif und saftig, gebettet in dunkles Holz und Leder. Eine exotische Note, die sich in orientalische Tiefe senkt. Unerwartet, sinnlich und von einer fast geheimnisvollen Intensit\u00e4t.<br>\ud83d\udc49<a href=\"https:\/\/nischenduft.ch\/startseite\/74-maison-crivelli-oud-maracuja.html#\/26-ml-2\" target=\"_blank\" rel=\"noreferrer noopener\">Oud Maracuja<\/a> erleben \u2013 exotische Maracuja trifft dunkles Leder, als Duftprobe bei Nischenduft.ch<\/p>\n\n\n\n<hr class=\"wp-block-separator has-alpha-channel-opacity\"\/>\n\n\n\n<p>Herbstd\u00fcfte entfalten eine St\u00e4rke, die man nicht \u00fcberh\u00f6ren kann. Sie geben dem Alltag Farbe, bringen W\u00e4rme in graue Stunden und lassen Momente entstehen, die lange nachhallen.<\/p>\n\n\n\n<blockquote class=\"wp-block-quote is-layout-flow wp-block-quote-is-layout-flow\">\n<p>\ud83d\udc49 Ein weiterer Duft mit herbstlicher Tiefe ist <a href=\"https:\/\/nischenduft.ch\/blog\/parfuem-bewertungen-echte-erfahrungen-zu-exklusiven-dueften\/il-padrino-duftprobe-kaufen-sospiro-nischenduft-parfum-abfuellung-nischenduft-ch\/\" target=\"_blank\" rel=\"noreferrer noopener\">Il Padrino von Sospiro \u2013 Macht, Eleganz und Duftkunst<\/a>, den Ich ausf\u00fchrlich beschrieben und bewertet habe.<\/p>\n<\/blockquote>\n\n\n\n<p>\ud83d\udc49 Entdecke alle genannten Parfumproben jetzt bei <a href=\"https:\/\/nischenduft.ch\/\" target=\"_blank\" rel=\"noreferrer noopener\">Nischenduft.ch<\/a> und finde deinen pers\u00f6nlichen Herbstbegleiter.<\/p>\n\n\n\n<p><\/p>\n","protected":false},"excerpt":{"rendered":"<p>In diesem Artikel stelle Ich dir die 10 besten Herbstparfums 2025 vor \u2013 luxuri\u00f6se Nischend\u00fcfte von Amouage, Kilian, Xerjoff &amp; mehr, die perfekt zur goldenen Jahreszeit passen. Die ersten k\u00fchlen Abende sind da, die Bl\u00e4tter f\u00e4rben sich in warme T\u00f6ne und die Luft tr\u00e4gt diesen unverkennbaren Hauch von Melancholie. Jetzt kommt die Zeit f\u00fcr dein&#8230;<\/p>\n","protected":false},"author":1,"featured_media":533,"comment_status":"open","ping_status":"open","sticky":false,"template":"","format":"standard","meta":{"_kad_post_transparent":"","_kad_post_title":"","_kad_post_layout":"","_kad_post_sidebar_id":"","_kad_post_content_style":"","_kad_post_vertical_padding":"","_kad_post_feature":"","_kad_post_feature_position":"","_kad_post_header":false,"_kad_post_footer":false,"footnotes":""},"categories":[58],"tags":[48,401,399,400,398,403,56,131,133,402,141],"class_list":["post-527","post","type-post","status-publish","format-standard","has-post-thumbnail","hentry","category-season-hits","tag-duftprobe-kaufen-nischenduefte-in-praktischer-groesse-testen","tag-gourmand-herbstparfum","tag-herbstduefte-unisex","tag-herbstliche-nischenduefte","tag-herbstparfum","tag-luxurioese-herbstduefte","tag-nischenduefte","tag-parfuem-abfuellung","tag-parfum-decant","tag-parfumproben-fuer-den-herbst","tag-parfuemproben-schweiz"],"yoast_head":"<!-- This site is optimized with the Yoast SEO plugin v23.6 - https:\/\/yoast.com\/wordpress\/plugins\/seo\/ -->\n<title>Herbstparfum \u2013 edle Nischenduftproben f\u00fcr die goldene Jahreszeit<\/title>\n<meta name=\"description\" content=\"Herbstparfum entdecken: warme, w\u00fcrzige und sinnliche Nischend\u00fcfte. Jetzt als parfum abf\u00fcllung bei Nischenduft.ch bestellen.\" \/>\n<meta name=\"robots\" content=\"index, follow, max-snippet:-1, max-image-preview:large, max-video-preview:-1\" \/>\n<link rel=\"canonical\" href=\"https:\/\/nischenduft.ch\/blog\/season-hits\/herbstparfum-10-nischenduefte-die-die-goldene-jahreszeit-begleiten\/\" \/>\n<meta property=\"og:locale\" content=\"de_DE\" \/>\n<meta property=\"og:type\" content=\"article\" \/>\n<meta property=\"og:title\" content=\"Herbstparfum \u2013 edle Nischenduftproben f\u00fcr die goldene Jahreszeit\" \/>\n<meta property=\"og:description\" content=\"Herbstparfum entdecken: warme, w\u00fcrzige und sinnliche Nischend\u00fcfte. Jetzt als parfum abf\u00fcllung bei Nischenduft.ch bestellen.\" \/>\n<meta property=\"og:url\" content=\"https:\/\/nischenduft.ch\/blog\/season-hits\/herbstparfum-10-nischenduefte-die-die-goldene-jahreszeit-begleiten\/\" \/>\n<meta property=\"og:site_name\" content=\"Die Welt der Nischend\u00fcfte: Exklusive Duftkreationen und Duftgeschichten\" \/>\n<meta property=\"article:published_time\" content=\"2025-08-30T16:25:21+00:00\" \/>\n<meta property=\"article:modified_time\" content=\"2025-08-31T10:24:40+00:00\" \/>\n<meta property=\"og:image\" content=\"https:\/\/nischenduft.ch\/blog\/wp-content\/uploads\/2025\/08\/Perfume-Autumn-Leaves-1024x683.png\" \/>\n\t<meta property=\"og:image:width\" content=\"1024\" \/>\n\t<meta property=\"og:image:height\" content=\"683\" \/>\n\t<meta property=\"og:image:type\" content=\"image\/png\" \/>\n<meta name=\"author\" content=\"alina\" \/>\n<meta name=\"twitter:card\" content=\"summary_large_image\" \/>\n<meta name=\"twitter:label1\" content=\"Verfasst von\" \/>\n\t<meta name=\"twitter:data1\" content=\"alina\" \/>\n\t<meta name=\"twitter:label2\" content=\"Gesch\u00e4tzte Lesezeit\" \/>\n\t<meta name=\"twitter:data2\" content=\"5\u00a0Minuten\" \/>\n<script type=\"application\/ld+json\" class=\"yoast-schema-graph\">{\"@context\":\"https:\/\/schema.org\",\"@graph\":[{\"@type\":\"Article\",\"@id\":\"https:\/\/nischenduft.ch\/blog\/season-hits\/herbstparfum-10-nischenduefte-die-die-goldene-jahreszeit-begleiten\/#article\",\"isPartOf\":{\"@id\":\"https:\/\/nischenduft.ch\/blog\/season-hits\/herbstparfum-10-nischenduefte-die-die-goldene-jahreszeit-begleiten\/\"},\"author\":{\"name\":\"alina\",\"@id\":\"https:\/\/nischenduft.ch\/blog\/#\/schema\/person\/7b7800cc92a338df0412cefcf5a97a25\"},\"headline\":\"\ud83c\udf42 Herbstparfum \u2013 10 Nischend\u00fcfte, die die goldene Jahreszeit begleiten\",\"datePublished\":\"2025-08-30T16:25:21+00:00\",\"dateModified\":\"2025-08-31T10:24:40+00:00\",\"mainEntityOfPage\":{\"@id\":\"https:\/\/nischenduft.ch\/blog\/season-hits\/herbstparfum-10-nischenduefte-die-die-goldene-jahreszeit-begleiten\/\"},\"wordCount\":799,\"commentCount\":0,\"publisher\":{\"@id\":\"https:\/\/nischenduft.ch\/blog\/#organization\"},\"image\":{\"@id\":\"https:\/\/nischenduft.ch\/blog\/season-hits\/herbstparfum-10-nischenduefte-die-die-goldene-jahreszeit-begleiten\/#primaryimage\"},\"thumbnailUrl\":\"https:\/\/nischenduft.ch\/blog\/wp-content\/uploads\/2025\/08\/Perfume-Autumn-Leaves.png\",\"keywords\":[\"Duftprobe\",\"Gourmand Herbstparfum\",\"Herbstd\u00fcfte Unisex\",\"herbstliche Nischend\u00fcfte\",\"Herbstparfum\",\"luxuri\u00f6se Herbstd\u00fcfte\",\"nischend\u00fcfte\",\"Parf\u00fcm Abf\u00fcllung\",\"Parfum Decant\",\"Parfumproben f\u00fcr den Herbst\",\"Parf\u00fcmproben Schweiz\"],\"articleSection\":[\"Season Hits\"],\"inLanguage\":\"de\",\"potentialAction\":[{\"@type\":\"CommentAction\",\"name\":\"Comment\",\"target\":[\"https:\/\/nischenduft.ch\/blog\/season-hits\/herbstparfum-10-nischenduefte-die-die-goldene-jahreszeit-begleiten\/#respond\"]}]},{\"@type\":\"WebPage\",\"@id\":\"https:\/\/nischenduft.ch\/blog\/season-hits\/herbstparfum-10-nischenduefte-die-die-goldene-jahreszeit-begleiten\/\",\"url\":\"https:\/\/nischenduft.ch\/blog\/season-hits\/herbstparfum-10-nischenduefte-die-die-goldene-jahreszeit-begleiten\/\",\"name\":\"Herbstparfum \u2013 edle Nischenduftproben f\u00fcr die goldene Jahreszeit\",\"isPartOf\":{\"@id\":\"https:\/\/nischenduft.ch\/blog\/#website\"},\"primaryImageOfPage\":{\"@id\":\"https:\/\/nischenduft.ch\/blog\/season-hits\/herbstparfum-10-nischenduefte-die-die-goldene-jahreszeit-begleiten\/#primaryimage\"},\"image\":{\"@id\":\"https:\/\/nischenduft.ch\/blog\/season-hits\/herbstparfum-10-nischenduefte-die-die-goldene-jahreszeit-begleiten\/#primaryimage\"},\"thumbnailUrl\":\"https:\/\/nischenduft.ch\/blog\/wp-content\/uploads\/2025\/08\/Perfume-Autumn-Leaves.png\",\"datePublished\":\"2025-08-30T16:25:21+00:00\",\"dateModified\":\"2025-08-31T10:24:40+00:00\",\"description\":\"Herbstparfum entdecken: warme, w\u00fcrzige und sinnliche Nischend\u00fcfte. Jetzt als parfum abf\u00fcllung bei Nischenduft.ch bestellen.\",\"breadcrumb\":{\"@id\":\"https:\/\/nischenduft.ch\/blog\/season-hits\/herbstparfum-10-nischenduefte-die-die-goldene-jahreszeit-begleiten\/#breadcrumb\"},\"inLanguage\":\"de\",\"potentialAction\":[{\"@type\":\"ReadAction\",\"target\":[\"https:\/\/nischenduft.ch\/blog\/season-hits\/herbstparfum-10-nischenduefte-die-die-goldene-jahreszeit-begleiten\/\"]}]},{\"@type\":\"ImageObject\",\"inLanguage\":\"de\",\"@id\":\"https:\/\/nischenduft.ch\/blog\/season-hits\/herbstparfum-10-nischenduefte-die-die-goldene-jahreszeit-begleiten\/#primaryimage\",\"url\":\"https:\/\/nischenduft.ch\/blog\/wp-content\/uploads\/2025\/08\/Perfume-Autumn-Leaves.png\",\"contentUrl\":\"https:\/\/nischenduft.ch\/blog\/wp-content\/uploads\/2025\/08\/Perfume-Autumn-Leaves.png\",\"width\":1536,\"height\":1024,\"caption\":\"Ein eleganter Parfumflakon im goldenen Herbstlicht \u2013 w\u00e4rmende D\u00fcfte f\u00fcr die neue Saison. Jetzt als Probe bei Nischenduft.ch entdecken.\"},{\"@type\":\"BreadcrumbList\",\"@id\":\"https:\/\/nischenduft.ch\/blog\/season-hits\/herbstparfum-10-nischenduefte-die-die-goldene-jahreszeit-begleiten\/#breadcrumb\",\"itemListElement\":[{\"@type\":\"ListItem\",\"position\":1,\"name\":\"Startseite\",\"item\":\"https:\/\/nischenduft.ch\/blog\/\"},{\"@type\":\"ListItem\",\"position\":2,\"name\":\"\ud83c\udf42 Herbstparfum \u2013 10 Nischend\u00fcfte, die die goldene Jahreszeit begleiten\"}]},{\"@type\":\"WebSite\",\"@id\":\"https:\/\/nischenduft.ch\/blog\/#website\",\"url\":\"https:\/\/nischenduft.ch\/blog\/\",\"name\":\"Die Welt der Nischend\u00fcfte: Exklusive Duftkreationen und Duftgeschichten\",\"description\":\"\",\"publisher\":{\"@id\":\"https:\/\/nischenduft.ch\/blog\/#organization\"},\"potentialAction\":[{\"@type\":\"SearchAction\",\"target\":{\"@type\":\"EntryPoint\",\"urlTemplate\":\"https:\/\/nischenduft.ch\/blog\/?s={search_term_string}\"},\"query-input\":{\"@type\":\"PropertyValueSpecification\",\"valueRequired\":true,\"valueName\":\"search_term_string\"}}],\"inLanguage\":\"de\"},{\"@type\":\"Organization\",\"@id\":\"https:\/\/nischenduft.ch\/blog\/#organization\",\"name\":\"Die Welt der Nischend\u00fcfte: Exklusive Duftkreationen und Duftgeschichten\",\"url\":\"https:\/\/nischenduft.ch\/blog\/\",\"logo\":{\"@type\":\"ImageObject\",\"inLanguage\":\"de\",\"@id\":\"https:\/\/nischenduft.ch\/blog\/#\/schema\/logo\/image\/\",\"url\":\"https:\/\/nischenduft.ch\/blog\/wp-content\/uploads\/2024\/10\/cropped-nischenduft_logo.jpg\",\"contentUrl\":\"https:\/\/nischenduft.ch\/blog\/wp-content\/uploads\/2024\/10\/cropped-nischenduft_logo.jpg\",\"width\":528,\"height\":491,\"caption\":\"Die Welt der Nischend\u00fcfte: Exklusive Duftkreationen und Duftgeschichten\"},\"image\":{\"@id\":\"https:\/\/nischenduft.ch\/blog\/#\/schema\/logo\/image\/\"}},{\"@type\":\"Person\",\"@id\":\"https:\/\/nischenduft.ch\/blog\/#\/schema\/person\/7b7800cc92a338df0412cefcf5a97a25\",\"name\":\"alina\",\"image\":{\"@type\":\"ImageObject\",\"inLanguage\":\"de\",\"@id\":\"https:\/\/nischenduft.ch\/blog\/#\/schema\/person\/image\/\",\"url\":\"https:\/\/secure.gravatar.com\/avatar\/be209b8c6c907c7741779cc8c0430dee?s=96&d=mm&r=g\",\"contentUrl\":\"https:\/\/secure.gravatar.com\/avatar\/be209b8c6c907c7741779cc8c0430dee?s=96&d=mm&r=g\",\"caption\":\"alina\"},\"sameAs\":[\"https:\/\/nischenduft.ch\/blog\"],\"url\":\"https:\/\/nischenduft.ch\/blog\/author\/alina\/\"}]}<\/script>\n<!-- \/ Yoast SEO plugin. -->","yoast_head_json":{"title":"Herbstparfum \u2013 edle Nischenduftproben f\u00fcr die goldene Jahreszeit","description":"Herbstparfum entdecken: warme, w\u00fcrzige und sinnliche Nischend\u00fcfte. Jetzt als parfum abf\u00fcllung bei Nischenduft.ch bestellen.","robots":{"index":"index","follow":"follow","max-snippet":"max-snippet:-1","max-image-preview":"max-image-preview:large","max-video-preview":"max-video-preview:-1"},"canonical":"https:\/\/nischenduft.ch\/blog\/season-hits\/herbstparfum-10-nischenduefte-die-die-goldene-jahreszeit-begleiten\/","og_locale":"de_DE","og_type":"article","og_title":"Herbstparfum \u2013 edle Nischenduftproben f\u00fcr die goldene Jahreszeit","og_description":"Herbstparfum entdecken: warme, w\u00fcrzige und sinnliche Nischend\u00fcfte. Jetzt als parfum abf\u00fcllung bei Nischenduft.ch bestellen.","og_url":"https:\/\/nischenduft.ch\/blog\/season-hits\/herbstparfum-10-nischenduefte-die-die-goldene-jahreszeit-begleiten\/","og_site_name":"Die Welt der Nischend\u00fcfte: Exklusive Duftkreationen und Duftgeschichten","article_published_time":"2025-08-30T16:25:21+00:00","article_modified_time":"2025-08-31T10:24:40+00:00","og_image":[{"width":1024,"height":683,"url":"https:\/\/nischenduft.ch\/blog\/wp-content\/uploads\/2025\/08\/Perfume-Autumn-Leaves-1024x683.png","type":"image\/png"}],"author":"alina","twitter_card":"summary_large_image","twitter_misc":{"Verfasst von":"alina","Gesch\u00e4tzte Lesezeit":"5\u00a0Minuten"},"schema":{"@context":"https:\/\/schema.org","@graph":[{"@type":"Article","@id":"https:\/\/nischenduft.ch\/blog\/season-hits\/herbstparfum-10-nischenduefte-die-die-goldene-jahreszeit-begleiten\/#article","isPartOf":{"@id":"https:\/\/nischenduft.ch\/blog\/season-hits\/herbstparfum-10-nischenduefte-die-die-goldene-jahreszeit-begleiten\/"},"author":{"name":"alina","@id":"https:\/\/nischenduft.ch\/blog\/#\/schema\/person\/7b7800cc92a338df0412cefcf5a97a25"},"headline":"\ud83c\udf42 Herbstparfum \u2013 10 Nischend\u00fcfte, die die goldene Jahreszeit begleiten","datePublished":"2025-08-30T16:25:21+00:00","dateModified":"2025-08-31T10:24:40+00:00","mainEntityOfPage":{"@id":"https:\/\/nischenduft.ch\/blog\/season-hits\/herbstparfum-10-nischenduefte-die-die-goldene-jahreszeit-begleiten\/"},"wordCount":799,"commentCount":0,"publisher":{"@id":"https:\/\/nischenduft.ch\/blog\/#organization"},"image":{"@id":"https:\/\/nischenduft.ch\/blog\/season-hits\/herbstparfum-10-nischenduefte-die-die-goldene-jahreszeit-begleiten\/#primaryimage"},"thumbnailUrl":"https:\/\/nischenduft.ch\/blog\/wp-content\/uploads\/2025\/08\/Perfume-Autumn-Leaves.png","keywords":["Duftprobe","Gourmand Herbstparfum","Herbstd\u00fcfte Unisex","herbstliche Nischend\u00fcfte","Herbstparfum","luxuri\u00f6se Herbstd\u00fcfte","nischend\u00fcfte","Parf\u00fcm Abf\u00fcllung","Parfum Decant","Parfumproben f\u00fcr den Herbst","Parf\u00fcmproben Schweiz"],"articleSection":["Season Hits"],"inLanguage":"de","potentialAction":[{"@type":"CommentAction","name":"Comment","target":["https:\/\/nischenduft.ch\/blog\/season-hits\/herbstparfum-10-nischenduefte-die-die-goldene-jahreszeit-begleiten\/#respond"]}]},{"@type":"WebPage","@id":"https:\/\/nischenduft.ch\/blog\/season-hits\/herbstparfum-10-nischenduefte-die-die-goldene-jahreszeit-begleiten\/","url":"https:\/\/nischenduft.ch\/blog\/season-hits\/herbstparfum-10-nischenduefte-die-die-goldene-jahreszeit-begleiten\/","name":"Herbstparfum \u2013 edle Nischenduftproben f\u00fcr die goldene Jahreszeit","isPartOf":{"@id":"https:\/\/nischenduft.ch\/blog\/#website"},"primaryImageOfPage":{"@id":"https:\/\/nischenduft.ch\/blog\/season-hits\/herbstparfum-10-nischenduefte-die-die-goldene-jahreszeit-begleiten\/#primaryimage"},"image":{"@id":"https:\/\/nischenduft.ch\/blog\/season-hits\/herbstparfum-10-nischenduefte-die-die-goldene-jahreszeit-begleiten\/#primaryimage"},"thumbnailUrl":"https:\/\/nischenduft.ch\/blog\/wp-content\/uploads\/2025\/08\/Perfume-Autumn-Leaves.png","datePublished":"2025-08-30T16:25:21+00:00","dateModified":"2025-08-31T10:24:40+00:00","description":"Herbstparfum entdecken: warme, w\u00fcrzige und sinnliche Nischend\u00fcfte. Jetzt als parfum abf\u00fcllung bei Nischenduft.ch bestellen.","breadcrumb":{"@id":"https:\/\/nischenduft.ch\/blog\/season-hits\/herbstparfum-10-nischenduefte-die-die-goldene-jahreszeit-begleiten\/#breadcrumb"},"inLanguage":"de","potentialAction":[{"@type":"ReadAction","target":["https:\/\/nischenduft.ch\/blog\/season-hits\/herbstparfum-10-nischenduefte-die-die-goldene-jahreszeit-begleiten\/"]}]},{"@type":"ImageObject","inLanguage":"de","@id":"https:\/\/nischenduft.ch\/blog\/season-hits\/herbstparfum-10-nischenduefte-die-die-goldene-jahreszeit-begleiten\/#primaryimage","url":"https:\/\/nischenduft.ch\/blog\/wp-content\/uploads\/2025\/08\/Perfume-Autumn-Leaves.png","contentUrl":"https:\/\/nischenduft.ch\/blog\/wp-content\/uploads\/2025\/08\/Perfume-Autumn-Leaves.png","width":1536,"height":1024,"caption":"Ein eleganter Parfumflakon im goldenen Herbstlicht \u2013 w\u00e4rmende D\u00fcfte f\u00fcr die neue Saison. Jetzt als Probe bei Nischenduft.ch entdecken."},{"@type":"BreadcrumbList","@id":"https:\/\/nischenduft.ch\/blog\/season-hits\/herbstparfum-10-nischenduefte-die-die-goldene-jahreszeit-begleiten\/#breadcrumb","itemListElement":[{"@type":"ListItem","position":1,"name":"Startseite","item":"https:\/\/nischenduft.ch\/blog\/"},{"@type":"ListItem","position":2,"name":"\ud83c\udf42 Herbstparfum \u2013 10 Nischend\u00fcfte, die die goldene Jahreszeit begleiten"}]},{"@type":"WebSite","@id":"https:\/\/nischenduft.ch\/blog\/#website","url":"https:\/\/nischenduft.ch\/blog\/","name":"Die Welt der Nischend\u00fcfte: Exklusive Duftkreationen und Duftgeschichten","description":"","publisher":{"@id":"https:\/\/nischenduft.ch\/blog\/#organization"},"potentialAction":[{"@type":"SearchAction","target":{"@type":"EntryPoint","urlTemplate":"https:\/\/nischenduft.ch\/blog\/?s={search_term_string}"},"query-input":{"@type":"PropertyValueSpecification","valueRequired":true,"valueName":"search_term_string"}}],"inLanguage":"de"},{"@type":"Organization","@id":"https:\/\/nischenduft.ch\/blog\/#organization","name":"Die Welt der Nischend\u00fcfte: Exklusive Duftkreationen und Duftgeschichten","url":"https:\/\/nischenduft.ch\/blog\/","logo":{"@type":"ImageObject","inLanguage":"de","@id":"https:\/\/nischenduft.ch\/blog\/#\/schema\/logo\/image\/","url":"https:\/\/nischenduft.ch\/blog\/wp-content\/uploads\/2024\/10\/cropped-nischenduft_logo.jpg","contentUrl":"https:\/\/nischenduft.ch\/blog\/wp-content\/uploads\/2024\/10\/cropped-nischenduft_logo.jpg","width":528,"height":491,"caption":"Die Welt der Nischend\u00fcfte: Exklusive Duftkreationen und Duftgeschichten"},"image":{"@id":"https:\/\/nischenduft.ch\/blog\/#\/schema\/logo\/image\/"}},{"@type":"Person","@id":"https:\/\/nischenduft.ch\/blog\/#\/schema\/person\/7b7800cc92a338df0412cefcf5a97a25","name":"alina","image":{"@type":"ImageObject","inLanguage":"de","@id":"https:\/\/nischenduft.ch\/blog\/#\/schema\/person\/image\/","url":"https:\/\/secure.gravatar.com\/avatar\/be209b8c6c907c7741779cc8c0430dee?s=96&d=mm&r=g","contentUrl":"https:\/\/secure.gravatar.com\/avatar\/be209b8c6c907c7741779cc8c0430dee?s=96&d=mm&r=g","caption":"alina"},"sameAs":["https:\/\/nischenduft.ch\/blog"],"url":"https:\/\/nischenduft.ch\/blog\/author\/alina\/"}]}},"_links":{"self":[{"href":"https:\/\/nischenduft.ch\/blog\/wp-json\/wp\/v2\/posts\/527","targetHints":{"allow":["GET"]}}],"collection":[{"href":"https:\/\/nischenduft.ch\/blog\/wp-json\/wp\/v2\/posts"}],"about":[{"href":"https:\/\/nischenduft.ch\/blog\/wp-json\/wp\/v2\/types\/post"}],"author":[{"embeddable":true,"href":"https:\/\/nischenduft.ch\/blog\/wp-json\/wp\/v2\/users\/1"}],"replies":[{"embeddable":true,"href":"https:\/\/nischenduft.ch\/blog\/wp-json\/wp\/v2\/comments?post=527"}],"version-history":[{"count":9,"href":"https:\/\/nischenduft.ch\/blog\/wp-json\/wp\/v2\/posts\/527\/revisions"}],"predecessor-version":[{"id":544,"href":"https:\/\/nischenduft.ch\/blog\/wp-json\/wp\/v2\/posts\/527\/revisions\/544"}],"wp:featuredmedia":[{"embeddable":true,"href":"https:\/\/nischenduft.ch\/blog\/wp-json\/wp\/v2\/media\/533"}],"wp:attachment":[{"href":"https:\/\/nischenduft.ch\/blog\/wp-json\/wp\/v2\/media?parent=527"}],"wp:term":[{"taxonomy":"category","embeddable":true,"href":"https:\/\/nischenduft.ch\/blog\/wp-json\/wp\/v2\/categories?post=527"},{"taxonomy":"post_tag","embeddable":true,"href":"https:\/\/nischenduft.ch\/blog\/wp-json\/wp\/v2\/tags?post=527"}],"curies":[{"name":"wp","href":"https:\/\/api.w.org\/{rel}","templated":true}]}}