{"id":485,"date":"2025-07-01T12:11:30","date_gmt":"2025-07-01T10:11:30","guid":{"rendered":"https:\/\/nischenduft.ch\/blog\/?p=485"},"modified":"2025-07-03T14:03:42","modified_gmt":"2025-07-03T12:03:42","slug":"osmo-duft-taxonomie-ein-neues-duftsystem","status":"publish","type":"post","link":"https:\/\/nischenduft.ch\/blog\/parfum-abc\/osmo-duft-taxonomie-ein-neues-duftsystem\/","title":{"rendered":"Osmo Duft-Taxonomie: Ein universelles Vokabular f\u00fcr Ger\u00fcche und Aromen"},"content":{"rendered":"\n<p><em>Die Osmo Duft-Taxonomie<\/em> ist eine neue, offene und universelle Systematik zur Beschreibung von Ger\u00fcchen. Sie soll als gemeinsamer Nenner f\u00fcr Parf\u00fcmeure, Flavoristen, Weinkritiker und alle anderen dienen, die beruflich oder privat mit dem Geruchssinn arbeiten. In diesem Artikel erfahren Sie, warum die <em>Osmo System<\/em> so revolution\u00e4r ist, wie sie funktioniert und welche Vorteile sie f\u00fcr Fachleute und Duftliebhaber bietet.<\/p>\n\n\n\n<hr class=\"wp-block-separator has-alpha-channel-opacity\"\/>\n\n\n\n<h2 class=\"wp-block-heading\">\ud83d\udd0d <strong>Warum ein neues System n\u00f6tig iste neue Duft-Taxonomie?<\/strong><\/h2>\n\n\n\n<p>Bislang hatte jedes Unternehmen seine eigene Duftklassifikation. Die Unterschiede in Terminologie und Struktur f\u00fchrten oft zu Missverst\u00e4ndnissen \u2013 ein echtes Babylon der Aromen. Die <em>Osmo Duft-Taxonomie<\/em> bringt Ordnung in dieses Chaos, indem sie ein einheitliches, offenes System bietet, das f\u00fcr alle zug\u00e4nglich ist.<\/p>\n\n\n\n<hr class=\"wp-block-separator has-alpha-channel-opacity\"\/>\n\n\n\n<h2 class=\"wp-block-heading\">\ud83d\udcda <strong>Was ist die Osmo Duft-Taxonomie?<\/strong><\/h2>\n\n\n\n<p>Die Systematik von Osmo basiert auf vier zentralen Ebenen:<\/p>\n\n\n\n<ol class=\"wp-block-list\">\n<li><strong>Grandfamilies<\/strong>: 11 Hauptkategorien, z.\u202fB. <em>Woody, Mineral, Floral, Fruity, Industrial, Soulful.<\/em> Sie bilden das Ger\u00fcst der Wahrnehmung.<\/li>\n\n\n\n<li><strong>Subfamilies<\/strong>: Untergruppen innerhalb der Gro\u00dffamilien \u2013 z.\u202fB. <em>Cedarwoody<\/em> oder <em>Peachy<\/em> \u2013 die eine noch feinere Einteilung erlauben.<\/li>\n\n\n\n<li><strong>Descriptors<\/strong>: Beschreibende Begriffe wie <em>Appley, Buttery, Labdanumy<\/em> oder <em>Gassy<\/em>. Sie erm\u00f6glichen es, individuelle Duftfacetten sprachlich zu erfassen.<\/li>\n\n\n\n<li><strong>Textures &amp; Sensations<\/strong>: Keine Ger\u00fcche selbst, sondern deren taktile oder emotionale Wirkung \u2013 etwa <em>powdery, metallic, juicy, fizzy, smooth<\/em>.<\/li>\n<\/ol>\n\n\n\n<p>\ud83d\udd0e Wichtig: Alle Kategorien lassen sich flexibel kombinieren. Ein Duft kann sowohl <em>woody<\/em> als auch <em>buttery<\/em> und zugleich <em>warm\/rich<\/em> sein \u2013 je nach Kontext und subjektiver Wahrnehmung.<\/p>\n\n\n\n<figure class=\"wp-block-image size-full\"><img loading=\"lazy\" decoding=\"async\" width=\"612\" height=\"792\" src=\"https:\/\/nischenduft.ch\/blog\/wp-content\/uploads\/2025\/07\/osmo-scent-taxonomy.jpeg\" alt=\"Visualisierung der Osmo Duft-Taxonomie: Dieses Farbrad zeigt die zw\u00f6lf Duft-Gro\u00dffamilien (Grandfamilies) wie Woody, Floral, Fruity und Mineral mit ihren jeweiligen Untergruppen. Die Grafik verdeutlicht, wie Osmo eine strukturierte, aber flexible Klassifikation f\u00fcr Ger\u00fcche geschaffen hat.\" class=\"wp-image-486\" srcset=\"https:\/\/nischenduft.ch\/blog\/wp-content\/uploads\/2025\/07\/osmo-scent-taxonomy.jpeg 612w, https:\/\/nischenduft.ch\/blog\/wp-content\/uploads\/2025\/07\/osmo-scent-taxonomy-232x300.jpeg 232w\" sizes=\"auto, (max-width: 612px) 100vw, 612px\" \/><figcaption class=\"wp-element-caption\">Osmo\u2019s Duft Taxonomie visuell Rad<\/figcaption><\/figure>\n\n\n\n<hr class=\"wp-block-separator has-alpha-channel-opacity\"\/>\n\n\n\n<figure class=\"wp-block-image size-full\"><img loading=\"lazy\" decoding=\"async\" width=\"612\" height=\"792\" src=\"https:\/\/nischenduft.ch\/blog\/wp-content\/uploads\/2025\/07\/osmo-scent.jpeg\" alt=\"Diese Infografik stellt die Osmo Duft-Taxonomie in Form eines radialen Farbrads dar. Im Zentrum befindet sich die Einteilung in 11 Duft-Gro\u00dffamilien wie Animalic, Herbal, Woody, Soulful, Citrus, Floral, Fruity, Industrial, Mineral, Sweet\/Balsamic und Green. Jede dieser Grandfamilies ist in spezifische Subfamilies unterteilt \u2013 beispielsweise Lavendery im Bereich Herbal oder Cedarwoody im Bereich Woody. Die Darstellung hilft dabei, die komplexe Welt der D\u00fcfte zu systematisieren und zu visualisieren, und ist ein zentrales Element der offenen Osmo-Systematik zur Beschreibung von Aromen und Ger\u00fcchen.\" class=\"wp-image-488\" srcset=\"https:\/\/nischenduft.ch\/blog\/wp-content\/uploads\/2025\/07\/osmo-scent.jpeg 612w, https:\/\/nischenduft.ch\/blog\/wp-content\/uploads\/2025\/07\/osmo-scent-232x300.jpeg 232w\" sizes=\"auto, (max-width: 612px) 100vw, 612px\" \/><\/figure>\n\n\n\n<h2 class=\"wp-block-heading\">\ud83e\uddea <strong> Was macht Osmo anders als klassische Systeme?<\/strong><\/h2>\n\n\n\n<p>Im Gegensatz zu traditionellen Modellen (wie dem Duft-Rad von Michael Edwards) integriert die <em>Osmo Duft-Taxonomie<\/em> bislang vernachl\u00e4ssigte Kategorien wie:<\/p>\n\n\n\n<ul class=\"wp-block-list\">\n<li><strong>Mineralisch<\/strong> (feucht, metallisch, schwefelig)<\/li>\n\n\n\n<li><strong>Industriell<\/strong> (chemisch, plastisch, nach Chlor)<\/li>\n\n\n\n<li><strong>Soulful<\/strong> (st\u00e4rkemehlartig, fettig, mehlig)<\/li>\n<\/ul>\n\n\n\n<p>Das System bildet damit auch realit\u00e4tsnahe, alltagsnahe Eindr\u00fccke ab.<\/p>\n\n\n\n<hr class=\"wp-block-separator has-alpha-channel-opacity\"\/>\n\n\n\n<h2 class=\"wp-block-heading\">\ud83e\udd1d <strong>Ein gemeinsames Vokabular f\u00fcr alle<\/strong><\/h2>\n\n\n\n<p>Ob Parf\u00fcmeur, Sommelier oder Hobby-Nase \u2013 mit der <em>Osmo Duft-Taxonomie<\/em> k\u00f6nnen alle Beteiligten auf eine klare, gemeinsame Sprache zur\u00fcckgreifen. So lassen sich komplexe Ger\u00fcche nachvollziehbar, interdisziplin\u00e4r und kulturell sensibel beschreiben.<\/p>\n\n\n\n<blockquote class=\"wp-block-quote is-layout-flow wp-block-quote-is-layout-flow\">\n<p>Wer neugierig geworden ist und verschiedene Duftcharakteristika selbst erleben m\u00f6chte, findet eine kuratierte Auswahl an Nischend\u00fcften \u2013 sortiert nach Stimmung und Duftprofil \u2013 bei <a href=\"https:\/\/nischenduft.ch\/2-startseite\" target=\"_blank\" rel=\"noreferrer noopener\">nischenduft.ch<\/a>.<\/p>\n<\/blockquote>\n\n\n\n<hr class=\"wp-block-separator has-alpha-channel-opacity\"\/>\n\n\n\n<h2 class=\"wp-block-heading\">\ud83e\udd16 <strong>K\u00fcnstliche Intelligenz und die Zukunft der Duftanalyse<\/strong><\/h2>\n\n\n\n<p>Osmo nutzt die <em>Osmo Duft-Taxonomie<\/em> bereits zur Schulung <a href=\"https:\/\/www.osmo.ai\/\" target=\"_blank\" rel=\"noreferrer noopener\">seiner KI<\/a> (\u201eOlfactory Intelligence\u201c), die neue Molek\u00fcle und D\u00fcfte entwickelt. Damit ist der erste Schritt getan, um eine gemeinsame Sprache zwischen Mensch und Maschine im Bereich Duft zu etablieren.<\/p>\n\n\n\n<p>\ud83d\udc49Mehr dazu in meinem Artikel \u00fcber <a href=\"https:\/\/nischenduft.ch\/blog\/parfum-abc\/ki-in-der-nischenparfuemerie-wie-kuenstliche-intelligenz-unsere-duftwelt-veraendert\/\" target=\"_blank\" rel=\"noreferrer noopener\">KI in der Nischenparf\u00fcmerie: Wie k\u00fcnstliche Intelligenz unsere Duftwelt ver\u00e4ndert<\/a>.<\/p>\n\n\n\n<hr class=\"wp-block-separator has-alpha-channel-opacity\"\/>\n\n\n\n<h2 class=\"wp-block-heading\">\u2705 <strong>Fazit<\/strong><\/h2>\n\n\n\n<p>Die <em>Osmo Duft-Taxonomie<\/em> ist mehr als nur ein Klassifikationssystem \u2013 sie ist ein Meilenstein auf dem Weg zu einem universellen Geruchsvokabular. Offen, flexibel und kollaborativ: Dieses System hat das Potenzial, unsere Duftkommunikation grundlegend zu ver\u00e4ndern.<\/p>\n\n\n\n<p><\/p>\n","protected":false},"excerpt":{"rendered":"<p>Die Osmo Duft-Taxonomie ist eine neue, offene und universelle Systematik zur Beschreibung von Ger\u00fcchen. Sie soll als gemeinsamer Nenner f\u00fcr Parf\u00fcmeure, Flavoristen, Weinkritiker und alle anderen dienen, die beruflich oder privat mit dem Geruchssinn arbeiten. In diesem Artikel erfahren Sie, warum die Osmo System so revolution\u00e4r ist, wie sie funktioniert und welche Vorteile sie f\u00fcr&#8230;<\/p>\n","protected":false},"author":1,"featured_media":490,"comment_status":"open","ping_status":"open","sticky":false,"template":"","format":"standard","meta":{"_kad_post_transparent":"","_kad_post_title":"","_kad_post_layout":"","_kad_post_sidebar_id":"","_kad_post_content_style":"","_kad_post_vertical_padding":"","_kad_post_feature":"","_kad_post_feature_position":"","_kad_post_header":false,"_kad_post_footer":false,"footnotes":""},"categories":[5],"tags":[335,332,331,6,330,325,343,342,48,327,326,338,344,328,347,339,341,56,336,345,324,49,337,333,334,329,346],"class_list":["post-485","post","type-post","status-publish","format-standard","has-post-thumbnail","hentry","category-parfum-abc","tag-abfuellungen-schweiz-nischenparfums-flexibel-testen-und-entdecken","tag-aromaprofil-wie-duefte-wirken-und-was-sie-ueber-sich-verraten","tag-duftbeschreibung-wie-man-parfums-mit-worten-erlebbar-macht","tag-duftfamilien","tag-duftkategorisierung","tag-duftklassifikation","tag-duftklassifikation-fuer-parfuemeure-systematik-trifft-kreative-intuition","tag-duftnoten-vergleichen","tag-duftprobe-kaufen-nischenduefte-in-praktischer-groesse-testen","tag-duftstruktur","tag-duftsystem-osmo","tag-exklusive-duefte-testen-hochwertige-nischenparfums-vor-dem-kauf-erleben","tag-geruch-professionell-beschreiben","tag-geruchssystem","tag-ki-und-duftentwicklung-wie-kuenstliche-intelligenz-die-parfumkunst-veraendert","tag-mini-parfuems-bestellen-flexibel-testen-und-unterwegs-duften","tag-nischenduft-entdecken-einzigartige-parfums-fuer-individualisten","tag-nischenduefte","tag-nischenduefte-kaufen-exklusive-parfums-fuer-individuelle-ansprueche","tag-olfaktorisches-vokabular","tag-osmo-duft-taxonomie","tag-parfuem-abfuellungen","tag-parfuem-sample-kaufen-duftproben-exklusiver-nischenparfums-bei-nischenduft-ch","tag-parfuemklassifikation","tag-parfuemproben-bestellen-exklusive-duftproben-flexibel-online-kaufen","tag-scent-taxonomy","tag-wie-beschreibt-man-einen-duft"],"yoast_head":"<!-- This site is optimized with the Yoast SEO plugin v23.6 - https:\/\/yoast.com\/wordpress\/plugins\/seo\/ -->\n<title>Osmo Duft-Taxonomie: Ein neues Duftsystem<\/title>\n<meta name=\"description\" content=\"Die Osmo Duft-Taxonomie ist ein neues System zur Beschreibung von Ger\u00fcchen \u2013 ideal f\u00fcr Parf\u00fcmeure, Sommeliers und Duftliebhaber.\" \/>\n<meta name=\"robots\" content=\"index, follow, max-snippet:-1, max-image-preview:large, max-video-preview:-1\" \/>\n<link rel=\"canonical\" href=\"https:\/\/nischenduft.ch\/blog\/parfum-abc\/osmo-duft-taxonomie-ein-neues-duftsystem\/\" \/>\n<meta property=\"og:locale\" content=\"de_DE\" \/>\n<meta property=\"og:type\" content=\"article\" \/>\n<meta property=\"og:title\" content=\"Osmo Duft-Taxonomie: Ein neues Duftsystem\" \/>\n<meta property=\"og:description\" content=\"Die Osmo Duft-Taxonomie ist ein neues System zur Beschreibung von Ger\u00fcchen \u2013 ideal f\u00fcr Parf\u00fcmeure, Sommeliers und Duftliebhaber.\" \/>\n<meta property=\"og:url\" content=\"https:\/\/nischenduft.ch\/blog\/parfum-abc\/osmo-duft-taxonomie-ein-neues-duftsystem\/\" \/>\n<meta property=\"og:site_name\" content=\"Die Welt der Nischend\u00fcfte: Exklusive Duftkreationen und Duftgeschichten\" \/>\n<meta property=\"article:published_time\" content=\"2025-07-01T10:11:30+00:00\" \/>\n<meta property=\"article:modified_time\" content=\"2025-07-03T12:03:42+00:00\" \/>\n<meta property=\"og:image\" content=\"https:\/\/nischenduft.ch\/blog\/wp-content\/uploads\/2025\/07\/pexels-425004675-15300329-scaled.jpg\" \/>\n\t<meta property=\"og:image:width\" content=\"2560\" \/>\n\t<meta property=\"og:image:height\" content=\"1707\" \/>\n\t<meta property=\"og:image:type\" content=\"image\/jpeg\" \/>\n<meta name=\"author\" content=\"alina\" \/>\n<meta name=\"twitter:card\" content=\"summary_large_image\" \/>\n<meta name=\"twitter:label1\" content=\"Verfasst von\" \/>\n\t<meta name=\"twitter:data1\" content=\"alina\" \/>\n\t<meta name=\"twitter:label2\" content=\"Gesch\u00e4tzte Lesezeit\" \/>\n\t<meta name=\"twitter:data2\" content=\"3\u00a0Minuten\" \/>\n<script type=\"application\/ld+json\" class=\"yoast-schema-graph\">{\"@context\":\"https:\/\/schema.org\",\"@graph\":[{\"@type\":\"Article\",\"@id\":\"https:\/\/nischenduft.ch\/blog\/parfum-abc\/osmo-duft-taxonomie-ein-neues-duftsystem\/#article\",\"isPartOf\":{\"@id\":\"https:\/\/nischenduft.ch\/blog\/parfum-abc\/osmo-duft-taxonomie-ein-neues-duftsystem\/\"},\"author\":{\"name\":\"alina\",\"@id\":\"https:\/\/nischenduft.ch\/blog\/#\/schema\/person\/7b7800cc92a338df0412cefcf5a97a25\"},\"headline\":\"Osmo Duft-Taxonomie: Ein universelles Vokabular f\u00fcr Ger\u00fcche und Aromen\",\"datePublished\":\"2025-07-01T10:11:30+00:00\",\"dateModified\":\"2025-07-03T12:03:42+00:00\",\"mainEntityOfPage\":{\"@id\":\"https:\/\/nischenduft.ch\/blog\/parfum-abc\/osmo-duft-taxonomie-ein-neues-duftsystem\/\"},\"wordCount\":467,\"commentCount\":0,\"publisher\":{\"@id\":\"https:\/\/nischenduft.ch\/blog\/#organization\"},\"image\":{\"@id\":\"https:\/\/nischenduft.ch\/blog\/parfum-abc\/osmo-duft-taxonomie-ein-neues-duftsystem\/#primaryimage\"},\"thumbnailUrl\":\"https:\/\/nischenduft.ch\/blog\/wp-content\/uploads\/2025\/07\/pexels-425004675-15300329-scaled.jpg\",\"keywords\":[\"abf\u00fcllungen schweiz\",\"aromaprofil\",\"duftbeschreibung\",\"duftfamilien\",\"duftkategorisierung\",\"duftklassifikation\",\"duftklassifikation f\u00fcr parf\u00fcmeure\",\"duftnoten vergleichen\",\"Duftprobe\",\"duftstruktur\",\"duftsystem osmo\",\"exklusive d\u00fcfte testen\",\"geruch professionell beschreiben\",\"geruchssystem\",\"ki und duftentwicklung\",\"mini-parf\u00fcms bestellen\",\"nischenduft entdecken\",\"nischend\u00fcfte\",\"nischend\u00fcfte kaufen\",\"olfaktorisches vokabular\",\"osmo duft-taxonomie\",\"parf\u00fcm Abf\u00fcllungen\",\"parf\u00fcm sample kaufen\",\"parf\u00fcmklassifikation\",\"parf\u00fcmproben bestellen\",\"scent taxonomy\",\"wie beschreibt man einen duft\"],\"articleSection\":[\"Parf\u00fcm-ABC\"],\"inLanguage\":\"de\",\"potentialAction\":[{\"@type\":\"CommentAction\",\"name\":\"Comment\",\"target\":[\"https:\/\/nischenduft.ch\/blog\/parfum-abc\/osmo-duft-taxonomie-ein-neues-duftsystem\/#respond\"]}]},{\"@type\":\"WebPage\",\"@id\":\"https:\/\/nischenduft.ch\/blog\/parfum-abc\/osmo-duft-taxonomie-ein-neues-duftsystem\/\",\"url\":\"https:\/\/nischenduft.ch\/blog\/parfum-abc\/osmo-duft-taxonomie-ein-neues-duftsystem\/\",\"name\":\"Osmo Duft-Taxonomie: Ein neues Duftsystem\",\"isPartOf\":{\"@id\":\"https:\/\/nischenduft.ch\/blog\/#website\"},\"primaryImageOfPage\":{\"@id\":\"https:\/\/nischenduft.ch\/blog\/parfum-abc\/osmo-duft-taxonomie-ein-neues-duftsystem\/#primaryimage\"},\"image\":{\"@id\":\"https:\/\/nischenduft.ch\/blog\/parfum-abc\/osmo-duft-taxonomie-ein-neues-duftsystem\/#primaryimage\"},\"thumbnailUrl\":\"https:\/\/nischenduft.ch\/blog\/wp-content\/uploads\/2025\/07\/pexels-425004675-15300329-scaled.jpg\",\"datePublished\":\"2025-07-01T10:11:30+00:00\",\"dateModified\":\"2025-07-03T12:03:42+00:00\",\"description\":\"Die Osmo Duft-Taxonomie ist ein neues System zur Beschreibung von Ger\u00fcchen \u2013 ideal f\u00fcr Parf\u00fcmeure, Sommeliers und Duftliebhaber.\",\"breadcrumb\":{\"@id\":\"https:\/\/nischenduft.ch\/blog\/parfum-abc\/osmo-duft-taxonomie-ein-neues-duftsystem\/#breadcrumb\"},\"inLanguage\":\"de\",\"potentialAction\":[{\"@type\":\"ReadAction\",\"target\":[\"https:\/\/nischenduft.ch\/blog\/parfum-abc\/osmo-duft-taxonomie-ein-neues-duftsystem\/\"]}]},{\"@type\":\"ImageObject\",\"inLanguage\":\"de\",\"@id\":\"https:\/\/nischenduft.ch\/blog\/parfum-abc\/osmo-duft-taxonomie-ein-neues-duftsystem\/#primaryimage\",\"url\":\"https:\/\/nischenduft.ch\/blog\/wp-content\/uploads\/2025\/07\/pexels-425004675-15300329-scaled.jpg\",\"contentUrl\":\"https:\/\/nischenduft.ch\/blog\/wp-content\/uploads\/2025\/07\/pexels-425004675-15300329-scaled.jpg\",\"width\":2560,\"height\":1707,\"caption\":\"Duft trifft System: Auf dem Duftkreis der Osmo Duft-Taxonomie sind verschiedene Parf\u00fcmflaschen entsprechend ihrer Duftfamilien positioniert \u2013 eine visuelle Verbindung zwischen Theorie und olfaktorischer Praxis.Duft trifft System: Auf dem Duftkreis der Osmo Duft-Taxonomie sind verschiedene Parf\u00fcmflaschen entsprechend ihrer Duftfamilien positioniert \u2013 eine visuelle Verbindung zwischen Theorie und olfaktorischer Praxis.\"},{\"@type\":\"BreadcrumbList\",\"@id\":\"https:\/\/nischenduft.ch\/blog\/parfum-abc\/osmo-duft-taxonomie-ein-neues-duftsystem\/#breadcrumb\",\"itemListElement\":[{\"@type\":\"ListItem\",\"position\":1,\"name\":\"Startseite\",\"item\":\"https:\/\/nischenduft.ch\/blog\/\"},{\"@type\":\"ListItem\",\"position\":2,\"name\":\"Osmo Duft-Taxonomie: Ein universelles Vokabular f\u00fcr Ger\u00fcche und Aromen\"}]},{\"@type\":\"WebSite\",\"@id\":\"https:\/\/nischenduft.ch\/blog\/#website\",\"url\":\"https:\/\/nischenduft.ch\/blog\/\",\"name\":\"Die Welt der Nischend\u00fcfte: Exklusive Duftkreationen und Duftgeschichten\",\"description\":\"\",\"publisher\":{\"@id\":\"https:\/\/nischenduft.ch\/blog\/#organization\"},\"potentialAction\":[{\"@type\":\"SearchAction\",\"target\":{\"@type\":\"EntryPoint\",\"urlTemplate\":\"https:\/\/nischenduft.ch\/blog\/?s={search_term_string}\"},\"query-input\":{\"@type\":\"PropertyValueSpecification\",\"valueRequired\":true,\"valueName\":\"search_term_string\"}}],\"inLanguage\":\"de\"},{\"@type\":\"Organization\",\"@id\":\"https:\/\/nischenduft.ch\/blog\/#organization\",\"name\":\"Die Welt der Nischend\u00fcfte: Exklusive Duftkreationen und Duftgeschichten\",\"url\":\"https:\/\/nischenduft.ch\/blog\/\",\"logo\":{\"@type\":\"ImageObject\",\"inLanguage\":\"de\",\"@id\":\"https:\/\/nischenduft.ch\/blog\/#\/schema\/logo\/image\/\",\"url\":\"https:\/\/nischenduft.ch\/blog\/wp-content\/uploads\/2024\/10\/cropped-nischenduft_logo.jpg\",\"contentUrl\":\"https:\/\/nischenduft.ch\/blog\/wp-content\/uploads\/2024\/10\/cropped-nischenduft_logo.jpg\",\"width\":528,\"height\":491,\"caption\":\"Die Welt der Nischend\u00fcfte: Exklusive Duftkreationen und Duftgeschichten\"},\"image\":{\"@id\":\"https:\/\/nischenduft.ch\/blog\/#\/schema\/logo\/image\/\"}},{\"@type\":\"Person\",\"@id\":\"https:\/\/nischenduft.ch\/blog\/#\/schema\/person\/7b7800cc92a338df0412cefcf5a97a25\",\"name\":\"alina\",\"image\":{\"@type\":\"ImageObject\",\"inLanguage\":\"de\",\"@id\":\"https:\/\/nischenduft.ch\/blog\/#\/schema\/person\/image\/\",\"url\":\"https:\/\/secure.gravatar.com\/avatar\/be209b8c6c907c7741779cc8c0430dee?s=96&d=mm&r=g\",\"contentUrl\":\"https:\/\/secure.gravatar.com\/avatar\/be209b8c6c907c7741779cc8c0430dee?s=96&d=mm&r=g\",\"caption\":\"alina\"},\"sameAs\":[\"https:\/\/nischenduft.ch\/blog\"],\"url\":\"https:\/\/nischenduft.ch\/blog\/author\/alina\/\"}]}<\/script>\n<!-- \/ Yoast SEO plugin. -->","yoast_head_json":{"title":"Osmo Duft-Taxonomie: Ein neues Duftsystem","description":"Die Osmo Duft-Taxonomie ist ein neues System zur Beschreibung von Ger\u00fcchen \u2013 ideal f\u00fcr Parf\u00fcmeure, Sommeliers und Duftliebhaber.","robots":{"index":"index","follow":"follow","max-snippet":"max-snippet:-1","max-image-preview":"max-image-preview:large","max-video-preview":"max-video-preview:-1"},"canonical":"https:\/\/nischenduft.ch\/blog\/parfum-abc\/osmo-duft-taxonomie-ein-neues-duftsystem\/","og_locale":"de_DE","og_type":"article","og_title":"Osmo Duft-Taxonomie: Ein neues Duftsystem","og_description":"Die Osmo Duft-Taxonomie ist ein neues System zur Beschreibung von Ger\u00fcchen \u2013 ideal f\u00fcr Parf\u00fcmeure, Sommeliers und Duftliebhaber.","og_url":"https:\/\/nischenduft.ch\/blog\/parfum-abc\/osmo-duft-taxonomie-ein-neues-duftsystem\/","og_site_name":"Die Welt der Nischend\u00fcfte: Exklusive Duftkreationen und Duftgeschichten","article_published_time":"2025-07-01T10:11:30+00:00","article_modified_time":"2025-07-03T12:03:42+00:00","og_image":[{"width":2560,"height":1707,"url":"https:\/\/nischenduft.ch\/blog\/wp-content\/uploads\/2025\/07\/pexels-425004675-15300329-scaled.jpg","type":"image\/jpeg"}],"author":"alina","twitter_card":"summary_large_image","twitter_misc":{"Verfasst von":"alina","Gesch\u00e4tzte Lesezeit":"3\u00a0Minuten"},"schema":{"@context":"https:\/\/schema.org","@graph":[{"@type":"Article","@id":"https:\/\/nischenduft.ch\/blog\/parfum-abc\/osmo-duft-taxonomie-ein-neues-duftsystem\/#article","isPartOf":{"@id":"https:\/\/nischenduft.ch\/blog\/parfum-abc\/osmo-duft-taxonomie-ein-neues-duftsystem\/"},"author":{"name":"alina","@id":"https:\/\/nischenduft.ch\/blog\/#\/schema\/person\/7b7800cc92a338df0412cefcf5a97a25"},"headline":"Osmo Duft-Taxonomie: Ein universelles Vokabular f\u00fcr Ger\u00fcche und Aromen","datePublished":"2025-07-01T10:11:30+00:00","dateModified":"2025-07-03T12:03:42+00:00","mainEntityOfPage":{"@id":"https:\/\/nischenduft.ch\/blog\/parfum-abc\/osmo-duft-taxonomie-ein-neues-duftsystem\/"},"wordCount":467,"commentCount":0,"publisher":{"@id":"https:\/\/nischenduft.ch\/blog\/#organization"},"image":{"@id":"https:\/\/nischenduft.ch\/blog\/parfum-abc\/osmo-duft-taxonomie-ein-neues-duftsystem\/#primaryimage"},"thumbnailUrl":"https:\/\/nischenduft.ch\/blog\/wp-content\/uploads\/2025\/07\/pexels-425004675-15300329-scaled.jpg","keywords":["abf\u00fcllungen schweiz","aromaprofil","duftbeschreibung","duftfamilien","duftkategorisierung","duftklassifikation","duftklassifikation f\u00fcr parf\u00fcmeure","duftnoten vergleichen","Duftprobe","duftstruktur","duftsystem osmo","exklusive d\u00fcfte testen","geruch professionell beschreiben","geruchssystem","ki und duftentwicklung","mini-parf\u00fcms bestellen","nischenduft entdecken","nischend\u00fcfte","nischend\u00fcfte kaufen","olfaktorisches vokabular","osmo duft-taxonomie","parf\u00fcm Abf\u00fcllungen","parf\u00fcm sample kaufen","parf\u00fcmklassifikation","parf\u00fcmproben bestellen","scent taxonomy","wie beschreibt man einen duft"],"articleSection":["Parf\u00fcm-ABC"],"inLanguage":"de","potentialAction":[{"@type":"CommentAction","name":"Comment","target":["https:\/\/nischenduft.ch\/blog\/parfum-abc\/osmo-duft-taxonomie-ein-neues-duftsystem\/#respond"]}]},{"@type":"WebPage","@id":"https:\/\/nischenduft.ch\/blog\/parfum-abc\/osmo-duft-taxonomie-ein-neues-duftsystem\/","url":"https:\/\/nischenduft.ch\/blog\/parfum-abc\/osmo-duft-taxonomie-ein-neues-duftsystem\/","name":"Osmo Duft-Taxonomie: Ein neues Duftsystem","isPartOf":{"@id":"https:\/\/nischenduft.ch\/blog\/#website"},"primaryImageOfPage":{"@id":"https:\/\/nischenduft.ch\/blog\/parfum-abc\/osmo-duft-taxonomie-ein-neues-duftsystem\/#primaryimage"},"image":{"@id":"https:\/\/nischenduft.ch\/blog\/parfum-abc\/osmo-duft-taxonomie-ein-neues-duftsystem\/#primaryimage"},"thumbnailUrl":"https:\/\/nischenduft.ch\/blog\/wp-content\/uploads\/2025\/07\/pexels-425004675-15300329-scaled.jpg","datePublished":"2025-07-01T10:11:30+00:00","dateModified":"2025-07-03T12:03:42+00:00","description":"Die Osmo Duft-Taxonomie ist ein neues System zur Beschreibung von Ger\u00fcchen \u2013 ideal f\u00fcr Parf\u00fcmeure, Sommeliers und Duftliebhaber.","breadcrumb":{"@id":"https:\/\/nischenduft.ch\/blog\/parfum-abc\/osmo-duft-taxonomie-ein-neues-duftsystem\/#breadcrumb"},"inLanguage":"de","potentialAction":[{"@type":"ReadAction","target":["https:\/\/nischenduft.ch\/blog\/parfum-abc\/osmo-duft-taxonomie-ein-neues-duftsystem\/"]}]},{"@type":"ImageObject","inLanguage":"de","@id":"https:\/\/nischenduft.ch\/blog\/parfum-abc\/osmo-duft-taxonomie-ein-neues-duftsystem\/#primaryimage","url":"https:\/\/nischenduft.ch\/blog\/wp-content\/uploads\/2025\/07\/pexels-425004675-15300329-scaled.jpg","contentUrl":"https:\/\/nischenduft.ch\/blog\/wp-content\/uploads\/2025\/07\/pexels-425004675-15300329-scaled.jpg","width":2560,"height":1707,"caption":"Duft trifft System: Auf dem Duftkreis der Osmo Duft-Taxonomie sind verschiedene Parf\u00fcmflaschen entsprechend ihrer Duftfamilien positioniert \u2013 eine visuelle Verbindung zwischen Theorie und olfaktorischer Praxis.Duft trifft System: Auf dem Duftkreis der Osmo Duft-Taxonomie sind verschiedene Parf\u00fcmflaschen entsprechend ihrer Duftfamilien positioniert \u2013 eine visuelle Verbindung zwischen Theorie und olfaktorischer Praxis."},{"@type":"BreadcrumbList","@id":"https:\/\/nischenduft.ch\/blog\/parfum-abc\/osmo-duft-taxonomie-ein-neues-duftsystem\/#breadcrumb","itemListElement":[{"@type":"ListItem","position":1,"name":"Startseite","item":"https:\/\/nischenduft.ch\/blog\/"},{"@type":"ListItem","position":2,"name":"Osmo Duft-Taxonomie: Ein universelles Vokabular f\u00fcr Ger\u00fcche und Aromen"}]},{"@type":"WebSite","@id":"https:\/\/nischenduft.ch\/blog\/#website","url":"https:\/\/nischenduft.ch\/blog\/","name":"Die Welt der Nischend\u00fcfte: Exklusive Duftkreationen und Duftgeschichten","description":"","publisher":{"@id":"https:\/\/nischenduft.ch\/blog\/#organization"},"potentialAction":[{"@type":"SearchAction","target":{"@type":"EntryPoint","urlTemplate":"https:\/\/nischenduft.ch\/blog\/?s={search_term_string}"},"query-input":{"@type":"PropertyValueSpecification","valueRequired":true,"valueName":"search_term_string"}}],"inLanguage":"de"},{"@type":"Organization","@id":"https:\/\/nischenduft.ch\/blog\/#organization","name":"Die Welt der Nischend\u00fcfte: Exklusive Duftkreationen und Duftgeschichten","url":"https:\/\/nischenduft.ch\/blog\/","logo":{"@type":"ImageObject","inLanguage":"de","@id":"https:\/\/nischenduft.ch\/blog\/#\/schema\/logo\/image\/","url":"https:\/\/nischenduft.ch\/blog\/wp-content\/uploads\/2024\/10\/cropped-nischenduft_logo.jpg","contentUrl":"https:\/\/nischenduft.ch\/blog\/wp-content\/uploads\/2024\/10\/cropped-nischenduft_logo.jpg","width":528,"height":491,"caption":"Die Welt der Nischend\u00fcfte: Exklusive Duftkreationen und Duftgeschichten"},"image":{"@id":"https:\/\/nischenduft.ch\/blog\/#\/schema\/logo\/image\/"}},{"@type":"Person","@id":"https:\/\/nischenduft.ch\/blog\/#\/schema\/person\/7b7800cc92a338df0412cefcf5a97a25","name":"alina","image":{"@type":"ImageObject","inLanguage":"de","@id":"https:\/\/nischenduft.ch\/blog\/#\/schema\/person\/image\/","url":"https:\/\/secure.gravatar.com\/avatar\/be209b8c6c907c7741779cc8c0430dee?s=96&d=mm&r=g","contentUrl":"https:\/\/secure.gravatar.com\/avatar\/be209b8c6c907c7741779cc8c0430dee?s=96&d=mm&r=g","caption":"alina"},"sameAs":["https:\/\/nischenduft.ch\/blog"],"url":"https:\/\/nischenduft.ch\/blog\/author\/alina\/"}]}},"_links":{"self":[{"href":"https:\/\/nischenduft.ch\/blog\/wp-json\/wp\/v2\/posts\/485","targetHints":{"allow":["GET"]}}],"collection":[{"href":"https:\/\/nischenduft.ch\/blog\/wp-json\/wp\/v2\/posts"}],"about":[{"href":"https:\/\/nischenduft.ch\/blog\/wp-json\/wp\/v2\/types\/post"}],"author":[{"embeddable":true,"href":"https:\/\/nischenduft.ch\/blog\/wp-json\/wp\/v2\/users\/1"}],"replies":[{"embeddable":true,"href":"https:\/\/nischenduft.ch\/blog\/wp-json\/wp\/v2\/comments?post=485"}],"version-history":[{"count":3,"href":"https:\/\/nischenduft.ch\/blog\/wp-json\/wp\/v2\/posts\/485\/revisions"}],"predecessor-version":[{"id":497,"href":"https:\/\/nischenduft.ch\/blog\/wp-json\/wp\/v2\/posts\/485\/revisions\/497"}],"wp:featuredmedia":[{"embeddable":true,"href":"https:\/\/nischenduft.ch\/blog\/wp-json\/wp\/v2\/media\/490"}],"wp:attachment":[{"href":"https:\/\/nischenduft.ch\/blog\/wp-json\/wp\/v2\/media?parent=485"}],"wp:term":[{"taxonomy":"category","embeddable":true,"href":"https:\/\/nischenduft.ch\/blog\/wp-json\/wp\/v2\/categories?post=485"},{"taxonomy":"post_tag","embeddable":true,"href":"https:\/\/nischenduft.ch\/blog\/wp-json\/wp\/v2\/tags?post=485"}],"curies":[{"name":"wp","href":"https:\/\/api.w.org\/{rel}","templated":true}]}}