{"id":462,"date":"2025-05-25T13:15:12","date_gmt":"2025-05-25T11:15:12","guid":{"rendered":"https:\/\/nischenduft.ch\/blog\/?p=462"},"modified":"2025-05-25T13:29:01","modified_gmt":"2025-05-25T11:29:01","slug":"zarte-duefte-fuer-deine-komfortzone","status":"publish","type":"post","link":"https:\/\/nischenduft.ch\/blog\/season-hits\/zarte-duefte-fuer-deine-komfortzone\/","title":{"rendered":"Zarte D\u00fcfte: der Duft deiner pers\u00f6nlichen Komfortzone"},"content":{"rendered":"\n<p>Manchmal braucht die Seele eine Pause. Einen Moment, in dem alles zur Ruhe kommt \u2013 Gedanken, Erwartungen und der st\u00e4ndige Strom von Reizen. In solchen Augenblicken entsteht ein tiefer Wunsch nach Geborgenheit, weil der Alltag oft zu viel wird. Und oft beginnt dieser Wunsch mit einem Duft. <strong>Zarte D\u00fcfte<\/strong> sind wie ein sanftes Versprechen an dich selbst: Alles darf jetzt leiser werden \u2013 ganz ohne Erkl\u00e4rung und ohne M\u00fche.<\/p>\n\n\n\n<h2 class=\"wp-block-heading\"><strong>Zarte D\u00fcfte \u2013 Wenn die Welt zu laut ist<\/strong><\/h2>\n\n\n\n<p><a href=\"https:\/\/www.researchgate.net\/publication\/312232573_The_Impact_of_Stress_on_Odor_Perception\" target=\"_blank\" rel=\"noreferrer noopener\">Wissenschaftler<\/a> haben festgestellt: In Zeiten von <strong>Stress<\/strong> wird die Wahrnehmung komplexer Duftstrukturen schw\u00e4cher. Vielleicht ist das der Grund, warum manche Parfumneuheiten sich fremd anf\u00fchlen. Wenn der Alltag zu laut wird, brauchen Sinne und Herz etwas anderes \u2013 Klarheit, Leichtigkeit, W\u00e4rme.<\/p>\n\n\n\n<p><strong>Zarte D\u00fcfte<\/strong> helfen dabei, sich selbst wieder zu sp\u00fcren. Sie kommen ohne grellen Auftritt aus und verzichten auf schwere Schleier. Stattdessen schenken sie duftende N\u00e4he, erinnern an frisch gewaschene Haut und tragen das Gef\u00fchl eines fr\u00fchen, lichtdurchfluteten Morgens in sich.<\/p>\n\n\n\n<figure class=\"wp-block-image size-full\"><img loading=\"lazy\" decoding=\"async\" width=\"1024\" height=\"768\" src=\"https:\/\/nischenduft.ch\/blog\/wp-content\/uploads\/2025\/05\/Juliette-Has-A-Gun-\u2013-Not-A-Perfume-edited.webp\" alt=\"Juliette Has A Gun \u2013 Not A Perfume\" class=\"wp-image-470\" srcset=\"https:\/\/nischenduft.ch\/blog\/wp-content\/uploads\/2025\/05\/Juliette-Has-A-Gun-\u2013-Not-A-Perfume-edited.webp 1024w, https:\/\/nischenduft.ch\/blog\/wp-content\/uploads\/2025\/05\/Juliette-Has-A-Gun-\u2013-Not-A-Perfume-edited-300x225.webp 300w, https:\/\/nischenduft.ch\/blog\/wp-content\/uploads\/2025\/05\/Juliette-Has-A-Gun-\u2013-Not-A-Perfume-edited-768x576.webp 768w\" sizes=\"auto, (max-width: 1024px) 100vw, 1024px\" \/><figcaption class=\"wp-element-caption\">Juliette Has A Gun \u2013 Not A Perfume<\/figcaption><\/figure>\n\n\n\n<h2 class=\"wp-block-heading\"><strong>Zarte D\u00fcfte \u2013 Wenn die Welt zu laut ist<\/strong><\/h2>\n\n\n\n<p>In hektischen Phasen des Lebens f\u00e4llt es schwer, sich auf vielschichtige und laute Duftkompositionen einzulassen. Die Sinne sehnen sich nach etwas Beruhigendem \u2013 nach Kompositionen, die einfach da sind, ohne Aufmerksamkeit zu verlangen. Deshalb sind zarte D\u00fcfte nicht nur eine olfaktorische Wahl, sondern auch ein Akt der Selbstf\u00fcrsorge.<\/p>\n\n\n\n<h2 class=\"wp-block-heading\"><strong>Diese Parfums schenken dir Geborgenheit<\/strong><\/h2>\n\n\n\n<p>Alle folgenden D\u00fcfte biete ich als Duftprobe auf meiner Website an \u2013 liebevoll ausgew\u00e4hlt f\u00fcr genau jene Momente, in denen du dir selbst ein wenig Ruhe schenken m\u00f6chtest.<\/p>\n\n\n\n<h3 class=\"wp-block-heading\"><strong>Sanfte N\u00e4he \u2013 D\u00fcfte, die hautnah bleiben<\/strong><\/h3>\n\n\n\n<hr class=\"wp-block-separator has-alpha-channel-opacity\"\/>\n\n\n\n<p><br>Manche D\u00fcfte fl\u00fcstern, anstatt zu sprechen. Sie verschmelzen mit der Haut und schaffen eine leise Verbindung \u2013 ganz intim, ganz bei dir. Ideal f\u00fcr Tage voller Gedanken, an denen du Ruhe brauchst, aber nicht auf Sch\u00f6nheit verzichten willst.<\/p>\n\n\n\n<p><strong>Juliette Has A Gun \u2013 Not A Perfume<\/strong><br>Ein Duft, der fast nichts ist \u2013 und genau dadurch alles. Transparent wie Morgendunst, sanft wie ein Fl\u00fcstern auf der Haut. <strong>Not A Perfume<\/strong> ist ein Duft nur f\u00fcr dich, der mit deiner Haut verschmilzt und leise bleibt \u2013 wie ein Geheimnis, das niemand kennt au\u00dfer dir.<\/p>\n\n\n\n<blockquote class=\"wp-block-quote is-layout-flow wp-block-quote-is-layout-flow\">\n<p>\ud83d\udc49 <strong><a href=\"https:\/\/nischenduft.ch\/startseite\/61-juliette-has-a-gun-not-a-perfume.html#\/27-ml-5\" target=\"_blank\" rel=\"noreferrer noopener\">Juliette Has A Gun \u2013 Not A Perfume<\/a> als Duftprobe entdecken<\/strong> \u2728<\/p>\n<\/blockquote>\n\n\n\n<p><strong>Initio Parfums Priv\u00e9s \u2013 Musk Therapy<\/strong><br>Wie eine Umarmung aus Licht. Stell dir vor: Die W\u00e4rme frisch gewaschener Haut, zarte Zitronenzesten, ein Hauch schwarzer Johannisbeere \u2013 alles eingebettet in cremigen Moschus. <strong>Musk Therapy<\/strong> ist wie Meditation in Duftform, eine Reise nach innen. Beruhigend. Kl\u00e4rend. Es ist, als w\u00fcrdest du tief durchatmen \u2013 und f\u00fcr einen Moment ist alles gut.<\/p>\n\n\n\n<figure class=\"wp-block-image size-full\"><img loading=\"lazy\" decoding=\"async\" width=\"800\" height=\"450\" src=\"https:\/\/nischenduft.ch\/blog\/wp-content\/uploads\/2025\/05\/musc-therapy-edited.png\" alt=\"Initio Parfums Priv\u00e9s \u2013 Musk Therapy \" class=\"wp-image-466\" srcset=\"https:\/\/nischenduft.ch\/blog\/wp-content\/uploads\/2025\/05\/musc-therapy-edited.png 800w, https:\/\/nischenduft.ch\/blog\/wp-content\/uploads\/2025\/05\/musc-therapy-edited-300x169.png 300w, https:\/\/nischenduft.ch\/blog\/wp-content\/uploads\/2025\/05\/musc-therapy-edited-768x432.png 768w\" sizes=\"auto, (max-width: 800px) 100vw, 800px\" \/><figcaption class=\"wp-element-caption\">Initio Parfums Priv\u00e9s \u2013 Musk Therapy<\/figcaption><\/figure>\n\n\n\n<blockquote class=\"wp-block-quote is-layout-flow wp-block-quote-is-layout-flow\">\n<p>\ud83c\udf4b <strong><a href=\"https:\/\/nischenduft.ch\/startseite\/58-initio-parfums-prives-musk-therapy.html#\/26-ml-2\" target=\"_blank\" rel=\"noreferrer noopener\">Musk Therapy<\/a> als Duftprobe bestellen<\/strong><\/p>\n<\/blockquote>\n\n\n\n<p><strong>Bortnikoff \u2013 Musk Cologne<\/strong><br>Leicht wie das erste Sonnenlicht auf der Haut.Der Duft f\u00fchlt sich an wie frisch gewaschene Laken oder ein Spaziergang am fr\u00fchen Morgen. Unkompliziert und ehrlich \u2013 aber voller Tiefe.<\/p>\n\n\n\n<blockquote class=\"wp-block-quote is-layout-flow wp-block-quote-is-layout-flow\">\n<p>\ud83c\udf3f <strong><a href=\"https:\/\/nischenduft.ch\/startseite\/188-bortnikoff-musk-cologne-duftprobe-abfuellung-2ml-5ml-10ml.html#\/26-ml-2\" target=\"_blank\" rel=\"noreferrer noopener\">Musk Cologne<\/a> als Duftprobe entdecken<\/strong><\/p>\n<\/blockquote>\n\n\n\n<p><strong>Initio \u2013 Paragon<\/strong><br>Hier beginnt ein Duft dort, wo Worte enden. Paragon wirkt wie ein Schutzmantel aus W\u00e4rme und Licht \u2013 cremiger Lavendel, trockener Palo Santo, umgeben von einer fast meditativen Klarheit. Er gibt Halt, ohne zu binden, und erinnert dich daran, dass Klarheit ein stiller Luxus ist.<\/p>\n\n\n\n<blockquote class=\"wp-block-quote is-layout-flow wp-block-quote-is-layout-flow\">\n<p>\ud83c\udf00 <strong><a href=\"https:\/\/nischenduft.ch\/startseite\/54-initio-parfums-prives-paragon.html#\/26-ml-2\" target=\"_blank\" rel=\"noreferrer noopener\">Paragon<\/a> als Duftprobe ausprobieren<\/strong><\/p>\n<\/blockquote>\n\n\n\n<p><strong>Regalien \u2013 Dem<\/strong><br>Ein stiller Morgen, an dem der Dampf einer Tasse Tee die Luft erf\u00fcllt und der Tag noch ganz dir geh\u00f6rt. Sanfte Frische liegt in der Luft, durchzogen von leiser W\u00e4rme. Der Duft f\u00fchlt sich klar an, fast durchsichtig \u2013 nichts st\u00f6rt, nichts eilt. Auf der Haut bleibt ein Gef\u00fchl von Leichtigkeit und innerer Sammlung. F\u00fcr Momente, in denen du dich bewusst zur\u00fcckziehst und die Welt drau\u00dfen leiser wird.<\/p>\n\n\n\n<blockquote class=\"wp-block-quote is-layout-flow wp-block-quote-is-layout-flow\">\n<p>\ud83c\udf75 <strong><a href=\"https:\/\/nischenduft.ch\/startseite\/122-regalien-ottoman-bath-rituals-dem.html#\/26-ml-2\" target=\"_blank\" rel=\"noreferrer noopener\">Dem<\/a> jetzt als Duftprobe erleben<\/strong><\/p>\n<\/blockquote>\n\n\n\n<h3 class=\"wp-block-heading\"><strong>Zarte Kraft \u2013 D\u00fcfte mit strahlender Pr\u00e4senz<\/strong><\/h3>\n\n\n\n<hr class=\"wp-block-separator has-alpha-channel-opacity\"\/>\n\n\n\n<p>Andere Parfums sind wie eine sanfte Stimme mit Klang \u2013 sie sind sp\u00fcrbar, ein wenig auff\u00e4lliger, aber niemals laut. Diese D\u00fcfte umh\u00fcllen dich mit weicher Pr\u00e4senz und begleiten dich mit feinem Nachhall durch den Tag.<\/p>\n\n\n\n<figure class=\"wp-block-image size-large\"><img loading=\"lazy\" decoding=\"async\" width=\"1024\" height=\"683\" src=\"https:\/\/nischenduft.ch\/blog\/wp-content\/uploads\/2025\/05\/Amouage_Guidance_46-1024x683.png\" alt=\"Perfume bottle of Amouage Guidance 46 on a marble table, surrounded by soft morning light, silk, roses, and almonds \u2013 evoking femininity, calm, and gentle luxury.\" class=\"wp-image-464\" srcset=\"https:\/\/nischenduft.ch\/blog\/wp-content\/uploads\/2025\/05\/Amouage_Guidance_46-1024x683.png 1024w, https:\/\/nischenduft.ch\/blog\/wp-content\/uploads\/2025\/05\/Amouage_Guidance_46-300x200.png 300w, https:\/\/nischenduft.ch\/blog\/wp-content\/uploads\/2025\/05\/Amouage_Guidance_46-768x512.png 768w, https:\/\/nischenduft.ch\/blog\/wp-content\/uploads\/2025\/05\/Amouage_Guidance_46.png 1536w\" sizes=\"auto, (max-width: 1024px) 100vw, 1024px\" \/><figcaption class=\"wp-element-caption\">Amouage Guidance 46<\/figcaption><\/figure>\n\n\n\n<p><strong>Amouage \u2013 Guidance 46<\/strong><br>Ein warmer Schleier aus Licht und Erinnerung. <strong>Guidance 46<\/strong> umh\u00fcllt wie ein stiller Blick, der tief geht, ohne zu fordern. Alles f\u00fchlt sich weich an, geborgen \u2013 wie ein vertrauter Moment, der bleibt. In seiner Tiefe liegt Ruhe, in seiner Pr\u00e4senz eine stille Eleganz. F\u00fcr Augenblicke, in denen du ganz bei dir sein willst \u2013 leise, aber voller Kraft.<\/p>\n\n\n\n<blockquote class=\"wp-block-quote is-layout-flow wp-block-quote-is-layout-flow\">\n<p>\ud83d\udd25 <strong><a href=\"https:\/\/nischenduft.ch\/startseite\/290-amouage-guidance-46-duftprobe.html#\/26-ml-2\" target=\"_blank\" rel=\"noreferrer noopener\">Guidance 46<\/a> als Duftprobe entdecken<\/strong><\/p>\n<\/blockquote>\n\n\n\n<p><strong>Roja \u2013 Elixir Parfum<\/strong><br>Sanfte Verf\u00fchrung \u2013 nie laut, immer edel. Elixir vereint fruchtige Frische mit femininer Sinnlichkeit, getragen von floralen Akkorden und sanfter W\u00e4rme. Dieser Duft schmiegt sich an wie Seide auf warmer Haut. F\u00fcr stille Auftritte mit innerem Strahlen. Ideal f\u00fcr jene Tage, an denen du dich sch\u00f6n f\u00fchlen willst \u2013 ohne B\u00fchne, ohne Drama.<\/p>\n\n\n\n<blockquote class=\"wp-block-quote is-layout-flow wp-block-quote-is-layout-flow\">\n<p>\ud83c\udf38<a href=\"https:\/\/nischenduft.ch\/startseite\/21-roja-elixir.html#\/26-ml-2\" target=\"_blank\" rel=\"noreferrer noopener\"> <strong>Elixir Parfum<\/strong><\/a><strong> als Duftprobe erleben<\/strong><\/p>\n<\/blockquote>\n\n\n\n<p><strong>Tiziana Terenzi \u2013 Leo<\/strong><br>Ein goldener Moment zwischen Aufbruch und Einkehr. Hell und harmonisch. Leo tr\u00e4gt sich mit innerer St\u00e4rke und sonniger Gelassenheit.<\/p>\n\n\n\n<blockquote class=\"wp-block-quote is-layout-flow wp-block-quote-is-layout-flow\">\n<p>\ud83c\udf1e <strong><a href=\"https:\/\/nischenduft.ch\/startseite\/126-tiziana-terenzi-leo.html#\/26-ml-2\" target=\"_blank\" rel=\"noreferrer noopener\">Leo<\/a> als Duftprobe ausprobieren<\/strong><\/p>\n<\/blockquote>\n\n\n\n<p><strong>Xerjoff \u2013 Quattro Pizzi<\/strong><br>Ein cremiger Schleier mit Nachdruck \u2013 warm, sinnlich und durchdrungen von weicher Intensit\u00e4t. <strong>Quattro Pizzi<\/strong> erinnert an frisch eingecremte Haut, an gepflegte W\u00e4rme, die nach au\u00dfen strahlt. Der Duft legt sich um dich wie ein luxuri\u00f6ser Mantel \u2013 ein Hauch Kokos, ein Echo von Tonkabohne, dazu w\u00fcrzige Tiefe. Nicht fl\u00fcchtig, sondern pr\u00e4sent. F\u00fcr Momente, in denen du dich ganz einh\u00fcllen willst \u2013 sichtbar, duftend, sp\u00fcrbar.<\/p>\n\n\n\n<blockquote class=\"wp-block-quote is-layout-flow wp-block-quote-is-layout-flow\">\n<p><strong>\ud83e\udd65<\/strong> <strong><a href=\"https:\/\/nischenduft.ch\/startseite\/181-xerjoff-casamorati-quattro-pizzi.html#\/26-ml-2\" target=\"_blank\" rel=\"noreferrer noopener\">Quattro Pizzi<\/a> jetzt als Duftprobe entdecken<\/strong><\/p>\n<\/blockquote>\n\n\n\n<hr class=\"wp-block-separator has-alpha-channel-opacity\"\/>\n\n\n\n<h2 class=\"wp-block-heading\"><strong>Duftproben, die dich zur\u00fcck zu dir selbst bringen<\/strong><\/h2>\n\n\n\n<p><strong>Zarte D\u00fcfte<\/strong> sind ein Gegengewicht zur Welt da drau\u00dfen. Sie erinnern daran, dass du dich nicht erkl\u00e4ren musst \u2013 du darfst einfach sein. Ohne Maske, ohne Druck. Mit Haut, Herz und Hingabe.<\/p>\n\n\n\n<p>Alle diese D\u00fcfte findest du als <strong>Duftprobe<\/strong> in <a href=\"https:\/\/nischenduft.ch\/\" target=\"_blank\" rel=\"noreferrer noopener\">meinem Shop<\/a> \u2013 f\u00fcr deinen ganz pers\u00f6nlichen R\u00fcckzugsort in der Welt der Sinne.<\/p>\n\n\n\n<p><\/p>\n","protected":false},"excerpt":{"rendered":"<p>Manchmal braucht die Seele eine Pause. Einen Moment, in dem alles zur Ruhe kommt \u2013 Gedanken, Erwartungen und der st\u00e4ndige Strom von Reizen. In solchen Augenblicken entsteht ein tiefer Wunsch nach Geborgenheit, weil der Alltag oft zu viel wird. Und oft beginnt dieser Wunsch mit einem Duft. Zarte D\u00fcfte sind wie ein sanftes Versprechen an&#8230;<\/p>\n","protected":false},"author":1,"featured_media":463,"comment_status":"open","ping_status":"open","sticky":false,"template":"","format":"standard","meta":{"_kad_post_transparent":"","_kad_post_title":"","_kad_post_layout":"","_kad_post_sidebar_id":"","_kad_post_content_style":"","_kad_post_vertical_padding":"","_kad_post_feature":"","_kad_post_feature_position":"","_kad_post_header":false,"_kad_post_footer":false,"footnotes":""},"categories":[58],"tags":[279,283,223,187,282,288,291,292,287,276,281,293,285,280],"class_list":["post-462","post","type-post","status-publish","format-standard","has-post-thumbnail","hentry","category-season-hits","tag-abfuellungen-von-nischenparfums-deine-duftauswahl-im-mini-format","tag-beruhigende-parfums-duefte-fuer-innere-ruhe-und-emotionale-balance","tag-decant-2","tag-duftproben","tag-duftproben-online-nischenduefte-testen-und-die-richtigen-favoriten-finden","tag-femininer-duft","tag-291","tag-parfuem-abfuellungen-schweiz-hochwertige-duefte-flexibel-testen","tag-parfum-bei-stress","tag-parfum-empfehlungen","tag-parfuemproben-schweiz-exklusive-duftproben-bequem-online-bestellen","tag-perfume-decant-flexible-fragrance-samples-for-testing-and-collecting","tag-sanfte-parfums","tag-zarte-duefte"],"yoast_head":"<!-- This site is optimized with the Yoast SEO plugin v23.6 - https:\/\/yoast.com\/wordpress\/plugins\/seo\/ -->\n<title>Zarte D\u00fcfte f\u00fcr deine Komfortzone<\/title>\n<meta name=\"description\" content=\"Entdecke zarte D\u00fcfte, die Geborgenheit schenken. Jetzt exklusive Duftproben erleben und deinen Wohlf\u00fchlduft finden.\" \/>\n<meta name=\"robots\" content=\"index, follow, max-snippet:-1, max-image-preview:large, max-video-preview:-1\" \/>\n<link rel=\"canonical\" href=\"https:\/\/nischenduft.ch\/blog\/season-hits\/zarte-duefte-fuer-deine-komfortzone\/\" \/>\n<meta property=\"og:locale\" content=\"de_DE\" \/>\n<meta property=\"og:type\" content=\"article\" \/>\n<meta property=\"og:title\" content=\"Zarte D\u00fcfte f\u00fcr deine Komfortzone\" \/>\n<meta property=\"og:description\" content=\"Entdecke zarte D\u00fcfte, die Geborgenheit schenken. Jetzt exklusive Duftproben erleben und deinen Wohlf\u00fchlduft finden.\" \/>\n<meta property=\"og:url\" content=\"https:\/\/nischenduft.ch\/blog\/season-hits\/zarte-duefte-fuer-deine-komfortzone\/\" \/>\n<meta property=\"og:site_name\" content=\"Die Welt der Nischend\u00fcfte: Exklusive Duftkreationen und Duftgeschichten\" \/>\n<meta property=\"article:published_time\" content=\"2025-05-25T11:15:12+00:00\" \/>\n<meta property=\"article:modified_time\" content=\"2025-05-25T11:29:01+00:00\" \/>\n<meta property=\"og:image\" content=\"https:\/\/nischenduft.ch\/blog\/wp-content\/uploads\/2025\/05\/Morgenruhe-1024x683.png\" \/>\n\t<meta property=\"og:image:width\" content=\"1024\" \/>\n\t<meta property=\"og:image:height\" content=\"683\" \/>\n\t<meta property=\"og:image:type\" content=\"image\/png\" \/>\n<meta name=\"author\" content=\"alina\" \/>\n<meta name=\"twitter:card\" content=\"summary_large_image\" \/>\n<meta name=\"twitter:label1\" content=\"Verfasst von\" \/>\n\t<meta name=\"twitter:data1\" content=\"alina\" \/>\n\t<meta name=\"twitter:label2\" content=\"Gesch\u00e4tzte Lesezeit\" \/>\n\t<meta name=\"twitter:data2\" content=\"6\u00a0Minuten\" \/>\n<script type=\"application\/ld+json\" class=\"yoast-schema-graph\">{\"@context\":\"https:\/\/schema.org\",\"@graph\":[{\"@type\":\"Article\",\"@id\":\"https:\/\/nischenduft.ch\/blog\/season-hits\/zarte-duefte-fuer-deine-komfortzone\/#article\",\"isPartOf\":{\"@id\":\"https:\/\/nischenduft.ch\/blog\/season-hits\/zarte-duefte-fuer-deine-komfortzone\/\"},\"author\":{\"name\":\"alina\",\"@id\":\"https:\/\/nischenduft.ch\/blog\/#\/schema\/person\/7b7800cc92a338df0412cefcf5a97a25\"},\"headline\":\"Zarte D\u00fcfte: der Duft deiner pers\u00f6nlichen Komfortzone\",\"datePublished\":\"2025-05-25T11:15:12+00:00\",\"dateModified\":\"2025-05-25T11:29:01+00:00\",\"mainEntityOfPage\":{\"@id\":\"https:\/\/nischenduft.ch\/blog\/season-hits\/zarte-duefte-fuer-deine-komfortzone\/\"},\"wordCount\":994,\"commentCount\":0,\"publisher\":{\"@id\":\"https:\/\/nischenduft.ch\/blog\/#organization\"},\"image\":{\"@id\":\"https:\/\/nischenduft.ch\/blog\/season-hits\/zarte-duefte-fuer-deine-komfortzone\/#primaryimage\"},\"thumbnailUrl\":\"https:\/\/nischenduft.ch\/blog\/wp-content\/uploads\/2025\/05\/Morgenruhe.png\",\"keywords\":[\"Abf\u00fcllungen\",\"beruhigende Parfums\",\"decant\",\"Duftproben\",\"Duftproben online\",\"femininer Duft\",\"Komfortzone Duft\",\"Parf\u00fcm Abf\u00fcllungen Schweiz\",\"Parfum bei Stress\",\"Parfum Empfehlungen\",\"Parf\u00fcmproben Schweiz\",\"perfume decant\",\"sanfte Parfums\",\"zarte D\u00fcfte\"],\"articleSection\":[\"Season Hits\"],\"inLanguage\":\"de\",\"potentialAction\":[{\"@type\":\"CommentAction\",\"name\":\"Comment\",\"target\":[\"https:\/\/nischenduft.ch\/blog\/season-hits\/zarte-duefte-fuer-deine-komfortzone\/#respond\"]}]},{\"@type\":\"WebPage\",\"@id\":\"https:\/\/nischenduft.ch\/blog\/season-hits\/zarte-duefte-fuer-deine-komfortzone\/\",\"url\":\"https:\/\/nischenduft.ch\/blog\/season-hits\/zarte-duefte-fuer-deine-komfortzone\/\",\"name\":\"Zarte D\u00fcfte f\u00fcr deine Komfortzone\",\"isPartOf\":{\"@id\":\"https:\/\/nischenduft.ch\/blog\/#website\"},\"primaryImageOfPage\":{\"@id\":\"https:\/\/nischenduft.ch\/blog\/season-hits\/zarte-duefte-fuer-deine-komfortzone\/#primaryimage\"},\"image\":{\"@id\":\"https:\/\/nischenduft.ch\/blog\/season-hits\/zarte-duefte-fuer-deine-komfortzone\/#primaryimage\"},\"thumbnailUrl\":\"https:\/\/nischenduft.ch\/blog\/wp-content\/uploads\/2025\/05\/Morgenruhe.png\",\"datePublished\":\"2025-05-25T11:15:12+00:00\",\"dateModified\":\"2025-05-25T11:29:01+00:00\",\"description\":\"Entdecke zarte D\u00fcfte, die Geborgenheit schenken. Jetzt exklusive Duftproben erleben und deinen Wohlf\u00fchlduft finden.\",\"breadcrumb\":{\"@id\":\"https:\/\/nischenduft.ch\/blog\/season-hits\/zarte-duefte-fuer-deine-komfortzone\/#breadcrumb\"},\"inLanguage\":\"de\",\"potentialAction\":[{\"@type\":\"ReadAction\",\"target\":[\"https:\/\/nischenduft.ch\/blog\/season-hits\/zarte-duefte-fuer-deine-komfortzone\/\"]}]},{\"@type\":\"ImageObject\",\"inLanguage\":\"de\",\"@id\":\"https:\/\/nischenduft.ch\/blog\/season-hits\/zarte-duefte-fuer-deine-komfortzone\/#primaryimage\",\"url\":\"https:\/\/nischenduft.ch\/blog\/wp-content\/uploads\/2025\/05\/Morgenruhe.png\",\"contentUrl\":\"https:\/\/nischenduft.ch\/blog\/wp-content\/uploads\/2025\/05\/Morgenruhe.png\",\"width\":1536,\"height\":1024,\"caption\":\"Ein Moment f\u00fcr dich \u2013 zart, still und ganz bei dir.\"},{\"@type\":\"BreadcrumbList\",\"@id\":\"https:\/\/nischenduft.ch\/blog\/season-hits\/zarte-duefte-fuer-deine-komfortzone\/#breadcrumb\",\"itemListElement\":[{\"@type\":\"ListItem\",\"position\":1,\"name\":\"Startseite\",\"item\":\"https:\/\/nischenduft.ch\/blog\/\"},{\"@type\":\"ListItem\",\"position\":2,\"name\":\"Zarte D\u00fcfte: der Duft deiner pers\u00f6nlichen Komfortzone\"}]},{\"@type\":\"WebSite\",\"@id\":\"https:\/\/nischenduft.ch\/blog\/#website\",\"url\":\"https:\/\/nischenduft.ch\/blog\/\",\"name\":\"Die Welt der Nischend\u00fcfte: Exklusive Duftkreationen und Duftgeschichten\",\"description\":\"\",\"publisher\":{\"@id\":\"https:\/\/nischenduft.ch\/blog\/#organization\"},\"potentialAction\":[{\"@type\":\"SearchAction\",\"target\":{\"@type\":\"EntryPoint\",\"urlTemplate\":\"https:\/\/nischenduft.ch\/blog\/?s={search_term_string}\"},\"query-input\":{\"@type\":\"PropertyValueSpecification\",\"valueRequired\":true,\"valueName\":\"search_term_string\"}}],\"inLanguage\":\"de\"},{\"@type\":\"Organization\",\"@id\":\"https:\/\/nischenduft.ch\/blog\/#organization\",\"name\":\"Die Welt der Nischend\u00fcfte: Exklusive Duftkreationen und Duftgeschichten\",\"url\":\"https:\/\/nischenduft.ch\/blog\/\",\"logo\":{\"@type\":\"ImageObject\",\"inLanguage\":\"de\",\"@id\":\"https:\/\/nischenduft.ch\/blog\/#\/schema\/logo\/image\/\",\"url\":\"https:\/\/nischenduft.ch\/blog\/wp-content\/uploads\/2024\/10\/cropped-nischenduft_logo.jpg\",\"contentUrl\":\"https:\/\/nischenduft.ch\/blog\/wp-content\/uploads\/2024\/10\/cropped-nischenduft_logo.jpg\",\"width\":528,\"height\":491,\"caption\":\"Die Welt der Nischend\u00fcfte: Exklusive Duftkreationen und Duftgeschichten\"},\"image\":{\"@id\":\"https:\/\/nischenduft.ch\/blog\/#\/schema\/logo\/image\/\"}},{\"@type\":\"Person\",\"@id\":\"https:\/\/nischenduft.ch\/blog\/#\/schema\/person\/7b7800cc92a338df0412cefcf5a97a25\",\"name\":\"alina\",\"image\":{\"@type\":\"ImageObject\",\"inLanguage\":\"de\",\"@id\":\"https:\/\/nischenduft.ch\/blog\/#\/schema\/person\/image\/\",\"url\":\"https:\/\/secure.gravatar.com\/avatar\/be209b8c6c907c7741779cc8c0430dee?s=96&d=mm&r=g\",\"contentUrl\":\"https:\/\/secure.gravatar.com\/avatar\/be209b8c6c907c7741779cc8c0430dee?s=96&d=mm&r=g\",\"caption\":\"alina\"},\"sameAs\":[\"https:\/\/nischenduft.ch\/blog\"],\"url\":\"https:\/\/nischenduft.ch\/blog\/author\/alina\/\"}]}<\/script>\n<!-- \/ Yoast SEO plugin. -->","yoast_head_json":{"title":"Zarte D\u00fcfte f\u00fcr deine Komfortzone","description":"Entdecke zarte D\u00fcfte, die Geborgenheit schenken. Jetzt exklusive Duftproben erleben und deinen Wohlf\u00fchlduft finden.","robots":{"index":"index","follow":"follow","max-snippet":"max-snippet:-1","max-image-preview":"max-image-preview:large","max-video-preview":"max-video-preview:-1"},"canonical":"https:\/\/nischenduft.ch\/blog\/season-hits\/zarte-duefte-fuer-deine-komfortzone\/","og_locale":"de_DE","og_type":"article","og_title":"Zarte D\u00fcfte f\u00fcr deine Komfortzone","og_description":"Entdecke zarte D\u00fcfte, die Geborgenheit schenken. Jetzt exklusive Duftproben erleben und deinen Wohlf\u00fchlduft finden.","og_url":"https:\/\/nischenduft.ch\/blog\/season-hits\/zarte-duefte-fuer-deine-komfortzone\/","og_site_name":"Die Welt der Nischend\u00fcfte: Exklusive Duftkreationen und Duftgeschichten","article_published_time":"2025-05-25T11:15:12+00:00","article_modified_time":"2025-05-25T11:29:01+00:00","og_image":[{"width":1024,"height":683,"url":"https:\/\/nischenduft.ch\/blog\/wp-content\/uploads\/2025\/05\/Morgenruhe-1024x683.png","type":"image\/png"}],"author":"alina","twitter_card":"summary_large_image","twitter_misc":{"Verfasst von":"alina","Gesch\u00e4tzte Lesezeit":"6\u00a0Minuten"},"schema":{"@context":"https:\/\/schema.org","@graph":[{"@type":"Article","@id":"https:\/\/nischenduft.ch\/blog\/season-hits\/zarte-duefte-fuer-deine-komfortzone\/#article","isPartOf":{"@id":"https:\/\/nischenduft.ch\/blog\/season-hits\/zarte-duefte-fuer-deine-komfortzone\/"},"author":{"name":"alina","@id":"https:\/\/nischenduft.ch\/blog\/#\/schema\/person\/7b7800cc92a338df0412cefcf5a97a25"},"headline":"Zarte D\u00fcfte: der Duft deiner pers\u00f6nlichen Komfortzone","datePublished":"2025-05-25T11:15:12+00:00","dateModified":"2025-05-25T11:29:01+00:00","mainEntityOfPage":{"@id":"https:\/\/nischenduft.ch\/blog\/season-hits\/zarte-duefte-fuer-deine-komfortzone\/"},"wordCount":994,"commentCount":0,"publisher":{"@id":"https:\/\/nischenduft.ch\/blog\/#organization"},"image":{"@id":"https:\/\/nischenduft.ch\/blog\/season-hits\/zarte-duefte-fuer-deine-komfortzone\/#primaryimage"},"thumbnailUrl":"https:\/\/nischenduft.ch\/blog\/wp-content\/uploads\/2025\/05\/Morgenruhe.png","keywords":["Abf\u00fcllungen","beruhigende Parfums","decant","Duftproben","Duftproben online","femininer Duft","Komfortzone Duft","Parf\u00fcm Abf\u00fcllungen Schweiz","Parfum bei Stress","Parfum Empfehlungen","Parf\u00fcmproben Schweiz","perfume decant","sanfte Parfums","zarte D\u00fcfte"],"articleSection":["Season Hits"],"inLanguage":"de","potentialAction":[{"@type":"CommentAction","name":"Comment","target":["https:\/\/nischenduft.ch\/blog\/season-hits\/zarte-duefte-fuer-deine-komfortzone\/#respond"]}]},{"@type":"WebPage","@id":"https:\/\/nischenduft.ch\/blog\/season-hits\/zarte-duefte-fuer-deine-komfortzone\/","url":"https:\/\/nischenduft.ch\/blog\/season-hits\/zarte-duefte-fuer-deine-komfortzone\/","name":"Zarte D\u00fcfte f\u00fcr deine Komfortzone","isPartOf":{"@id":"https:\/\/nischenduft.ch\/blog\/#website"},"primaryImageOfPage":{"@id":"https:\/\/nischenduft.ch\/blog\/season-hits\/zarte-duefte-fuer-deine-komfortzone\/#primaryimage"},"image":{"@id":"https:\/\/nischenduft.ch\/blog\/season-hits\/zarte-duefte-fuer-deine-komfortzone\/#primaryimage"},"thumbnailUrl":"https:\/\/nischenduft.ch\/blog\/wp-content\/uploads\/2025\/05\/Morgenruhe.png","datePublished":"2025-05-25T11:15:12+00:00","dateModified":"2025-05-25T11:29:01+00:00","description":"Entdecke zarte D\u00fcfte, die Geborgenheit schenken. Jetzt exklusive Duftproben erleben und deinen Wohlf\u00fchlduft finden.","breadcrumb":{"@id":"https:\/\/nischenduft.ch\/blog\/season-hits\/zarte-duefte-fuer-deine-komfortzone\/#breadcrumb"},"inLanguage":"de","potentialAction":[{"@type":"ReadAction","target":["https:\/\/nischenduft.ch\/blog\/season-hits\/zarte-duefte-fuer-deine-komfortzone\/"]}]},{"@type":"ImageObject","inLanguage":"de","@id":"https:\/\/nischenduft.ch\/blog\/season-hits\/zarte-duefte-fuer-deine-komfortzone\/#primaryimage","url":"https:\/\/nischenduft.ch\/blog\/wp-content\/uploads\/2025\/05\/Morgenruhe.png","contentUrl":"https:\/\/nischenduft.ch\/blog\/wp-content\/uploads\/2025\/05\/Morgenruhe.png","width":1536,"height":1024,"caption":"Ein Moment f\u00fcr dich \u2013 zart, still und ganz bei dir."},{"@type":"BreadcrumbList","@id":"https:\/\/nischenduft.ch\/blog\/season-hits\/zarte-duefte-fuer-deine-komfortzone\/#breadcrumb","itemListElement":[{"@type":"ListItem","position":1,"name":"Startseite","item":"https:\/\/nischenduft.ch\/blog\/"},{"@type":"ListItem","position":2,"name":"Zarte D\u00fcfte: der Duft deiner pers\u00f6nlichen Komfortzone"}]},{"@type":"WebSite","@id":"https:\/\/nischenduft.ch\/blog\/#website","url":"https:\/\/nischenduft.ch\/blog\/","name":"Die Welt der Nischend\u00fcfte: Exklusive Duftkreationen und Duftgeschichten","description":"","publisher":{"@id":"https:\/\/nischenduft.ch\/blog\/#organization"},"potentialAction":[{"@type":"SearchAction","target":{"@type":"EntryPoint","urlTemplate":"https:\/\/nischenduft.ch\/blog\/?s={search_term_string}"},"query-input":{"@type":"PropertyValueSpecification","valueRequired":true,"valueName":"search_term_string"}}],"inLanguage":"de"},{"@type":"Organization","@id":"https:\/\/nischenduft.ch\/blog\/#organization","name":"Die Welt der Nischend\u00fcfte: Exklusive Duftkreationen und Duftgeschichten","url":"https:\/\/nischenduft.ch\/blog\/","logo":{"@type":"ImageObject","inLanguage":"de","@id":"https:\/\/nischenduft.ch\/blog\/#\/schema\/logo\/image\/","url":"https:\/\/nischenduft.ch\/blog\/wp-content\/uploads\/2024\/10\/cropped-nischenduft_logo.jpg","contentUrl":"https:\/\/nischenduft.ch\/blog\/wp-content\/uploads\/2024\/10\/cropped-nischenduft_logo.jpg","width":528,"height":491,"caption":"Die Welt der Nischend\u00fcfte: Exklusive Duftkreationen und Duftgeschichten"},"image":{"@id":"https:\/\/nischenduft.ch\/blog\/#\/schema\/logo\/image\/"}},{"@type":"Person","@id":"https:\/\/nischenduft.ch\/blog\/#\/schema\/person\/7b7800cc92a338df0412cefcf5a97a25","name":"alina","image":{"@type":"ImageObject","inLanguage":"de","@id":"https:\/\/nischenduft.ch\/blog\/#\/schema\/person\/image\/","url":"https:\/\/secure.gravatar.com\/avatar\/be209b8c6c907c7741779cc8c0430dee?s=96&d=mm&r=g","contentUrl":"https:\/\/secure.gravatar.com\/avatar\/be209b8c6c907c7741779cc8c0430dee?s=96&d=mm&r=g","caption":"alina"},"sameAs":["https:\/\/nischenduft.ch\/blog"],"url":"https:\/\/nischenduft.ch\/blog\/author\/alina\/"}]}},"_links":{"self":[{"href":"https:\/\/nischenduft.ch\/blog\/wp-json\/wp\/v2\/posts\/462","targetHints":{"allow":["GET"]}}],"collection":[{"href":"https:\/\/nischenduft.ch\/blog\/wp-json\/wp\/v2\/posts"}],"about":[{"href":"https:\/\/nischenduft.ch\/blog\/wp-json\/wp\/v2\/types\/post"}],"author":[{"embeddable":true,"href":"https:\/\/nischenduft.ch\/blog\/wp-json\/wp\/v2\/users\/1"}],"replies":[{"embeddable":true,"href":"https:\/\/nischenduft.ch\/blog\/wp-json\/wp\/v2\/comments?post=462"}],"version-history":[{"count":3,"href":"https:\/\/nischenduft.ch\/blog\/wp-json\/wp\/v2\/posts\/462\/revisions"}],"predecessor-version":[{"id":472,"href":"https:\/\/nischenduft.ch\/blog\/wp-json\/wp\/v2\/posts\/462\/revisions\/472"}],"wp:featuredmedia":[{"embeddable":true,"href":"https:\/\/nischenduft.ch\/blog\/wp-json\/wp\/v2\/media\/463"}],"wp:attachment":[{"href":"https:\/\/nischenduft.ch\/blog\/wp-json\/wp\/v2\/media?parent=462"}],"wp:term":[{"taxonomy":"category","embeddable":true,"href":"https:\/\/nischenduft.ch\/blog\/wp-json\/wp\/v2\/categories?post=462"},{"taxonomy":"post_tag","embeddable":true,"href":"https:\/\/nischenduft.ch\/blog\/wp-json\/wp\/v2\/tags?post=462"}],"curies":[{"name":"wp","href":"https:\/\/api.w.org\/{rel}","templated":true}]}}