{"id":428,"date":"2025-05-05T20:15:06","date_gmt":"2025-05-05T18:15:06","guid":{"rendered":"https:\/\/nischenduft.ch\/blog\/?p=428"},"modified":"2025-05-05T20:15:08","modified_gmt":"2025-05-05T18:15:08","slug":"pana-dora-onyx-black-test-duftprobe-luxurioeser-herrenduft-2025","status":"publish","type":"post","link":"https:\/\/nischenduft.ch\/blog\/parfuem-bewertungen-echte-erfahrungen-zu-exklusiven-dueften\/pana-dora-onyx-black-test-duftprobe-luxurioeser-herrenduft-2025\/","title":{"rendered":"Pana Dora Onyx Black \u2013 Die neue Duftikone f\u00fcr 2025"},"content":{"rendered":"\n<h2 class=\"wp-block-heading\"><strong>Pana Dora Onyx Black: Ein Meisterwerk der modernen Parf\u00fcmerie<\/strong><\/h2>\n\n\n\n<p>Mit dem Start ins Jahr 2025 <a href=\"https:\/\/www.fragrantica.de\/Neuigkeiten\/Pana-Dora-Onyx-Black-11153.html?utm_source=chatgpt.com\" target=\"_blank\" rel=\"noreferrer noopener\">pr\u00e4sentiert<\/a> die schwedisch-arabische Nischenmarke <a href=\"https:\/\/panadora.se\/products\/onyx-black\" target=\"_blank\" rel=\"noreferrer noopener\">Pana Dora<\/a> ihr neuestes Meisterwerk: <strong>Onyx Black<\/strong>. Dieser Duft verk\u00f6rpert maskuline Eleganz und eine unverkennbare Pr\u00e4senz, die sowohl Kenner als auch Neulinge in der Welt der Parf\u00fcmerie begeistert.<\/p>\n\n\n\n<figure class=\"wp-block-image size-large\"><img loading=\"lazy\" decoding=\"async\" width=\"1203\" height=\"1604\" src=\"https:\/\/nischenduft.ch\/blog\/wp-content\/uploads\/2025\/05\/Pana_Dora_Onyx_Black_flakon-edited.jpg\" alt=\"\" class=\"wp-image-431\" srcset=\"https:\/\/nischenduft.ch\/blog\/wp-content\/uploads\/2025\/05\/Pana_Dora_Onyx_Black_flakon-edited.jpg 1203w, https:\/\/nischenduft.ch\/blog\/wp-content\/uploads\/2025\/05\/Pana_Dora_Onyx_Black_flakon-edited-225x300.jpg 225w, https:\/\/nischenduft.ch\/blog\/wp-content\/uploads\/2025\/05\/Pana_Dora_Onyx_Black_flakon-edited-768x1024.jpg 768w, https:\/\/nischenduft.ch\/blog\/wp-content\/uploads\/2025\/05\/Pana_Dora_Onyx_Black_flakon-edited-1152x1536.jpg 1152w\" sizes=\"auto, (max-width: 1203px) 100vw, 1203px\" \/><\/figure>\n\n\n\n<h2 class=\"wp-block-heading\"><strong>Der erste Eindruck von Pana Dora Onyx Black \u2013 Magie in den ersten Sekunden<\/strong><\/h2>\n\n\n\n<p>Kaum aufgespr\u00fcht, entfaltet sich sofort eine faszinierende Melodie von <strong>Zimt<\/strong> und <strong>Safran<\/strong>. Diese beiden Ingredienzien tanzen wie flackerndes Feuer auf der Haut, warm und w\u00fcrzig, fast hypnotisch. Es ist ein Moment, der Herz und Sinne zugleich ber\u00fchrt \u2013 eine Einladung, tiefer einzutauchen.<\/p>\n\n\n\n<p>Gleich darauf folgt ein prickelnd-frischer Akkord von <strong>Bergamotte<\/strong> und <strong>Zitrone<\/strong>. Diese spritzigen Zitrusnoten wirken wie ein elektrisierender Kuss auf der Haut \u2013 lebendig, aufregend, voller Energie. Ein kleiner, raffinierter Twist kommt durch die <strong>Muskatnuss<\/strong>, die dem Duft eine zus\u00e4tzliche Dimension von Tiefe und W\u00fcrze schenkt.<\/p>\n\n\n\n<h2 class=\"wp-block-heading\"><strong>Das Herz von Pana Dora Onyx Black \u2013 Stille Kraft und geheimnisvolle Tiefe<\/strong><\/h2>\n\n\n\n<p>W\u00e4hrend die Kopfnote noch nachklingt, wird die B\u00fchne frei f\u00fcr das intensive Herz. Hier verschmelzen <strong>Nagarmotha (Cypriol)<\/strong> und edler <strong>Weihrauch<\/strong> zu einem rauchigen, dunklen Akkord, der fast schon sakral wirkt. Es ist dieser Moment, in dem der Duft seine volle Tiefe entfaltet \u2013 geheimnisvoll, beinahe spirituell.<\/p>\n\n\n\n<p>Unterst\u00fctzt von <strong>Grauem Amber<\/strong>, zeigt sich eine elegante Schwere, die kaum greifbar ist, aber immer pr\u00e4sent bleibt. Dieser Teil des Duftes f\u00fchlt sich an wie ein dunkler Samtumhang, der seine Tr\u00e4ger umh\u00fcllt \u2013 edel, kraftvoll, mit einer fast magnetischen Ausstrahlung.<\/p>\n\n\n\n<h2 class=\"wp-block-heading\">Basisnote von Pana Dora Onyx Black: Holzige St\u00e4rke und Best\u00e4ndigkeit<\/h2>\n\n\n\n<p>Die Basisnoten sind ein Manifest der St\u00e4rke. <strong>Labdanum<\/strong>, <strong>Tannenharz<\/strong> und edles <strong>Zedernholz<\/strong> schenken Onyx Black eine trockene, holzige Signatur, die lange anh\u00e4lt und f\u00fcr Stabilit\u00e4t sorgt. Diese Ingredienzien lassen den Duft wie einen Fels in der Brandung wirken \u2013 fest, selbstbewusst, maskulin.<\/p>\n\n\n\n<h2 class=\"wp-block-heading\"><strong>F\u00fcr wen ist Pana Dora Onyx Black geschaffen?<\/strong><\/h2>\n\n\n\n<p>Dieser Duft ist nichts f\u00fcr Unentschlossene. Er verlangt Haltung, Stil und ein tiefes Selbstbewusstsein. In meiner Boutique sehe ich oft M\u00e4nner, die genau diese Art von Parfum suchen: einen Duft, der nicht nur erg\u00e4nzt, sondern betont. <strong>Onyx Black<\/strong> ist ideal f\u00fcr den Mann, der Spuren hinterl\u00e4sst \u2013 im Raum, im Ged\u00e4chtnis, im Herzen anderer.<\/p>\n\n\n\n<p>Und ja, obwohl dieser Duft als maskulin beschrieben wird, glaube ich fest daran, dass jede Frau, die Lust auf ein markantes Statement hat, ihn f\u00fcr besondere Momente tragen kann. Mut wird hier belohnt.<\/p>\n\n\n\n<h2 class=\"wp-block-heading\"><strong>Mein pers\u00f6nliches Fazit<\/strong><\/h2>\n\n\n\n<p>Ich habe diesen Duft mehrfach getestet und jedes Mal wieder das gleiche Gef\u00fchl erlebt: Er erhebt mich. Es ist, als ob Onyx Black einen inneren Schalter umlegt \u2013 mehr Pr\u00e4senz, mehr Klarheit, mehr Kraft. Dieses Parfum verk\u00f6rpert eine innere Haltung \u2013 ein Ausdruck von Charakter und Stil, der nach au\u00dfen strahlt.<\/p>\n\n\n\n<h2 class=\"wp-block-heading\"><strong>Jetzt als Duftprobe erh\u00e4ltlich<\/strong><\/h2>\n\n\n\n<p>Neugierig geworden? In meinem Webshop biete Ich <strong>Pana Dora Onyx Black<\/strong> auch als <strong>Duftprobe<\/strong> an. So kannst du den Duft in Ruhe testen und sich selbst von seiner Qualit\u00e4t \u00fcberzeugen.<\/p>\n\n\n\n<p>\ud83d\udc49 <a href=\"https:\/\/nischenduft.ch\/startseite\/287-pana-dora-onyx-black-duftprobe.html#\/26-ml-2\" target=\"_blank\" rel=\"noreferrer noopener\"><strong>Hier Duftprobe bestellen<\/strong><\/a><\/p>\n\n\n\n<p><\/p>\n","protected":false},"excerpt":{"rendered":"<p>Pana Dora Onyx Black: Ein Meisterwerk der modernen Parf\u00fcmerie Mit dem Start ins Jahr 2025 pr\u00e4sentiert die schwedisch-arabische Nischenmarke Pana Dora ihr neuestes Meisterwerk: Onyx Black. Dieser Duft verk\u00f6rpert maskuline Eleganz und eine unverkennbare Pr\u00e4senz, die sowohl Kenner als auch Neulinge in der Welt der Parf\u00fcmerie begeistert. Der erste Eindruck von Pana Dora Onyx Black&#8230;<\/p>\n","protected":false},"author":1,"featured_media":429,"comment_status":"open","ping_status":"open","sticky":false,"template":"","format":"standard","meta":{"_kad_post_transparent":"","_kad_post_title":"","_kad_post_layout":"","_kad_post_sidebar_id":"","_kad_post_content_style":"","_kad_post_vertical_padding":"","_kad_post_feature":"","_kad_post_feature_position":"","_kad_post_header":false,"_kad_post_footer":false,"footnotes":""},"categories":[1],"tags":[48,230,228,229,227,231,3],"class_list":["post-428","post","type-post","status-publish","format-standard","has-post-thumbnail","hentry","category-parfuem-bewertungen-echte-erfahrungen-zu-exklusiven-dueften","tag-duftprobe-kaufen-nischenduefte-in-praktischer-groesse-testen","tag-onyx-black-abfuellung","tag-onyx-black-duftprobe","tag-onyx-black-review","tag-pana-dora-onyx-black","tag-pana-dora-schweiz","tag-parfum-bewertung"],"yoast_head":"<!-- This site is optimized with the Yoast SEO plugin v23.6 - https:\/\/yoast.com\/wordpress\/plugins\/seo\/ -->\n<title>Pana Dora Onyx Black \u2013 Die neue Duftikone f\u00fcr 2025 - Die Welt der Nischend\u00fcfte: Exklusive Duftkreationen und Duftgeschichten<\/title>\n<meta name=\"description\" content=\"Pana Dora Onyx Black \u2013 markanter Herrenduft mit Safran &amp; Zedernholz. Jetzt Duftprobe bestellen und die kraftvolle Komposition erleben!\" \/>\n<meta name=\"robots\" content=\"index, follow, max-snippet:-1, max-image-preview:large, max-video-preview:-1\" \/>\n<link rel=\"canonical\" href=\"https:\/\/nischenduft.ch\/blog\/parfuem-bewertungen-echte-erfahrungen-zu-exklusiven-dueften\/pana-dora-onyx-black-test-duftprobe-luxurioeser-herrenduft-2025\/\" \/>\n<meta property=\"og:locale\" content=\"de_DE\" \/>\n<meta property=\"og:type\" content=\"article\" \/>\n<meta property=\"og:title\" content=\"Pana Dora Onyx Black \u2013 Die neue Duftikone f\u00fcr 2025 - Die Welt der Nischend\u00fcfte: Exklusive Duftkreationen und Duftgeschichten\" \/>\n<meta property=\"og:description\" content=\"Pana Dora Onyx Black \u2013 markanter Herrenduft mit Safran &amp; Zedernholz. Jetzt Duftprobe bestellen und die kraftvolle Komposition erleben!\" \/>\n<meta property=\"og:url\" content=\"https:\/\/nischenduft.ch\/blog\/parfuem-bewertungen-echte-erfahrungen-zu-exklusiven-dueften\/pana-dora-onyx-black-test-duftprobe-luxurioeser-herrenduft-2025\/\" \/>\n<meta property=\"og:site_name\" content=\"Die Welt der Nischend\u00fcfte: Exklusive Duftkreationen und Duftgeschichten\" \/>\n<meta property=\"article:published_time\" content=\"2025-05-05T18:15:06+00:00\" \/>\n<meta property=\"article:modified_time\" content=\"2025-05-05T18:15:08+00:00\" \/>\n<meta property=\"og:image\" content=\"https:\/\/nischenduft.ch\/blog\/wp-content\/uploads\/2025\/05\/pana-dora-onyx-black-scaled-e1746468434349.jpg\" \/>\n\t<meta property=\"og:image:width\" content=\"1707\" \/>\n\t<meta property=\"og:image:height\" content=\"1655\" \/>\n\t<meta property=\"og:image:type\" content=\"image\/jpeg\" \/>\n<meta name=\"author\" content=\"alina\" \/>\n<meta name=\"twitter:card\" content=\"summary_large_image\" \/>\n<meta name=\"twitter:label1\" content=\"Verfasst von\" \/>\n\t<meta name=\"twitter:data1\" content=\"alina\" \/>\n\t<meta name=\"twitter:label2\" content=\"Gesch\u00e4tzte Lesezeit\" \/>\n\t<meta name=\"twitter:data2\" content=\"4\u00a0Minuten\" \/>\n<script type=\"application\/ld+json\" class=\"yoast-schema-graph\">{\"@context\":\"https:\/\/schema.org\",\"@graph\":[{\"@type\":\"Article\",\"@id\":\"https:\/\/nischenduft.ch\/blog\/parfuem-bewertungen-echte-erfahrungen-zu-exklusiven-dueften\/pana-dora-onyx-black-test-duftprobe-luxurioeser-herrenduft-2025\/#article\",\"isPartOf\":{\"@id\":\"https:\/\/nischenduft.ch\/blog\/parfuem-bewertungen-echte-erfahrungen-zu-exklusiven-dueften\/pana-dora-onyx-black-test-duftprobe-luxurioeser-herrenduft-2025\/\"},\"author\":{\"name\":\"alina\",\"@id\":\"https:\/\/nischenduft.ch\/blog\/#\/schema\/person\/7b7800cc92a338df0412cefcf5a97a25\"},\"headline\":\"Pana Dora Onyx Black \u2013 Die neue Duftikone f\u00fcr 2025\",\"datePublished\":\"2025-05-05T18:15:06+00:00\",\"dateModified\":\"2025-05-05T18:15:08+00:00\",\"mainEntityOfPage\":{\"@id\":\"https:\/\/nischenduft.ch\/blog\/parfuem-bewertungen-echte-erfahrungen-zu-exklusiven-dueften\/pana-dora-onyx-black-test-duftprobe-luxurioeser-herrenduft-2025\/\"},\"wordCount\":522,\"commentCount\":0,\"publisher\":{\"@id\":\"https:\/\/nischenduft.ch\/blog\/#organization\"},\"image\":{\"@id\":\"https:\/\/nischenduft.ch\/blog\/parfuem-bewertungen-echte-erfahrungen-zu-exklusiven-dueften\/pana-dora-onyx-black-test-duftprobe-luxurioeser-herrenduft-2025\/#primaryimage\"},\"thumbnailUrl\":\"https:\/\/nischenduft.ch\/blog\/wp-content\/uploads\/2025\/05\/pana-dora-onyx-black-scaled-e1746468434349.jpg\",\"keywords\":[\"Duftprobe\",\"Onyx Black abf\u00fcllung\",\"Onyx Black duftprobe\",\"Onyx Black review\",\"Pana Dora Onyx Black\",\"pana dora schweiz\",\"Parfum bewertung\"],\"articleSection\":[\"Parfum-Bewertungen\"],\"inLanguage\":\"de\",\"potentialAction\":[{\"@type\":\"CommentAction\",\"name\":\"Comment\",\"target\":[\"https:\/\/nischenduft.ch\/blog\/parfuem-bewertungen-echte-erfahrungen-zu-exklusiven-dueften\/pana-dora-onyx-black-test-duftprobe-luxurioeser-herrenduft-2025\/#respond\"]}]},{\"@type\":\"WebPage\",\"@id\":\"https:\/\/nischenduft.ch\/blog\/parfuem-bewertungen-echte-erfahrungen-zu-exklusiven-dueften\/pana-dora-onyx-black-test-duftprobe-luxurioeser-herrenduft-2025\/\",\"url\":\"https:\/\/nischenduft.ch\/blog\/parfuem-bewertungen-echte-erfahrungen-zu-exklusiven-dueften\/pana-dora-onyx-black-test-duftprobe-luxurioeser-herrenduft-2025\/\",\"name\":\"Pana Dora Onyx Black \u2013 Die neue Duftikone f\u00fcr 2025 - Die Welt der Nischend\u00fcfte: Exklusive Duftkreationen und Duftgeschichten\",\"isPartOf\":{\"@id\":\"https:\/\/nischenduft.ch\/blog\/#website\"},\"primaryImageOfPage\":{\"@id\":\"https:\/\/nischenduft.ch\/blog\/parfuem-bewertungen-echte-erfahrungen-zu-exklusiven-dueften\/pana-dora-onyx-black-test-duftprobe-luxurioeser-herrenduft-2025\/#primaryimage\"},\"image\":{\"@id\":\"https:\/\/nischenduft.ch\/blog\/parfuem-bewertungen-echte-erfahrungen-zu-exklusiven-dueften\/pana-dora-onyx-black-test-duftprobe-luxurioeser-herrenduft-2025\/#primaryimage\"},\"thumbnailUrl\":\"https:\/\/nischenduft.ch\/blog\/wp-content\/uploads\/2025\/05\/pana-dora-onyx-black-scaled-e1746468434349.jpg\",\"datePublished\":\"2025-05-05T18:15:06+00:00\",\"dateModified\":\"2025-05-05T18:15:08+00:00\",\"description\":\"Pana Dora Onyx Black \u2013 markanter Herrenduft mit Safran & Zedernholz. Jetzt Duftprobe bestellen und die kraftvolle Komposition erleben!\",\"breadcrumb\":{\"@id\":\"https:\/\/nischenduft.ch\/blog\/parfuem-bewertungen-echte-erfahrungen-zu-exklusiven-dueften\/pana-dora-onyx-black-test-duftprobe-luxurioeser-herrenduft-2025\/#breadcrumb\"},\"inLanguage\":\"de\",\"potentialAction\":[{\"@type\":\"ReadAction\",\"target\":[\"https:\/\/nischenduft.ch\/blog\/parfuem-bewertungen-echte-erfahrungen-zu-exklusiven-dueften\/pana-dora-onyx-black-test-duftprobe-luxurioeser-herrenduft-2025\/\"]}]},{\"@type\":\"ImageObject\",\"inLanguage\":\"de\",\"@id\":\"https:\/\/nischenduft.ch\/blog\/parfuem-bewertungen-echte-erfahrungen-zu-exklusiven-dueften\/pana-dora-onyx-black-test-duftprobe-luxurioeser-herrenduft-2025\/#primaryimage\",\"url\":\"https:\/\/nischenduft.ch\/blog\/wp-content\/uploads\/2025\/05\/pana-dora-onyx-black-scaled-e1746468434349.jpg\",\"contentUrl\":\"https:\/\/nischenduft.ch\/blog\/wp-content\/uploads\/2025\/05\/pana-dora-onyx-black-scaled-e1746468434349.jpg\",\"width\":1707,\"height\":1655,\"caption\":\"Pana Dora Onyx Black \u2013 der maskuline Duftklassiker im ikonischen Flakon mit Hirschkopf.\"},{\"@type\":\"BreadcrumbList\",\"@id\":\"https:\/\/nischenduft.ch\/blog\/parfuem-bewertungen-echte-erfahrungen-zu-exklusiven-dueften\/pana-dora-onyx-black-test-duftprobe-luxurioeser-herrenduft-2025\/#breadcrumb\",\"itemListElement\":[{\"@type\":\"ListItem\",\"position\":1,\"name\":\"Startseite\",\"item\":\"https:\/\/nischenduft.ch\/blog\/\"},{\"@type\":\"ListItem\",\"position\":2,\"name\":\"Pana Dora Onyx Black \u2013 Die neue Duftikone f\u00fcr 2025\"}]},{\"@type\":\"WebSite\",\"@id\":\"https:\/\/nischenduft.ch\/blog\/#website\",\"url\":\"https:\/\/nischenduft.ch\/blog\/\",\"name\":\"Die Welt der Nischend\u00fcfte: Exklusive Duftkreationen und Duftgeschichten\",\"description\":\"\",\"publisher\":{\"@id\":\"https:\/\/nischenduft.ch\/blog\/#organization\"},\"potentialAction\":[{\"@type\":\"SearchAction\",\"target\":{\"@type\":\"EntryPoint\",\"urlTemplate\":\"https:\/\/nischenduft.ch\/blog\/?s={search_term_string}\"},\"query-input\":{\"@type\":\"PropertyValueSpecification\",\"valueRequired\":true,\"valueName\":\"search_term_string\"}}],\"inLanguage\":\"de\"},{\"@type\":\"Organization\",\"@id\":\"https:\/\/nischenduft.ch\/blog\/#organization\",\"name\":\"Die Welt der Nischend\u00fcfte: Exklusive Duftkreationen und Duftgeschichten\",\"url\":\"https:\/\/nischenduft.ch\/blog\/\",\"logo\":{\"@type\":\"ImageObject\",\"inLanguage\":\"de\",\"@id\":\"https:\/\/nischenduft.ch\/blog\/#\/schema\/logo\/image\/\",\"url\":\"https:\/\/nischenduft.ch\/blog\/wp-content\/uploads\/2024\/10\/cropped-nischenduft_logo.jpg\",\"contentUrl\":\"https:\/\/nischenduft.ch\/blog\/wp-content\/uploads\/2024\/10\/cropped-nischenduft_logo.jpg\",\"width\":528,\"height\":491,\"caption\":\"Die Welt der Nischend\u00fcfte: Exklusive Duftkreationen und Duftgeschichten\"},\"image\":{\"@id\":\"https:\/\/nischenduft.ch\/blog\/#\/schema\/logo\/image\/\"}},{\"@type\":\"Person\",\"@id\":\"https:\/\/nischenduft.ch\/blog\/#\/schema\/person\/7b7800cc92a338df0412cefcf5a97a25\",\"name\":\"alina\",\"image\":{\"@type\":\"ImageObject\",\"inLanguage\":\"de\",\"@id\":\"https:\/\/nischenduft.ch\/blog\/#\/schema\/person\/image\/\",\"url\":\"https:\/\/secure.gravatar.com\/avatar\/be209b8c6c907c7741779cc8c0430dee?s=96&d=mm&r=g\",\"contentUrl\":\"https:\/\/secure.gravatar.com\/avatar\/be209b8c6c907c7741779cc8c0430dee?s=96&d=mm&r=g\",\"caption\":\"alina\"},\"sameAs\":[\"https:\/\/nischenduft.ch\/blog\"],\"url\":\"https:\/\/nischenduft.ch\/blog\/author\/alina\/\"}]}<\/script>\n<!-- \/ Yoast SEO plugin. -->","yoast_head_json":{"title":"Pana Dora Onyx Black \u2013 Die neue Duftikone f\u00fcr 2025 - Die Welt der Nischend\u00fcfte: Exklusive Duftkreationen und Duftgeschichten","description":"Pana Dora Onyx Black \u2013 markanter Herrenduft mit Safran & Zedernholz. Jetzt Duftprobe bestellen und die kraftvolle Komposition erleben!","robots":{"index":"index","follow":"follow","max-snippet":"max-snippet:-1","max-image-preview":"max-image-preview:large","max-video-preview":"max-video-preview:-1"},"canonical":"https:\/\/nischenduft.ch\/blog\/parfuem-bewertungen-echte-erfahrungen-zu-exklusiven-dueften\/pana-dora-onyx-black-test-duftprobe-luxurioeser-herrenduft-2025\/","og_locale":"de_DE","og_type":"article","og_title":"Pana Dora Onyx Black \u2013 Die neue Duftikone f\u00fcr 2025 - Die Welt der Nischend\u00fcfte: Exklusive Duftkreationen und Duftgeschichten","og_description":"Pana Dora Onyx Black \u2013 markanter Herrenduft mit Safran & Zedernholz. Jetzt Duftprobe bestellen und die kraftvolle Komposition erleben!","og_url":"https:\/\/nischenduft.ch\/blog\/parfuem-bewertungen-echte-erfahrungen-zu-exklusiven-dueften\/pana-dora-onyx-black-test-duftprobe-luxurioeser-herrenduft-2025\/","og_site_name":"Die Welt der Nischend\u00fcfte: Exklusive Duftkreationen und Duftgeschichten","article_published_time":"2025-05-05T18:15:06+00:00","article_modified_time":"2025-05-05T18:15:08+00:00","og_image":[{"width":1707,"height":1655,"url":"https:\/\/nischenduft.ch\/blog\/wp-content\/uploads\/2025\/05\/pana-dora-onyx-black-scaled-e1746468434349.jpg","type":"image\/jpeg"}],"author":"alina","twitter_card":"summary_large_image","twitter_misc":{"Verfasst von":"alina","Gesch\u00e4tzte Lesezeit":"4\u00a0Minuten"},"schema":{"@context":"https:\/\/schema.org","@graph":[{"@type":"Article","@id":"https:\/\/nischenduft.ch\/blog\/parfuem-bewertungen-echte-erfahrungen-zu-exklusiven-dueften\/pana-dora-onyx-black-test-duftprobe-luxurioeser-herrenduft-2025\/#article","isPartOf":{"@id":"https:\/\/nischenduft.ch\/blog\/parfuem-bewertungen-echte-erfahrungen-zu-exklusiven-dueften\/pana-dora-onyx-black-test-duftprobe-luxurioeser-herrenduft-2025\/"},"author":{"name":"alina","@id":"https:\/\/nischenduft.ch\/blog\/#\/schema\/person\/7b7800cc92a338df0412cefcf5a97a25"},"headline":"Pana Dora Onyx Black \u2013 Die neue Duftikone f\u00fcr 2025","datePublished":"2025-05-05T18:15:06+00:00","dateModified":"2025-05-05T18:15:08+00:00","mainEntityOfPage":{"@id":"https:\/\/nischenduft.ch\/blog\/parfuem-bewertungen-echte-erfahrungen-zu-exklusiven-dueften\/pana-dora-onyx-black-test-duftprobe-luxurioeser-herrenduft-2025\/"},"wordCount":522,"commentCount":0,"publisher":{"@id":"https:\/\/nischenduft.ch\/blog\/#organization"},"image":{"@id":"https:\/\/nischenduft.ch\/blog\/parfuem-bewertungen-echte-erfahrungen-zu-exklusiven-dueften\/pana-dora-onyx-black-test-duftprobe-luxurioeser-herrenduft-2025\/#primaryimage"},"thumbnailUrl":"https:\/\/nischenduft.ch\/blog\/wp-content\/uploads\/2025\/05\/pana-dora-onyx-black-scaled-e1746468434349.jpg","keywords":["Duftprobe","Onyx Black abf\u00fcllung","Onyx Black duftprobe","Onyx Black review","Pana Dora Onyx Black","pana dora schweiz","Parfum bewertung"],"articleSection":["Parfum-Bewertungen"],"inLanguage":"de","potentialAction":[{"@type":"CommentAction","name":"Comment","target":["https:\/\/nischenduft.ch\/blog\/parfuem-bewertungen-echte-erfahrungen-zu-exklusiven-dueften\/pana-dora-onyx-black-test-duftprobe-luxurioeser-herrenduft-2025\/#respond"]}]},{"@type":"WebPage","@id":"https:\/\/nischenduft.ch\/blog\/parfuem-bewertungen-echte-erfahrungen-zu-exklusiven-dueften\/pana-dora-onyx-black-test-duftprobe-luxurioeser-herrenduft-2025\/","url":"https:\/\/nischenduft.ch\/blog\/parfuem-bewertungen-echte-erfahrungen-zu-exklusiven-dueften\/pana-dora-onyx-black-test-duftprobe-luxurioeser-herrenduft-2025\/","name":"Pana Dora Onyx Black \u2013 Die neue Duftikone f\u00fcr 2025 - Die Welt der Nischend\u00fcfte: Exklusive Duftkreationen und Duftgeschichten","isPartOf":{"@id":"https:\/\/nischenduft.ch\/blog\/#website"},"primaryImageOfPage":{"@id":"https:\/\/nischenduft.ch\/blog\/parfuem-bewertungen-echte-erfahrungen-zu-exklusiven-dueften\/pana-dora-onyx-black-test-duftprobe-luxurioeser-herrenduft-2025\/#primaryimage"},"image":{"@id":"https:\/\/nischenduft.ch\/blog\/parfuem-bewertungen-echte-erfahrungen-zu-exklusiven-dueften\/pana-dora-onyx-black-test-duftprobe-luxurioeser-herrenduft-2025\/#primaryimage"},"thumbnailUrl":"https:\/\/nischenduft.ch\/blog\/wp-content\/uploads\/2025\/05\/pana-dora-onyx-black-scaled-e1746468434349.jpg","datePublished":"2025-05-05T18:15:06+00:00","dateModified":"2025-05-05T18:15:08+00:00","description":"Pana Dora Onyx Black \u2013 markanter Herrenduft mit Safran & Zedernholz. Jetzt Duftprobe bestellen und die kraftvolle Komposition erleben!","breadcrumb":{"@id":"https:\/\/nischenduft.ch\/blog\/parfuem-bewertungen-echte-erfahrungen-zu-exklusiven-dueften\/pana-dora-onyx-black-test-duftprobe-luxurioeser-herrenduft-2025\/#breadcrumb"},"inLanguage":"de","potentialAction":[{"@type":"ReadAction","target":["https:\/\/nischenduft.ch\/blog\/parfuem-bewertungen-echte-erfahrungen-zu-exklusiven-dueften\/pana-dora-onyx-black-test-duftprobe-luxurioeser-herrenduft-2025\/"]}]},{"@type":"ImageObject","inLanguage":"de","@id":"https:\/\/nischenduft.ch\/blog\/parfuem-bewertungen-echte-erfahrungen-zu-exklusiven-dueften\/pana-dora-onyx-black-test-duftprobe-luxurioeser-herrenduft-2025\/#primaryimage","url":"https:\/\/nischenduft.ch\/blog\/wp-content\/uploads\/2025\/05\/pana-dora-onyx-black-scaled-e1746468434349.jpg","contentUrl":"https:\/\/nischenduft.ch\/blog\/wp-content\/uploads\/2025\/05\/pana-dora-onyx-black-scaled-e1746468434349.jpg","width":1707,"height":1655,"caption":"Pana Dora Onyx Black \u2013 der maskuline Duftklassiker im ikonischen Flakon mit Hirschkopf."},{"@type":"BreadcrumbList","@id":"https:\/\/nischenduft.ch\/blog\/parfuem-bewertungen-echte-erfahrungen-zu-exklusiven-dueften\/pana-dora-onyx-black-test-duftprobe-luxurioeser-herrenduft-2025\/#breadcrumb","itemListElement":[{"@type":"ListItem","position":1,"name":"Startseite","item":"https:\/\/nischenduft.ch\/blog\/"},{"@type":"ListItem","position":2,"name":"Pana Dora Onyx Black \u2013 Die neue Duftikone f\u00fcr 2025"}]},{"@type":"WebSite","@id":"https:\/\/nischenduft.ch\/blog\/#website","url":"https:\/\/nischenduft.ch\/blog\/","name":"Die Welt der Nischend\u00fcfte: Exklusive Duftkreationen und Duftgeschichten","description":"","publisher":{"@id":"https:\/\/nischenduft.ch\/blog\/#organization"},"potentialAction":[{"@type":"SearchAction","target":{"@type":"EntryPoint","urlTemplate":"https:\/\/nischenduft.ch\/blog\/?s={search_term_string}"},"query-input":{"@type":"PropertyValueSpecification","valueRequired":true,"valueName":"search_term_string"}}],"inLanguage":"de"},{"@type":"Organization","@id":"https:\/\/nischenduft.ch\/blog\/#organization","name":"Die Welt der Nischend\u00fcfte: Exklusive Duftkreationen und Duftgeschichten","url":"https:\/\/nischenduft.ch\/blog\/","logo":{"@type":"ImageObject","inLanguage":"de","@id":"https:\/\/nischenduft.ch\/blog\/#\/schema\/logo\/image\/","url":"https:\/\/nischenduft.ch\/blog\/wp-content\/uploads\/2024\/10\/cropped-nischenduft_logo.jpg","contentUrl":"https:\/\/nischenduft.ch\/blog\/wp-content\/uploads\/2024\/10\/cropped-nischenduft_logo.jpg","width":528,"height":491,"caption":"Die Welt der Nischend\u00fcfte: Exklusive Duftkreationen und Duftgeschichten"},"image":{"@id":"https:\/\/nischenduft.ch\/blog\/#\/schema\/logo\/image\/"}},{"@type":"Person","@id":"https:\/\/nischenduft.ch\/blog\/#\/schema\/person\/7b7800cc92a338df0412cefcf5a97a25","name":"alina","image":{"@type":"ImageObject","inLanguage":"de","@id":"https:\/\/nischenduft.ch\/blog\/#\/schema\/person\/image\/","url":"https:\/\/secure.gravatar.com\/avatar\/be209b8c6c907c7741779cc8c0430dee?s=96&d=mm&r=g","contentUrl":"https:\/\/secure.gravatar.com\/avatar\/be209b8c6c907c7741779cc8c0430dee?s=96&d=mm&r=g","caption":"alina"},"sameAs":["https:\/\/nischenduft.ch\/blog"],"url":"https:\/\/nischenduft.ch\/blog\/author\/alina\/"}]}},"_links":{"self":[{"href":"https:\/\/nischenduft.ch\/blog\/wp-json\/wp\/v2\/posts\/428","targetHints":{"allow":["GET"]}}],"collection":[{"href":"https:\/\/nischenduft.ch\/blog\/wp-json\/wp\/v2\/posts"}],"about":[{"href":"https:\/\/nischenduft.ch\/blog\/wp-json\/wp\/v2\/types\/post"}],"author":[{"embeddable":true,"href":"https:\/\/nischenduft.ch\/blog\/wp-json\/wp\/v2\/users\/1"}],"replies":[{"embeddable":true,"href":"https:\/\/nischenduft.ch\/blog\/wp-json\/wp\/v2\/comments?post=428"}],"version-history":[{"count":1,"href":"https:\/\/nischenduft.ch\/blog\/wp-json\/wp\/v2\/posts\/428\/revisions"}],"predecessor-version":[{"id":432,"href":"https:\/\/nischenduft.ch\/blog\/wp-json\/wp\/v2\/posts\/428\/revisions\/432"}],"wp:featuredmedia":[{"embeddable":true,"href":"https:\/\/nischenduft.ch\/blog\/wp-json\/wp\/v2\/media\/429"}],"wp:attachment":[{"href":"https:\/\/nischenduft.ch\/blog\/wp-json\/wp\/v2\/media?parent=428"}],"wp:term":[{"taxonomy":"category","embeddable":true,"href":"https:\/\/nischenduft.ch\/blog\/wp-json\/wp\/v2\/categories?post=428"},{"taxonomy":"post_tag","embeddable":true,"href":"https:\/\/nischenduft.ch\/blog\/wp-json\/wp\/v2\/tags?post=428"}],"curies":[{"name":"wp","href":"https:\/\/api.w.org\/{rel}","templated":true}]}}