{"id":393,"date":"2025-04-26T19:25:09","date_gmt":"2025-04-26T17:25:09","guid":{"rendered":"https:\/\/nischenduft.ch\/blog\/?p=393"},"modified":"2025-04-26T20:12:42","modified_gmt":"2025-04-26T18:12:42","slug":"wonach-riecht-der-fruehling-entdecke-frische-und-blumige-parfums","status":"publish","type":"post","link":"https:\/\/nischenduft.ch\/blog\/season-hits\/wonach-riecht-der-fruehling-entdecke-frische-und-blumige-parfums\/","title":{"rendered":"Wonach riecht der Fr\u00fchling?\ud83c\udf31"},"content":{"rendered":"\n<p>Wonach riecht der Fr\u00fchling?<\/p>\n\n\n\n<p>Der Fr\u00fchling duftet nach Hoffnung. Nach frischer Erde, nach neuem Leben. Jede Phase des Fr\u00fchlings \u2013 vom ersten Tau bis zur Bl\u00fctezeit der Lindenb\u00e4ume \u2013 hat ihren ganz eigenen Duft.<\/p>\n\n\n\n<p>F\u00fcr mich beginnt der Fr\u00fchling nicht mit dem Kalender, sondern mit einem bestimmten Duft in der Luft.<br>Dieses besondere Aroma \u2013 feucht, erdig, gr\u00fcn \u2013 ist das erste Zeichen, dass der Winter wirklich vorbei ist.<\/p>\n\n\n\n<p>Ich m\u00f6chte dich heute auf eine kleine Duftreise durch den Fr\u00fchling mitnehmen und dir Parfums zeigen, die f\u00fcr mich genau diese Magie einfangen.<br><strong>Wenn du m\u00f6chtest, kannst du meine Duftproben <a href=\"https:\/\/nischenduft.ch\/\" target=\"_blank\" rel=\"noreferrer noopener\">hier in Onlineshop<\/a> entdecken und ausprobieren.<\/strong><\/p>\n\n\n\n<h2 class=\"wp-block-heading\">Fr\u00fchlingserwachen: Wonach riecht der fr\u00fche Fr\u00fchling?<\/h2>\n\n\n\n<p>Die fr\u00fche Fr\u00fchlingszeit duftet nach feuchter Erde, schmelzendem Schnee, nassem Holz und den ersten zarten Trieben.<br>Ein Duft voller Versprechen und Erwachen.<\/p>\n\n\n\n<p>Ein faszinierendes Detail: Der Hauptbestandteil dieses Duftes ist ein Molek\u00fcl namens <strong>Geosmin<\/strong>.<br>Es ist verantwortlich f\u00fcr den typischen Geruch von nasser Erde und Torf.<br>W\u00e4hrend der Evolution haben wir Menschen eine unglaubliche Empfindlichkeit gegen\u00fcber Geosmin entwickelt \u2013 wir k\u00f6nnen es bereits in winzigsten Spuren wahrnehmen, \u00e4hnlich wie den Duft von Ozon nach einem Gewitter.<br>Gerade erst wurde im <a href=\"https:\/\/www.nature.com\/articles\/s41564-020-0697-x\">Magazin <em>Nature<\/em><\/a> eine neue Studie ver\u00f6ffentlicht: Geosmin beeinflusst sogar das Schutzverhalten von Bienen!<br>Nicht nur wir, sondern auch viele Insekten reagieren extrem feinf\u00fchlig auf diesen erdigen Duft.<\/p>\n\n\n\n<p>Wenn du diesen erdigen Fr\u00fchlingshauch einfangen m\u00f6chtest, dann k\u00f6nnte dir folgendes gefallen:<\/p>\n\n\n\n<figure class=\"wp-block-image size-large\"><img loading=\"lazy\" decoding=\"async\" width=\"1024\" height=\"768\" src=\"https:\/\/nischenduft.ch\/blog\/wp-content\/uploads\/2025\/04\/Nishane-AniHacivatChypreToscano-1-1024x768.jpg\" alt=\"Wonach riecht der Fr\u00fchling -Unique'e Chypre Toscano, Nishane Hacivat , Nishane Ani\" class=\"wp-image-402\" srcset=\"https:\/\/nischenduft.ch\/blog\/wp-content\/uploads\/2025\/04\/Nishane-AniHacivatChypreToscano-1-1024x768.jpg 1024w, https:\/\/nischenduft.ch\/blog\/wp-content\/uploads\/2025\/04\/Nishane-AniHacivatChypreToscano-1-300x225.jpg 300w, https:\/\/nischenduft.ch\/blog\/wp-content\/uploads\/2025\/04\/Nishane-AniHacivatChypreToscano-1-768x576.jpg 768w, https:\/\/nischenduft.ch\/blog\/wp-content\/uploads\/2025\/04\/Nishane-AniHacivatChypreToscano-1-1536x1152.jpg 1536w, https:\/\/nischenduft.ch\/blog\/wp-content\/uploads\/2025\/04\/Nishane-AniHacivatChypreToscano-1-2048x1535.jpg 2048w\" sizes=\"auto, (max-width: 1024px) 100vw, 1024px\" \/><figcaption class=\"wp-element-caption\">Wonach riecht der Fr\u00fchling -Unique&#8217;e Chypre Toscano, Nishane Hacivat , Nishane Ani<\/figcaption><\/figure>\n\n\n\n<p><strong>Xerjoff Malesia<\/strong><br>Frisch gepfl\u00fcgte, nasse Erde, pralle Knospen nach einem langen Winter, aufgeweichtes Holz und die ersten Anzeichen von jungem Gras.<\/p>\n\n\n\n<blockquote class=\"wp-block-quote is-layout-flow wp-block-quote-is-layout-flow\">\n<p>\ud83d\udc49zum <a href=\"https:\/\/nischenduft.ch\/startseite\/165-xerjoff-oud-stars-malesia.html#\/26-ml-2\">Xerjoff Malesia <\/a>Duftprobe<\/p>\n<\/blockquote>\n\n\n\n<p><strong>Stephane Humbert Lucas Soleil de Jeddah<\/strong><br>Hier k\u00f6nnen Sie die ber\u00fchmte Geosmin-Note erschnuppern \u2013 der Duft nasser Erde nach einem Fr\u00fchlingsregen und G\u00e4nsebl\u00fcmchen.<\/p>\n\n\n\n<blockquote class=\"wp-block-quote is-layout-flow wp-block-quote-is-layout-flow\">\n<p>\ud83d\udc49Teste <a href=\"https:\/\/nischenduft.ch\/startseite\/107-stephane-humbert-lucas-777-soleil-de-jeddah.html#\/26-ml-2\">Stephane Humbert Lucas Soleil de Jeddah<\/a><\/p>\n<\/blockquote>\n\n\n\n<p><strong>Dusita La Pavillon d&#8217;Or<\/strong><br>Gr\u00fcn-bittere, \u00f6lige Pappelknospen, feuchtes Holz, ein Hauch Minze und cremiges Sandelholz. Wie ein Fr\u00fchlingspark im Morgengrauen.<\/p>\n\n\n\n<blockquote class=\"wp-block-quote is-layout-flow wp-block-quote-is-layout-flow\">\n<p>\ud83d\udc49Abf\u00fcllung von <a href=\"https:\/\/nischenduft.ch\/startseite\/38-dusita-parfums-le-pavillon-d-or.html#\/26-ml-2\">Dusita La Pavillon d&#8217;Or<\/a><\/p>\n<\/blockquote>\n\n\n\n<p><strong>Roja A Midsummer Dream<\/strong><br>Ein poetischer Flirt mit den gr\u00fcnen Noten von Knospen und taufrischem Holz \u2013 tr\u00e4umerisch und elegant.<\/p>\n\n\n\n<blockquote class=\"wp-block-quote is-layout-flow wp-block-quote-is-layout-flow\">\n<p>\ud83d\udc49Duftprobe von <a href=\"https:\/\/nischenduft.ch\/startseite\/101-roja-a-midsummer-dream.html#\/26-ml-2\">Roja A Midsummer Dream<\/a><\/p>\n<\/blockquote>\n\n\n\n<p><strong>Nishane Ani<\/strong><br>Eine w\u00fcrzige S\u00fc\u00dfe trifft auf gr\u00fcne Bitterkeit und saftiges Blattwerk \u2013 Fr\u00fchling mit Kontrast und Charakter.<\/p>\n\n\n\n<blockquote class=\"wp-block-quote is-layout-flow wp-block-quote-is-layout-flow\">\n<p>\ud83d\udc49Entdecke <a href=\"https:\/\/nischenduft.ch\/startseite\/80-nishane-ani.html#\/26-ml-2\">Nishane Ani<\/a><\/p>\n<\/blockquote>\n\n\n\n<p><strong>\u2192 Alle Duftproben, die nach Fr\u00fchlingserwachen riechen, findest du <a href=\"https:\/\/nischenduft.ch\/\">hier<\/a>!<\/strong><\/p>\n\n\n\n<hr class=\"wp-block-separator has-alpha-channel-opacity\"\/>\n\n\n\n<h2 class=\"wp-block-heading\">Wenn der Fr\u00fchling aufbl\u00fcht: Die volle Duftpracht<\/h2>\n\n\n\n<p>Im Mai ver\u00e4ndert der Fr\u00fchling seinen Charakter.<br>Die Luft ist jetzt schwer von Bl\u00fctenduft, Honig, Sonnenstrahlen und einem Hauch wilder Natur.<\/p>\n\n\n\n<p><strong>Marc-Antoine Barrois Tilia<\/strong><br>F\u00fcr mich der perfekte Duft der Lindenbl\u00fcte: sonnig, weich, honigs\u00fc\u00df \u2013 eine Hommage an die verschwenderische Sch\u00f6nheit des sp\u00e4ten Fr\u00fchlings.<\/p>\n\n\n\n<blockquote class=\"wp-block-quote is-layout-flow wp-block-quote-is-layout-flow\">\n<p>\ud83d\udc49<a href=\"https:\/\/nischenduft.ch\/startseite\/217-marc-antoine-barrois-tilia.html#\/26-ml-2\">Marc-Antoine Barrois Tilia<\/a> als Duftprobe<\/p>\n<\/blockquote>\n\n\n\n<figure class=\"wp-block-image size-large\"><img loading=\"lazy\" decoding=\"async\" width=\"1024\" height=\"1024\" src=\"https:\/\/nischenduft.ch\/blog\/wp-content\/uploads\/2025\/04\/ValayaTiliaSleeping-on-the-roof-1024x1024.jpg\" alt=\"Parfums De Marly Valaya, M-A Barrois Tilia, Floraiku Sleeping on the Roof \" class=\"wp-image-401\" srcset=\"https:\/\/nischenduft.ch\/blog\/wp-content\/uploads\/2025\/04\/ValayaTiliaSleeping-on-the-roof-1024x1024.jpg 1024w, https:\/\/nischenduft.ch\/blog\/wp-content\/uploads\/2025\/04\/ValayaTiliaSleeping-on-the-roof-300x300.jpg 300w, https:\/\/nischenduft.ch\/blog\/wp-content\/uploads\/2025\/04\/ValayaTiliaSleeping-on-the-roof-150x150.jpg 150w, https:\/\/nischenduft.ch\/blog\/wp-content\/uploads\/2025\/04\/ValayaTiliaSleeping-on-the-roof-768x768.jpg 768w, https:\/\/nischenduft.ch\/blog\/wp-content\/uploads\/2025\/04\/ValayaTiliaSleeping-on-the-roof-1536x1536.jpg 1536w, https:\/\/nischenduft.ch\/blog\/wp-content\/uploads\/2025\/04\/ValayaTiliaSleeping-on-the-roof-2048x2048.jpg 2048w\" sizes=\"auto, (max-width: 1024px) 100vw, 1024px\" \/><figcaption class=\"wp-element-caption\">Parfums De Marly Valaya, M-A Barrois Tilia, Floraiku Sleeping on the Roof <\/figcaption><\/figure>\n\n\n\n<p><strong>Parfums de Marly Valaya<\/strong><br>Die klare Frische k\u00fchler Fr\u00fchlingsblumen, kombiniert mit zarten Pfirsichnoten. Rein, feminin und leicht wie ein warmer Fr\u00fchlingsmorgen.<\/p>\n\n\n\n<blockquote class=\"wp-block-quote is-layout-flow wp-block-quote-is-layout-flow\">\n<p>\ud83d\udc49Lass dich verf\u00fchren von <a href=\"https:\/\/nischenduft.ch\/startseite\/230-parfums-de-marly-valaya.html#\/26-ml-2\">Parfums de Marly Valaya<\/a><\/p>\n<\/blockquote>\n\n\n\n<p><strong>Flora\u00efku Sleeping on the Roof<\/strong><br>Ein Strau\u00df Maigl\u00f6ckchen auf einem Holztisch, das Fenster offen, die Luft frisch vom Regen, aber schon voller Sonnenstrahlen. Pure Romantik.<\/p>\n\n\n\n<blockquote class=\"wp-block-quote is-layout-flow wp-block-quote-is-layout-flow\">\n<p>\ud83d\udc49Olfaktorische Abenteuer warten bei den <a href=\"https:\/\/nischenduft.ch\/startseite\/40-floraiku-sleeping-on-the-roof.html#\/26-ml-2\">Flora\u00efku Sleeping on the Roof<\/a><\/p>\n<\/blockquote>\n\n\n\n<p><strong>Nishane Hacivat<\/strong><br>Nach einem frischen, zitrischen Auftakt entfaltet sich ein gr\u00fcner Fr\u00fchlingswald aus Moos, H\u00f6lzern und s\u00fc\u00dfen floralen Nuancen. F\u00fcr mich ein perfekter Fr\u00fchlingsduft f\u00fcr M\u00e4nner.<\/p>\n\n\n\n<blockquote class=\"wp-block-quote is-layout-flow wp-block-quote-is-layout-flow\">\n<p>\ud83d\udc49Duftprobe findest du hier <a href=\"https:\/\/nischenduft.ch\/startseite\/82-nishane-hacivat.html#\/26-ml-2\">Nishane Hacivat<\/a><\/p>\n<\/blockquote>\n\n\n\n<p><strong>Unique\u2019e Luxury Chypre Toscano<\/strong><br>Lederjacke, wilder Lavendel, Thymian, nasse Baumrinde und feuchte Erde \u2013 der Inbegriff eines lebendigen, authentischen Fr\u00fchlingsabenteuers.<\/p>\n\n\n\n<blockquote class=\"wp-block-quote is-layout-flow wp-block-quote-is-layout-flow\">\n<p>\ud83d\udc49Entdecke <a href=\"https:\/\/nischenduft.ch\/startseite\/196-uniquee-luxury-chypre-toscano.html#\/26-ml-2\">Unique\u2019e Luxury Chypre Toscano<\/a><\/p>\n<\/blockquote>\n\n\n\n<hr class=\"wp-block-separator has-alpha-channel-opacity\"\/>\n\n\n\n<h1 class=\"wp-block-heading\">Sp\u00fcre den Fr\u00fchling auf deiner Haut \ud83c\udf38<\/h1>\n\n\n\n<p>Der Fr\u00fchling ist vielschichtig. Er duftet nach Erde und Bl\u00fcten, nach Regen und Sonne, nach nassem Holz und s\u00fc\u00dfem Honig.<br>Und jeder von uns tr\u00e4gt seine ganz eigene Erinnerung daran.<\/p>\n\n\n\n<blockquote class=\"wp-block-quote is-layout-flow wp-block-quote-is-layout-flow\">\n<p><strong>Wenn du Lust hast, wonach riecht der Fr\u00fchling mit mir zu erleben, findest du meine sorgf\u00e4ltig ausgew\u00e4hlten Duftproben <a href=\"https:\/\/nischenduft.ch\/13-fougere-parfums\">hier in meinem Shop<\/a>.<\/strong><\/p>\n<\/blockquote>\n\n\n\n<p><\/p>\n","protected":false},"excerpt":{"rendered":"<p>Wonach riecht der Fr\u00fchling? Der Fr\u00fchling duftet nach Hoffnung. Nach frischer Erde, nach neuem Leben. Jede Phase des Fr\u00fchlings \u2013 vom ersten Tau bis zur Bl\u00fctezeit der Lindenb\u00e4ume \u2013 hat ihren ganz eigenen Duft. F\u00fcr mich beginnt der Fr\u00fchling nicht mit dem Kalender, sondern mit einem bestimmten Duft in der Luft.Dieses besondere Aroma \u2013 feucht,&#8230;<\/p>\n","protected":false},"author":1,"featured_media":395,"comment_status":"open","ping_status":"open","sticky":false,"template":"","format":"standard","meta":{"_kad_post_transparent":"","_kad_post_title":"","_kad_post_layout":"","_kad_post_sidebar_id":"","_kad_post_content_style":"","_kad_post_vertical_padding":"","_kad_post_feature":"","_kad_post_feature_position":"","_kad_post_header":false,"_kad_post_footer":false,"footnotes":""},"categories":[58],"tags":[202,192,193,204,201,197,198,194,200,205,203,195,191],"class_list":["post-393","post","type-post","status-publish","format-standard","has-post-thumbnail","hentry","category-season-hits","tag-blumige-parfums","tag-duft-des-fruehlings","tag-duftproben-fruehling","tag-erdiger-duft","tag-frische-duefte","tag-fruehling","tag-fruehlingsduefte","tag-fruehlingsparfum","tag-geosmin-fruehling","tag-naturduft-fruehling","tag-parfum-empfehlung-fruehling","tag-parfum-fruehling","tag-wonach-riecht-der-fruehling"],"yoast_head":"<!-- This site is optimized with the Yoast SEO plugin v23.6 - https:\/\/yoast.com\/wordpress\/plugins\/seo\/ -->\n<title>Wonach riecht der Fr\u00fchling?\ud83c\udf31 - Die Welt der Nischend\u00fcfte: Exklusive Duftkreationen und Duftgeschichten<\/title>\n<meta name=\"description\" content=\"Wonach riecht der Fr\u00fchling? Entdecke erdige, blumige und sonnige Parfums, die den Fr\u00fchling auf deiner Haut zum Leben erwecken!\" \/>\n<meta name=\"robots\" content=\"index, follow, max-snippet:-1, max-image-preview:large, max-video-preview:-1\" \/>\n<link rel=\"canonical\" href=\"https:\/\/nischenduft.ch\/blog\/season-hits\/wonach-riecht-der-fruehling-entdecke-frische-und-blumige-parfums\/\" \/>\n<meta property=\"og:locale\" content=\"de_DE\" \/>\n<meta property=\"og:type\" content=\"article\" \/>\n<meta property=\"og:title\" content=\"Wonach riecht der Fr\u00fchling?\ud83c\udf31 - Die Welt der Nischend\u00fcfte: Exklusive Duftkreationen und Duftgeschichten\" \/>\n<meta property=\"og:description\" content=\"Wonach riecht der Fr\u00fchling? Entdecke erdige, blumige und sonnige Parfums, die den Fr\u00fchling auf deiner Haut zum Leben erwecken!\" \/>\n<meta property=\"og:url\" content=\"https:\/\/nischenduft.ch\/blog\/season-hits\/wonach-riecht-der-fruehling-entdecke-frische-und-blumige-parfums\/\" \/>\n<meta property=\"og:site_name\" content=\"Die Welt der Nischend\u00fcfte: Exklusive Duftkreationen und Duftgeschichten\" \/>\n<meta property=\"article:published_time\" content=\"2025-04-26T17:25:09+00:00\" \/>\n<meta property=\"article:modified_time\" content=\"2025-04-26T18:12:42+00:00\" \/>\n<meta property=\"og:image\" content=\"https:\/\/nischenduft.ch\/blog\/wp-content\/uploads\/2025\/04\/fruehlingsduft.webp\" \/>\n\t<meta property=\"og:image:width\" content=\"1536\" \/>\n\t<meta property=\"og:image:height\" content=\"1024\" \/>\n\t<meta property=\"og:image:type\" content=\"image\/webp\" \/>\n<meta name=\"author\" content=\"alina\" \/>\n<meta name=\"twitter:card\" content=\"summary_large_image\" \/>\n<meta name=\"twitter:label1\" content=\"Verfasst von\" \/>\n\t<meta name=\"twitter:data1\" content=\"alina\" \/>\n\t<meta name=\"twitter:label2\" content=\"Gesch\u00e4tzte Lesezeit\" \/>\n\t<meta name=\"twitter:data2\" content=\"4\u00a0Minuten\" \/>\n<script type=\"application\/ld+json\" class=\"yoast-schema-graph\">{\"@context\":\"https:\/\/schema.org\",\"@graph\":[{\"@type\":\"Article\",\"@id\":\"https:\/\/nischenduft.ch\/blog\/season-hits\/wonach-riecht-der-fruehling-entdecke-frische-und-blumige-parfums\/#article\",\"isPartOf\":{\"@id\":\"https:\/\/nischenduft.ch\/blog\/season-hits\/wonach-riecht-der-fruehling-entdecke-frische-und-blumige-parfums\/\"},\"author\":{\"name\":\"alina\",\"@id\":\"https:\/\/nischenduft.ch\/blog\/#\/schema\/person\/7b7800cc92a338df0412cefcf5a97a25\"},\"headline\":\"Wonach riecht der Fr\u00fchling?\ud83c\udf31\",\"datePublished\":\"2025-04-26T17:25:09+00:00\",\"dateModified\":\"2025-04-26T18:12:42+00:00\",\"mainEntityOfPage\":{\"@id\":\"https:\/\/nischenduft.ch\/blog\/season-hits\/wonach-riecht-der-fruehling-entdecke-frische-und-blumige-parfums\/\"},\"wordCount\":704,\"commentCount\":0,\"publisher\":{\"@id\":\"https:\/\/nischenduft.ch\/blog\/#organization\"},\"image\":{\"@id\":\"https:\/\/nischenduft.ch\/blog\/season-hits\/wonach-riecht-der-fruehling-entdecke-frische-und-blumige-parfums\/#primaryimage\"},\"thumbnailUrl\":\"https:\/\/nischenduft.ch\/blog\/wp-content\/uploads\/2025\/04\/fruehlingsduft.webp\",\"keywords\":[\"Blumige Parfums\",\"Duft des Fr\u00fchlings\",\"Duftproben Fr\u00fchling\",\"Erdiger Duft\",\"Frische D\u00fcfte\",\"Fr\u00fchling\",\"Fr\u00fchlingsd\u00fcfte\",\"Fr\u00fchlingsparfum\",\"Geosmin Fr\u00fchling\",\"Naturduft Fr\u00fchling\",\"Parfum Empfehlung Fr\u00fchling\",\"Parfum Fr\u00fchling\",\"Wonach riecht der Fr\u00fchling\"],\"articleSection\":[\"Season Hits\"],\"inLanguage\":\"de\",\"potentialAction\":[{\"@type\":\"CommentAction\",\"name\":\"Comment\",\"target\":[\"https:\/\/nischenduft.ch\/blog\/season-hits\/wonach-riecht-der-fruehling-entdecke-frische-und-blumige-parfums\/#respond\"]}]},{\"@type\":\"WebPage\",\"@id\":\"https:\/\/nischenduft.ch\/blog\/season-hits\/wonach-riecht-der-fruehling-entdecke-frische-und-blumige-parfums\/\",\"url\":\"https:\/\/nischenduft.ch\/blog\/season-hits\/wonach-riecht-der-fruehling-entdecke-frische-und-blumige-parfums\/\",\"name\":\"Wonach riecht der Fr\u00fchling?\ud83c\udf31 - Die Welt der Nischend\u00fcfte: Exklusive Duftkreationen und Duftgeschichten\",\"isPartOf\":{\"@id\":\"https:\/\/nischenduft.ch\/blog\/#website\"},\"primaryImageOfPage\":{\"@id\":\"https:\/\/nischenduft.ch\/blog\/season-hits\/wonach-riecht-der-fruehling-entdecke-frische-und-blumige-parfums\/#primaryimage\"},\"image\":{\"@id\":\"https:\/\/nischenduft.ch\/blog\/season-hits\/wonach-riecht-der-fruehling-entdecke-frische-und-blumige-parfums\/#primaryimage\"},\"thumbnailUrl\":\"https:\/\/nischenduft.ch\/blog\/wp-content\/uploads\/2025\/04\/fruehlingsduft.webp\",\"datePublished\":\"2025-04-26T17:25:09+00:00\",\"dateModified\":\"2025-04-26T18:12:42+00:00\",\"description\":\"Wonach riecht der Fr\u00fchling? Entdecke erdige, blumige und sonnige Parfums, die den Fr\u00fchling auf deiner Haut zum Leben erwecken!\",\"breadcrumb\":{\"@id\":\"https:\/\/nischenduft.ch\/blog\/season-hits\/wonach-riecht-der-fruehling-entdecke-frische-und-blumige-parfums\/#breadcrumb\"},\"inLanguage\":\"de\",\"potentialAction\":[{\"@type\":\"ReadAction\",\"target\":[\"https:\/\/nischenduft.ch\/blog\/season-hits\/wonach-riecht-der-fruehling-entdecke-frische-und-blumige-parfums\/\"]}]},{\"@type\":\"ImageObject\",\"inLanguage\":\"de\",\"@id\":\"https:\/\/nischenduft.ch\/blog\/season-hits\/wonach-riecht-der-fruehling-entdecke-frische-und-blumige-parfums\/#primaryimage\",\"url\":\"https:\/\/nischenduft.ch\/blog\/wp-content\/uploads\/2025\/04\/fruehlingsduft.webp\",\"contentUrl\":\"https:\/\/nischenduft.ch\/blog\/wp-content\/uploads\/2025\/04\/fruehlingsduft.webp\",\"width\":1536,\"height\":1024,\"caption\":\"Frau, die den Fr\u00fchling in vollen Z\u00fcgen riecht, umgeben von bl\u00fchenden Blumen.\"},{\"@type\":\"BreadcrumbList\",\"@id\":\"https:\/\/nischenduft.ch\/blog\/season-hits\/wonach-riecht-der-fruehling-entdecke-frische-und-blumige-parfums\/#breadcrumb\",\"itemListElement\":[{\"@type\":\"ListItem\",\"position\":1,\"name\":\"Startseite\",\"item\":\"https:\/\/nischenduft.ch\/blog\/\"},{\"@type\":\"ListItem\",\"position\":2,\"name\":\"Wonach riecht der Fr\u00fchling?\ud83c\udf31\"}]},{\"@type\":\"WebSite\",\"@id\":\"https:\/\/nischenduft.ch\/blog\/#website\",\"url\":\"https:\/\/nischenduft.ch\/blog\/\",\"name\":\"Die Welt der Nischend\u00fcfte: Exklusive Duftkreationen und Duftgeschichten\",\"description\":\"\",\"publisher\":{\"@id\":\"https:\/\/nischenduft.ch\/blog\/#organization\"},\"potentialAction\":[{\"@type\":\"SearchAction\",\"target\":{\"@type\":\"EntryPoint\",\"urlTemplate\":\"https:\/\/nischenduft.ch\/blog\/?s={search_term_string}\"},\"query-input\":{\"@type\":\"PropertyValueSpecification\",\"valueRequired\":true,\"valueName\":\"search_term_string\"}}],\"inLanguage\":\"de\"},{\"@type\":\"Organization\",\"@id\":\"https:\/\/nischenduft.ch\/blog\/#organization\",\"name\":\"Die Welt der Nischend\u00fcfte: Exklusive Duftkreationen und Duftgeschichten\",\"url\":\"https:\/\/nischenduft.ch\/blog\/\",\"logo\":{\"@type\":\"ImageObject\",\"inLanguage\":\"de\",\"@id\":\"https:\/\/nischenduft.ch\/blog\/#\/schema\/logo\/image\/\",\"url\":\"https:\/\/nischenduft.ch\/blog\/wp-content\/uploads\/2024\/10\/cropped-nischenduft_logo.jpg\",\"contentUrl\":\"https:\/\/nischenduft.ch\/blog\/wp-content\/uploads\/2024\/10\/cropped-nischenduft_logo.jpg\",\"width\":528,\"height\":491,\"caption\":\"Die Welt der Nischend\u00fcfte: Exklusive Duftkreationen und Duftgeschichten\"},\"image\":{\"@id\":\"https:\/\/nischenduft.ch\/blog\/#\/schema\/logo\/image\/\"}},{\"@type\":\"Person\",\"@id\":\"https:\/\/nischenduft.ch\/blog\/#\/schema\/person\/7b7800cc92a338df0412cefcf5a97a25\",\"name\":\"alina\",\"image\":{\"@type\":\"ImageObject\",\"inLanguage\":\"de\",\"@id\":\"https:\/\/nischenduft.ch\/blog\/#\/schema\/person\/image\/\",\"url\":\"https:\/\/secure.gravatar.com\/avatar\/be209b8c6c907c7741779cc8c0430dee?s=96&d=mm&r=g\",\"contentUrl\":\"https:\/\/secure.gravatar.com\/avatar\/be209b8c6c907c7741779cc8c0430dee?s=96&d=mm&r=g\",\"caption\":\"alina\"},\"sameAs\":[\"https:\/\/nischenduft.ch\/blog\"],\"url\":\"https:\/\/nischenduft.ch\/blog\/author\/alina\/\"}]}<\/script>\n<!-- \/ Yoast SEO plugin. -->","yoast_head_json":{"title":"Wonach riecht der Fr\u00fchling?\ud83c\udf31 - Die Welt der Nischend\u00fcfte: Exklusive Duftkreationen und Duftgeschichten","description":"Wonach riecht der Fr\u00fchling? Entdecke erdige, blumige und sonnige Parfums, die den Fr\u00fchling auf deiner Haut zum Leben erwecken!","robots":{"index":"index","follow":"follow","max-snippet":"max-snippet:-1","max-image-preview":"max-image-preview:large","max-video-preview":"max-video-preview:-1"},"canonical":"https:\/\/nischenduft.ch\/blog\/season-hits\/wonach-riecht-der-fruehling-entdecke-frische-und-blumige-parfums\/","og_locale":"de_DE","og_type":"article","og_title":"Wonach riecht der Fr\u00fchling?\ud83c\udf31 - Die Welt der Nischend\u00fcfte: Exklusive Duftkreationen und Duftgeschichten","og_description":"Wonach riecht der Fr\u00fchling? Entdecke erdige, blumige und sonnige Parfums, die den Fr\u00fchling auf deiner Haut zum Leben erwecken!","og_url":"https:\/\/nischenduft.ch\/blog\/season-hits\/wonach-riecht-der-fruehling-entdecke-frische-und-blumige-parfums\/","og_site_name":"Die Welt der Nischend\u00fcfte: Exklusive Duftkreationen und Duftgeschichten","article_published_time":"2025-04-26T17:25:09+00:00","article_modified_time":"2025-04-26T18:12:42+00:00","og_image":[{"width":1536,"height":1024,"url":"https:\/\/nischenduft.ch\/blog\/wp-content\/uploads\/2025\/04\/fruehlingsduft.webp","type":"image\/webp"}],"author":"alina","twitter_card":"summary_large_image","twitter_misc":{"Verfasst von":"alina","Gesch\u00e4tzte Lesezeit":"4\u00a0Minuten"},"schema":{"@context":"https:\/\/schema.org","@graph":[{"@type":"Article","@id":"https:\/\/nischenduft.ch\/blog\/season-hits\/wonach-riecht-der-fruehling-entdecke-frische-und-blumige-parfums\/#article","isPartOf":{"@id":"https:\/\/nischenduft.ch\/blog\/season-hits\/wonach-riecht-der-fruehling-entdecke-frische-und-blumige-parfums\/"},"author":{"name":"alina","@id":"https:\/\/nischenduft.ch\/blog\/#\/schema\/person\/7b7800cc92a338df0412cefcf5a97a25"},"headline":"Wonach riecht der Fr\u00fchling?\ud83c\udf31","datePublished":"2025-04-26T17:25:09+00:00","dateModified":"2025-04-26T18:12:42+00:00","mainEntityOfPage":{"@id":"https:\/\/nischenduft.ch\/blog\/season-hits\/wonach-riecht-der-fruehling-entdecke-frische-und-blumige-parfums\/"},"wordCount":704,"commentCount":0,"publisher":{"@id":"https:\/\/nischenduft.ch\/blog\/#organization"},"image":{"@id":"https:\/\/nischenduft.ch\/blog\/season-hits\/wonach-riecht-der-fruehling-entdecke-frische-und-blumige-parfums\/#primaryimage"},"thumbnailUrl":"https:\/\/nischenduft.ch\/blog\/wp-content\/uploads\/2025\/04\/fruehlingsduft.webp","keywords":["Blumige Parfums","Duft des Fr\u00fchlings","Duftproben Fr\u00fchling","Erdiger Duft","Frische D\u00fcfte","Fr\u00fchling","Fr\u00fchlingsd\u00fcfte","Fr\u00fchlingsparfum","Geosmin Fr\u00fchling","Naturduft Fr\u00fchling","Parfum Empfehlung Fr\u00fchling","Parfum Fr\u00fchling","Wonach riecht der Fr\u00fchling"],"articleSection":["Season Hits"],"inLanguage":"de","potentialAction":[{"@type":"CommentAction","name":"Comment","target":["https:\/\/nischenduft.ch\/blog\/season-hits\/wonach-riecht-der-fruehling-entdecke-frische-und-blumige-parfums\/#respond"]}]},{"@type":"WebPage","@id":"https:\/\/nischenduft.ch\/blog\/season-hits\/wonach-riecht-der-fruehling-entdecke-frische-und-blumige-parfums\/","url":"https:\/\/nischenduft.ch\/blog\/season-hits\/wonach-riecht-der-fruehling-entdecke-frische-und-blumige-parfums\/","name":"Wonach riecht der Fr\u00fchling?\ud83c\udf31 - Die Welt der Nischend\u00fcfte: Exklusive Duftkreationen und Duftgeschichten","isPartOf":{"@id":"https:\/\/nischenduft.ch\/blog\/#website"},"primaryImageOfPage":{"@id":"https:\/\/nischenduft.ch\/blog\/season-hits\/wonach-riecht-der-fruehling-entdecke-frische-und-blumige-parfums\/#primaryimage"},"image":{"@id":"https:\/\/nischenduft.ch\/blog\/season-hits\/wonach-riecht-der-fruehling-entdecke-frische-und-blumige-parfums\/#primaryimage"},"thumbnailUrl":"https:\/\/nischenduft.ch\/blog\/wp-content\/uploads\/2025\/04\/fruehlingsduft.webp","datePublished":"2025-04-26T17:25:09+00:00","dateModified":"2025-04-26T18:12:42+00:00","description":"Wonach riecht der Fr\u00fchling? Entdecke erdige, blumige und sonnige Parfums, die den Fr\u00fchling auf deiner Haut zum Leben erwecken!","breadcrumb":{"@id":"https:\/\/nischenduft.ch\/blog\/season-hits\/wonach-riecht-der-fruehling-entdecke-frische-und-blumige-parfums\/#breadcrumb"},"inLanguage":"de","potentialAction":[{"@type":"ReadAction","target":["https:\/\/nischenduft.ch\/blog\/season-hits\/wonach-riecht-der-fruehling-entdecke-frische-und-blumige-parfums\/"]}]},{"@type":"ImageObject","inLanguage":"de","@id":"https:\/\/nischenduft.ch\/blog\/season-hits\/wonach-riecht-der-fruehling-entdecke-frische-und-blumige-parfums\/#primaryimage","url":"https:\/\/nischenduft.ch\/blog\/wp-content\/uploads\/2025\/04\/fruehlingsduft.webp","contentUrl":"https:\/\/nischenduft.ch\/blog\/wp-content\/uploads\/2025\/04\/fruehlingsduft.webp","width":1536,"height":1024,"caption":"Frau, die den Fr\u00fchling in vollen Z\u00fcgen riecht, umgeben von bl\u00fchenden Blumen."},{"@type":"BreadcrumbList","@id":"https:\/\/nischenduft.ch\/blog\/season-hits\/wonach-riecht-der-fruehling-entdecke-frische-und-blumige-parfums\/#breadcrumb","itemListElement":[{"@type":"ListItem","position":1,"name":"Startseite","item":"https:\/\/nischenduft.ch\/blog\/"},{"@type":"ListItem","position":2,"name":"Wonach riecht der Fr\u00fchling?\ud83c\udf31"}]},{"@type":"WebSite","@id":"https:\/\/nischenduft.ch\/blog\/#website","url":"https:\/\/nischenduft.ch\/blog\/","name":"Die Welt der Nischend\u00fcfte: Exklusive Duftkreationen und Duftgeschichten","description":"","publisher":{"@id":"https:\/\/nischenduft.ch\/blog\/#organization"},"potentialAction":[{"@type":"SearchAction","target":{"@type":"EntryPoint","urlTemplate":"https:\/\/nischenduft.ch\/blog\/?s={search_term_string}"},"query-input":{"@type":"PropertyValueSpecification","valueRequired":true,"valueName":"search_term_string"}}],"inLanguage":"de"},{"@type":"Organization","@id":"https:\/\/nischenduft.ch\/blog\/#organization","name":"Die Welt der Nischend\u00fcfte: Exklusive Duftkreationen und Duftgeschichten","url":"https:\/\/nischenduft.ch\/blog\/","logo":{"@type":"ImageObject","inLanguage":"de","@id":"https:\/\/nischenduft.ch\/blog\/#\/schema\/logo\/image\/","url":"https:\/\/nischenduft.ch\/blog\/wp-content\/uploads\/2024\/10\/cropped-nischenduft_logo.jpg","contentUrl":"https:\/\/nischenduft.ch\/blog\/wp-content\/uploads\/2024\/10\/cropped-nischenduft_logo.jpg","width":528,"height":491,"caption":"Die Welt der Nischend\u00fcfte: Exklusive Duftkreationen und Duftgeschichten"},"image":{"@id":"https:\/\/nischenduft.ch\/blog\/#\/schema\/logo\/image\/"}},{"@type":"Person","@id":"https:\/\/nischenduft.ch\/blog\/#\/schema\/person\/7b7800cc92a338df0412cefcf5a97a25","name":"alina","image":{"@type":"ImageObject","inLanguage":"de","@id":"https:\/\/nischenduft.ch\/blog\/#\/schema\/person\/image\/","url":"https:\/\/secure.gravatar.com\/avatar\/be209b8c6c907c7741779cc8c0430dee?s=96&d=mm&r=g","contentUrl":"https:\/\/secure.gravatar.com\/avatar\/be209b8c6c907c7741779cc8c0430dee?s=96&d=mm&r=g","caption":"alina"},"sameAs":["https:\/\/nischenduft.ch\/blog"],"url":"https:\/\/nischenduft.ch\/blog\/author\/alina\/"}]}},"_links":{"self":[{"href":"https:\/\/nischenduft.ch\/blog\/wp-json\/wp\/v2\/posts\/393","targetHints":{"allow":["GET"]}}],"collection":[{"href":"https:\/\/nischenduft.ch\/blog\/wp-json\/wp\/v2\/posts"}],"about":[{"href":"https:\/\/nischenduft.ch\/blog\/wp-json\/wp\/v2\/types\/post"}],"author":[{"embeddable":true,"href":"https:\/\/nischenduft.ch\/blog\/wp-json\/wp\/v2\/users\/1"}],"replies":[{"embeddable":true,"href":"https:\/\/nischenduft.ch\/blog\/wp-json\/wp\/v2\/comments?post=393"}],"version-history":[{"count":9,"href":"https:\/\/nischenduft.ch\/blog\/wp-json\/wp\/v2\/posts\/393\/revisions"}],"predecessor-version":[{"id":415,"href":"https:\/\/nischenduft.ch\/blog\/wp-json\/wp\/v2\/posts\/393\/revisions\/415"}],"wp:featuredmedia":[{"embeddable":true,"href":"https:\/\/nischenduft.ch\/blog\/wp-json\/wp\/v2\/media\/395"}],"wp:attachment":[{"href":"https:\/\/nischenduft.ch\/blog\/wp-json\/wp\/v2\/media?parent=393"}],"wp:term":[{"taxonomy":"category","embeddable":true,"href":"https:\/\/nischenduft.ch\/blog\/wp-json\/wp\/v2\/categories?post=393"},{"taxonomy":"post_tag","embeddable":true,"href":"https:\/\/nischenduft.ch\/blog\/wp-json\/wp\/v2\/tags?post=393"}],"curies":[{"name":"wp","href":"https:\/\/api.w.org\/{rel}","templated":true}]}}