{"id":300,"date":"2025-04-08T19:13:40","date_gmt":"2025-04-08T17:13:40","guid":{"rendered":"https:\/\/nischenduft.ch\/blog\/?p=300"},"modified":"2025-08-17T19:01:38","modified_gmt":"2025-08-17T17:01:38","slug":"spice-darno-parfuem-jetzt-als-duftprobe-testen-entdecken","status":"publish","type":"post","link":"https:\/\/nischenduft.ch\/blog\/season-hits\/spice-darno-parfuem-jetzt-als-duftprobe-testen-entdecken\/","title":{"rendered":"Spice D\u2019Arno von Electimuss \u2013 der Duft einer flie\u00dfenden Legende"},"content":{"rendered":"\n<p><strong>Spice D\u2019Arno Parf\u00fcm<\/strong> von <em>Electimuss London<\/em> er\u00f6ffnet eine neue Duftreise entlang der historischen Handelswege des antiken Italiens. Inspiriert von der italienischen Arno-Flusslandschaft und erschaffen von der renommierten Parf\u00fcmeurin C\u00e9line Barel, vereint dieser w\u00fcrzig-holzige Gourmandduft Geschichte, Eleganz und moderne Frische in einem luxuri\u00f6sen Flakon.<\/p>\n\n\n\n<p>\u2728 <strong>Und das Beste: Du kannst Spice D\u2019Arno bei mir als hochwertige Duftprobe entdecken \u2013 ideal zum Probieren, Verlieben und Verschenken.<\/strong><br>\ud83d\udc49 <a href=\"https:\/\/nischenduft.ch\/startseite\/281-electimuss-spice-d-arno-duftprobe-abfullung-2ml-5ml-10ml.html#\/26-ml-2\" target=\"_blank\" rel=\"noreferrer noopener\">Jetzt Spice D\u2019Arno als Duftprobe testen<\/a><\/p>\n\n\n\n<h3 class=\"wp-block-heading\">\ud83c\udf0a Eine Hommage an den Fluss Arno \u2013 und die r\u00f6mische Handelskunst<\/h3>\n\n\n\n<p>Der Duft erz\u00e4hlt von den Handelswegen des R\u00f6mischen Reiches, die einst \u00fcber den Fluss Arno f\u00fchrten. Gew\u00fcrze, H\u00f6lzer, Leder \u2013 all das floss damals durch das Herz Italiens und lebt heute in dieser opulenten Komposition neu auf.<\/p>\n\n\n\n<p>\ud83d\udc49 <a href=\"https:\/\/www.electimuss.com\/products\/spice-darno?srsltid=AfmBOopqAJIrdw1Zt2S4LMfYgCG3ywrNZqbx-j_4l6oOqzy0lBdMNxxw\" target=\"_blank\" rel=\"noreferrer noopener\">Mehr \u00fcber Electimuss London erfahren<\/a><br>\ud83d\udc49 <a href=\"https:\/\/www.fragrantica.de\/Neuigkeiten\/Celine-Barel-Graffiti-101.html\" target=\"_blank\" rel=\"noreferrer noopener\">Parf\u00fcmeurin C\u00e9line Barel auf Fragrantica <\/a><\/p>\n\n\n\n<figure class=\"wp-block-image size-large\"><img loading=\"lazy\" decoding=\"async\" width=\"683\" height=\"1024\" src=\"https:\/\/nischenduft.ch\/blog\/wp-content\/uploads\/2025\/04\/electimuss_spise_darno-683x1024.jpg\" alt=\"\" class=\"wp-image-302\" srcset=\"https:\/\/nischenduft.ch\/blog\/wp-content\/uploads\/2025\/04\/electimuss_spise_darno-683x1024.jpg 683w, https:\/\/nischenduft.ch\/blog\/wp-content\/uploads\/2025\/04\/electimuss_spise_darno-200x300.jpg 200w, https:\/\/nischenduft.ch\/blog\/wp-content\/uploads\/2025\/04\/electimuss_spise_darno-768x1152.jpg 768w, https:\/\/nischenduft.ch\/blog\/wp-content\/uploads\/2025\/04\/electimuss_spise_darno-1024x1536.jpg 1024w, https:\/\/nischenduft.ch\/blog\/wp-content\/uploads\/2025\/04\/electimuss_spise_darno.jpg 1290w\" sizes=\"auto, (max-width: 683px) 100vw, 683px\" \/><\/figure>\n\n\n\n<h3 class=\"wp-block-heading\">\ud83d\udd0d Duftnoten von Spice D\u2019Arno Parf\u00fcm im \u00dcberblick<\/h3>\n\n\n\n<p><strong>Kopf:<\/strong> Kardamom, Elemiharz, Bergamotte, Zitrone, rosa Pfeffer<br><strong>Herz:<\/strong> Kleie, Iris, Leder, Orange, Thymian<br><strong>Basis:<\/strong> Vanille, Myrrhe, Cashmeran, Oud<\/p>\n\n\n\n<h2 class=\"wp-block-heading\">\u2728 So f\u00fchlt sich Spice D\u2019Arno auf der Haut an<\/h2>\n\n\n\n<p><strong>Spice D\u2019Arno ist wie eine warme Umarmung, die bleibt.<\/strong><br>Schon das erste Aufspr\u00fchen zieht dich in seinen Bann: eine elegante Mischung aus zitrischer Frische, dezenter W\u00fcrze und sanftem Harz, die sofort pr\u00e4sent ist \u2013 ohne jemals aufdringlich zu wirken. Der Duft entwickelt sich kaum \u2013 und das ist ein Geschenk. Denn das Opening ist so ausgewogen und fesselnd, dass man es gar nicht mehr loslassen m\u00f6chte.<\/p>\n\n\n\n<p>Die Vanille in der Basis ist weich, aber nicht s\u00fc\u00df. Das Oud ist sp\u00fcrbar, doch zur\u00fcckhaltend \u2013 <strong>kein bisschen animalisch<\/strong>, sondern edel, rund und perfekt eingebettet in balsamische W\u00e4rme.<\/p>\n\n\n\n<p><strong>Spice D\u2019Arno ist Unisex im besten Sinne:<\/strong> nicht zu viel, nicht zu wenig \u2013 einfach genau richtig. F\u00fcr Frauen wie M\u00e4nner, f\u00fcr Alltag wie besondere Stunden. Ein stiller Begleiter mit Charakter, der dich durch den Tag tr\u00e4gt \u2013 mit exzellenter Haltbarkeit und eleganter Zur\u00fcckhaltung.<\/p>\n\n\n\n<hr class=\"wp-block-separator has-alpha-channel-opacity\"\/>\n\n\n\n<h3 class=\"wp-block-heading\">\ud83d\udca1 Tipp: Erst testen, dann reisen<\/h3>\n\n\n\n<p>Du m\u00f6chtest das Abenteuer wagen, aber nicht gleich das ganze Flakon?<br><strong>Kein Problem \u2013 bei mir kannst du Spice D\u2019Arno als praktische Duftprobe bestellen.<\/strong> So entdeckst du ganz entspannt, ob dieser Duft deine neue Lieblingsgeschichte schreibt.<\/p>\n\n\n\n<p>\ud83d\udc49 <a href=\"https:\/\/nischenduft.ch\/startseite\/281-electimuss-spice-d-arno-duftprobe-abfullung-2ml-5ml-10ml.html#\/26-ml-2\" target=\"_blank\" rel=\"noreferrer noopener\">Jetzt Spice D\u2019Arno als Duftprobe testen \u00bb<\/a><\/p>\n\n\n\n<hr class=\"wp-block-separator has-alpha-channel-opacity\"\/>\n\n\n\n<p><strong>#Electimuss #SpiceDArno #ExplorerCollection #Duftprobe #Luxusparfum #Fr\u00fchlingsd\u00fcfte #Sommerparfum #Nischenduft #Parfumkunst #Unisexduft #Gourmandduft #OudLover<\/strong><\/p>\n","protected":false},"excerpt":{"rendered":"<p>Spice D\u2019Arno Parf\u00fcm von Electimuss London <\/p>\n","protected":false},"author":1,"featured_media":301,"comment_status":"open","ping_status":"open","sticky":false,"template":"","format":"standard","meta":{"_kad_post_transparent":"","_kad_post_title":"","_kad_post_layout":"","_kad_post_sidebar_id":"","_kad_post_content_style":"","_kad_post_vertical_padding":"","_kad_post_feature":"","_kad_post_feature_position":"","_kad_post_header":false,"_kad_post_footer":false,"footnotes":""},"categories":[58],"tags":[140,134,132,129,128,136,138,135,131,3,133,130,141,139,125,126,123,127,137],"class_list":["post-300","post","type-post","status-publish","format-standard","has-post-thumbnail","hentry","category-season-hits","tag-celinebarel","tag-decant","tag-duftabfuellung-exklusive-parfums-in-praktischen-groessen","tag-duftprobe","tag-electimussexplorercollection","tag-londonernischenmarke","tag-luxusparfuem","tag-nischenduft","tag-parfuem-abfuellung","tag-parfum-bewertung","tag-parfum-decant","tag-parfuemprobe","tag-parfuemproben-schweiz","tag-signature-scent","tag-spice-darno","tag-spice-darno-parfuem","tag-spice-darno-probieren","tag-spice-darno-schweiz","tag-unisexparfuem"],"yoast_head":"<!-- This site is optimized with the Yoast SEO plugin v23.6 - https:\/\/yoast.com\/wordpress\/plugins\/seo\/ -->\n<title>Spice D\u2019Arno von Electimuss \u2013 der Duft einer flie\u00dfenden Legende - Die Welt der Nischend\u00fcfte: Exklusive Duftkreationen und Duftgeschichten<\/title>\n<meta name=\"description\" content=\"Spice D\u2019Arno Parf\u00fcm von Electimuss: w\u00fcrzig, holzig, elegant. Jetzt entdecken &amp; als praktische Duftprobe testen \u2013 ideal f\u00fcr Fr\u00fchling &amp; Sommer.\" \/>\n<meta name=\"robots\" content=\"index, follow, max-snippet:-1, max-image-preview:large, max-video-preview:-1\" \/>\n<link rel=\"canonical\" href=\"https:\/\/nischenduft.ch\/blog\/season-hits\/spice-darno-parfuem-jetzt-als-duftprobe-testen-entdecken\/\" \/>\n<meta property=\"og:locale\" content=\"de_DE\" \/>\n<meta property=\"og:type\" content=\"article\" \/>\n<meta property=\"og:title\" content=\"Spice D\u2019Arno von Electimuss \u2013 der Duft einer flie\u00dfenden Legende - Die Welt der Nischend\u00fcfte: Exklusive Duftkreationen und Duftgeschichten\" \/>\n<meta property=\"og:description\" content=\"Spice D\u2019Arno Parf\u00fcm von Electimuss: w\u00fcrzig, holzig, elegant. Jetzt entdecken &amp; als praktische Duftprobe testen \u2013 ideal f\u00fcr Fr\u00fchling &amp; Sommer.\" \/>\n<meta property=\"og:url\" content=\"https:\/\/nischenduft.ch\/blog\/season-hits\/spice-darno-parfuem-jetzt-als-duftprobe-testen-entdecken\/\" \/>\n<meta property=\"og:site_name\" content=\"Die Welt der Nischend\u00fcfte: Exklusive Duftkreationen und Duftgeschichten\" \/>\n<meta property=\"article:published_time\" content=\"2025-04-08T17:13:40+00:00\" \/>\n<meta property=\"article:modified_time\" content=\"2025-08-17T17:01:38+00:00\" \/>\n<meta name=\"author\" content=\"alina\" \/>\n<meta name=\"twitter:card\" content=\"summary_large_image\" \/>\n<meta name=\"twitter:label1\" content=\"Verfasst von\" \/>\n\t<meta name=\"twitter:data1\" content=\"alina\" \/>\n\t<meta name=\"twitter:label2\" content=\"Gesch\u00e4tzte Lesezeit\" \/>\n\t<meta name=\"twitter:data2\" content=\"3\u00a0Minuten\" \/>\n<script type=\"application\/ld+json\" class=\"yoast-schema-graph\">{\"@context\":\"https:\/\/schema.org\",\"@graph\":[{\"@type\":\"Article\",\"@id\":\"https:\/\/nischenduft.ch\/blog\/season-hits\/spice-darno-parfuem-jetzt-als-duftprobe-testen-entdecken\/#article\",\"isPartOf\":{\"@id\":\"https:\/\/nischenduft.ch\/blog\/season-hits\/spice-darno-parfuem-jetzt-als-duftprobe-testen-entdecken\/\"},\"author\":{\"name\":\"alina\",\"@id\":\"https:\/\/nischenduft.ch\/blog\/#\/schema\/person\/7b7800cc92a338df0412cefcf5a97a25\"},\"headline\":\"Spice D\u2019Arno von Electimuss \u2013 der Duft einer flie\u00dfenden Legende\",\"datePublished\":\"2025-04-08T17:13:40+00:00\",\"dateModified\":\"2025-08-17T17:01:38+00:00\",\"mainEntityOfPage\":{\"@id\":\"https:\/\/nischenduft.ch\/blog\/season-hits\/spice-darno-parfuem-jetzt-als-duftprobe-testen-entdecken\/\"},\"wordCount\":401,\"commentCount\":0,\"publisher\":{\"@id\":\"https:\/\/nischenduft.ch\/blog\/#organization\"},\"image\":{\"@id\":\"https:\/\/nischenduft.ch\/blog\/season-hits\/spice-darno-parfuem-jetzt-als-duftprobe-testen-entdecken\/#primaryimage\"},\"thumbnailUrl\":\"https:\/\/nischenduft.ch\/blog\/wp-content\/uploads\/2025\/04\/electimuss-spice-darno2.avif\",\"keywords\":[\"Celine Barel\",\"Decant\",\"Duftabf\u00fcllung\",\"Duftprobe\",\"Electimuss Explorer Collection\",\"Londoner Nischenmarke\",\"Luxusparf\u00fcm\",\"Nischenduft\",\"Parf\u00fcm Abf\u00fcllung\",\"Parfum bewertung\",\"Parfum Decant\",\"Parf\u00fcmprobe\",\"Parf\u00fcmproben Schweiz\",\"Signature Scent\",\"Spice DArno\",\"Spice DArno Parf\u00fcm\",\"Spice darno probieren\",\"Spice DArno Schweiz\",\"Unisexparf\u00fcm\"],\"articleSection\":[\"Season Hits\"],\"inLanguage\":\"de\",\"potentialAction\":[{\"@type\":\"CommentAction\",\"name\":\"Comment\",\"target\":[\"https:\/\/nischenduft.ch\/blog\/season-hits\/spice-darno-parfuem-jetzt-als-duftprobe-testen-entdecken\/#respond\"]}]},{\"@type\":\"WebPage\",\"@id\":\"https:\/\/nischenduft.ch\/blog\/season-hits\/spice-darno-parfuem-jetzt-als-duftprobe-testen-entdecken\/\",\"url\":\"https:\/\/nischenduft.ch\/blog\/season-hits\/spice-darno-parfuem-jetzt-als-duftprobe-testen-entdecken\/\",\"name\":\"Spice D\u2019Arno von Electimuss \u2013 der Duft einer flie\u00dfenden Legende - Die Welt der Nischend\u00fcfte: Exklusive Duftkreationen und Duftgeschichten\",\"isPartOf\":{\"@id\":\"https:\/\/nischenduft.ch\/blog\/#website\"},\"primaryImageOfPage\":{\"@id\":\"https:\/\/nischenduft.ch\/blog\/season-hits\/spice-darno-parfuem-jetzt-als-duftprobe-testen-entdecken\/#primaryimage\"},\"image\":{\"@id\":\"https:\/\/nischenduft.ch\/blog\/season-hits\/spice-darno-parfuem-jetzt-als-duftprobe-testen-entdecken\/#primaryimage\"},\"thumbnailUrl\":\"https:\/\/nischenduft.ch\/blog\/wp-content\/uploads\/2025\/04\/electimuss-spice-darno2.avif\",\"datePublished\":\"2025-04-08T17:13:40+00:00\",\"dateModified\":\"2025-08-17T17:01:38+00:00\",\"description\":\"Spice D\u2019Arno Parf\u00fcm von Electimuss: w\u00fcrzig, holzig, elegant. Jetzt entdecken & als praktische Duftprobe testen \u2013 ideal f\u00fcr Fr\u00fchling & Sommer.\",\"breadcrumb\":{\"@id\":\"https:\/\/nischenduft.ch\/blog\/season-hits\/spice-darno-parfuem-jetzt-als-duftprobe-testen-entdecken\/#breadcrumb\"},\"inLanguage\":\"de\",\"potentialAction\":[{\"@type\":\"ReadAction\",\"target\":[\"https:\/\/nischenduft.ch\/blog\/season-hits\/spice-darno-parfuem-jetzt-als-duftprobe-testen-entdecken\/\"]}]},{\"@type\":\"ImageObject\",\"inLanguage\":\"de\",\"@id\":\"https:\/\/nischenduft.ch\/blog\/season-hits\/spice-darno-parfuem-jetzt-als-duftprobe-testen-entdecken\/#primaryimage\",\"url\":\"https:\/\/nischenduft.ch\/blog\/wp-content\/uploads\/2025\/04\/electimuss-spice-darno2.avif\",\"contentUrl\":\"https:\/\/nischenduft.ch\/blog\/wp-content\/uploads\/2025\/04\/electimuss-spice-darno2.avif\",\"width\":1600,\"height\":892},{\"@type\":\"BreadcrumbList\",\"@id\":\"https:\/\/nischenduft.ch\/blog\/season-hits\/spice-darno-parfuem-jetzt-als-duftprobe-testen-entdecken\/#breadcrumb\",\"itemListElement\":[{\"@type\":\"ListItem\",\"position\":1,\"name\":\"Startseite\",\"item\":\"https:\/\/nischenduft.ch\/blog\/\"},{\"@type\":\"ListItem\",\"position\":2,\"name\":\"Spice D\u2019Arno von Electimuss \u2013 der Duft einer flie\u00dfenden Legende\"}]},{\"@type\":\"WebSite\",\"@id\":\"https:\/\/nischenduft.ch\/blog\/#website\",\"url\":\"https:\/\/nischenduft.ch\/blog\/\",\"name\":\"Die Welt der Nischend\u00fcfte: Exklusive Duftkreationen und Duftgeschichten\",\"description\":\"\",\"publisher\":{\"@id\":\"https:\/\/nischenduft.ch\/blog\/#organization\"},\"potentialAction\":[{\"@type\":\"SearchAction\",\"target\":{\"@type\":\"EntryPoint\",\"urlTemplate\":\"https:\/\/nischenduft.ch\/blog\/?s={search_term_string}\"},\"query-input\":{\"@type\":\"PropertyValueSpecification\",\"valueRequired\":true,\"valueName\":\"search_term_string\"}}],\"inLanguage\":\"de\"},{\"@type\":\"Organization\",\"@id\":\"https:\/\/nischenduft.ch\/blog\/#organization\",\"name\":\"Die Welt der Nischend\u00fcfte: Exklusive Duftkreationen und Duftgeschichten\",\"url\":\"https:\/\/nischenduft.ch\/blog\/\",\"logo\":{\"@type\":\"ImageObject\",\"inLanguage\":\"de\",\"@id\":\"https:\/\/nischenduft.ch\/blog\/#\/schema\/logo\/image\/\",\"url\":\"https:\/\/nischenduft.ch\/blog\/wp-content\/uploads\/2024\/10\/cropped-nischenduft_logo.jpg\",\"contentUrl\":\"https:\/\/nischenduft.ch\/blog\/wp-content\/uploads\/2024\/10\/cropped-nischenduft_logo.jpg\",\"width\":528,\"height\":491,\"caption\":\"Die Welt der Nischend\u00fcfte: Exklusive Duftkreationen und Duftgeschichten\"},\"image\":{\"@id\":\"https:\/\/nischenduft.ch\/blog\/#\/schema\/logo\/image\/\"}},{\"@type\":\"Person\",\"@id\":\"https:\/\/nischenduft.ch\/blog\/#\/schema\/person\/7b7800cc92a338df0412cefcf5a97a25\",\"name\":\"alina\",\"image\":{\"@type\":\"ImageObject\",\"inLanguage\":\"de\",\"@id\":\"https:\/\/nischenduft.ch\/blog\/#\/schema\/person\/image\/\",\"url\":\"https:\/\/secure.gravatar.com\/avatar\/be209b8c6c907c7741779cc8c0430dee?s=96&d=mm&r=g\",\"contentUrl\":\"https:\/\/secure.gravatar.com\/avatar\/be209b8c6c907c7741779cc8c0430dee?s=96&d=mm&r=g\",\"caption\":\"alina\"},\"sameAs\":[\"https:\/\/nischenduft.ch\/blog\"],\"url\":\"https:\/\/nischenduft.ch\/blog\/author\/alina\/\"}]}<\/script>\n<!-- \/ Yoast SEO plugin. -->","yoast_head_json":{"title":"Spice D\u2019Arno von Electimuss \u2013 der Duft einer flie\u00dfenden Legende - Die Welt der Nischend\u00fcfte: Exklusive Duftkreationen und Duftgeschichten","description":"Spice D\u2019Arno Parf\u00fcm von Electimuss: w\u00fcrzig, holzig, elegant. Jetzt entdecken & als praktische Duftprobe testen \u2013 ideal f\u00fcr Fr\u00fchling & Sommer.","robots":{"index":"index","follow":"follow","max-snippet":"max-snippet:-1","max-image-preview":"max-image-preview:large","max-video-preview":"max-video-preview:-1"},"canonical":"https:\/\/nischenduft.ch\/blog\/season-hits\/spice-darno-parfuem-jetzt-als-duftprobe-testen-entdecken\/","og_locale":"de_DE","og_type":"article","og_title":"Spice D\u2019Arno von Electimuss \u2013 der Duft einer flie\u00dfenden Legende - Die Welt der Nischend\u00fcfte: Exklusive Duftkreationen und Duftgeschichten","og_description":"Spice D\u2019Arno Parf\u00fcm von Electimuss: w\u00fcrzig, holzig, elegant. Jetzt entdecken & als praktische Duftprobe testen \u2013 ideal f\u00fcr Fr\u00fchling & Sommer.","og_url":"https:\/\/nischenduft.ch\/blog\/season-hits\/spice-darno-parfuem-jetzt-als-duftprobe-testen-entdecken\/","og_site_name":"Die Welt der Nischend\u00fcfte: Exklusive Duftkreationen und Duftgeschichten","article_published_time":"2025-04-08T17:13:40+00:00","article_modified_time":"2025-08-17T17:01:38+00:00","author":"alina","twitter_card":"summary_large_image","twitter_misc":{"Verfasst von":"alina","Gesch\u00e4tzte Lesezeit":"3\u00a0Minuten"},"schema":{"@context":"https:\/\/schema.org","@graph":[{"@type":"Article","@id":"https:\/\/nischenduft.ch\/blog\/season-hits\/spice-darno-parfuem-jetzt-als-duftprobe-testen-entdecken\/#article","isPartOf":{"@id":"https:\/\/nischenduft.ch\/blog\/season-hits\/spice-darno-parfuem-jetzt-als-duftprobe-testen-entdecken\/"},"author":{"name":"alina","@id":"https:\/\/nischenduft.ch\/blog\/#\/schema\/person\/7b7800cc92a338df0412cefcf5a97a25"},"headline":"Spice D\u2019Arno von Electimuss \u2013 der Duft einer flie\u00dfenden Legende","datePublished":"2025-04-08T17:13:40+00:00","dateModified":"2025-08-17T17:01:38+00:00","mainEntityOfPage":{"@id":"https:\/\/nischenduft.ch\/blog\/season-hits\/spice-darno-parfuem-jetzt-als-duftprobe-testen-entdecken\/"},"wordCount":401,"commentCount":0,"publisher":{"@id":"https:\/\/nischenduft.ch\/blog\/#organization"},"image":{"@id":"https:\/\/nischenduft.ch\/blog\/season-hits\/spice-darno-parfuem-jetzt-als-duftprobe-testen-entdecken\/#primaryimage"},"thumbnailUrl":"https:\/\/nischenduft.ch\/blog\/wp-content\/uploads\/2025\/04\/electimuss-spice-darno2.avif","keywords":["Celine Barel","Decant","Duftabf\u00fcllung","Duftprobe","Electimuss Explorer Collection","Londoner Nischenmarke","Luxusparf\u00fcm","Nischenduft","Parf\u00fcm Abf\u00fcllung","Parfum bewertung","Parfum Decant","Parf\u00fcmprobe","Parf\u00fcmproben Schweiz","Signature Scent","Spice DArno","Spice DArno Parf\u00fcm","Spice darno probieren","Spice DArno Schweiz","Unisexparf\u00fcm"],"articleSection":["Season Hits"],"inLanguage":"de","potentialAction":[{"@type":"CommentAction","name":"Comment","target":["https:\/\/nischenduft.ch\/blog\/season-hits\/spice-darno-parfuem-jetzt-als-duftprobe-testen-entdecken\/#respond"]}]},{"@type":"WebPage","@id":"https:\/\/nischenduft.ch\/blog\/season-hits\/spice-darno-parfuem-jetzt-als-duftprobe-testen-entdecken\/","url":"https:\/\/nischenduft.ch\/blog\/season-hits\/spice-darno-parfuem-jetzt-als-duftprobe-testen-entdecken\/","name":"Spice D\u2019Arno von Electimuss \u2013 der Duft einer flie\u00dfenden Legende - Die Welt der Nischend\u00fcfte: Exklusive Duftkreationen und Duftgeschichten","isPartOf":{"@id":"https:\/\/nischenduft.ch\/blog\/#website"},"primaryImageOfPage":{"@id":"https:\/\/nischenduft.ch\/blog\/season-hits\/spice-darno-parfuem-jetzt-als-duftprobe-testen-entdecken\/#primaryimage"},"image":{"@id":"https:\/\/nischenduft.ch\/blog\/season-hits\/spice-darno-parfuem-jetzt-als-duftprobe-testen-entdecken\/#primaryimage"},"thumbnailUrl":"https:\/\/nischenduft.ch\/blog\/wp-content\/uploads\/2025\/04\/electimuss-spice-darno2.avif","datePublished":"2025-04-08T17:13:40+00:00","dateModified":"2025-08-17T17:01:38+00:00","description":"Spice D\u2019Arno Parf\u00fcm von Electimuss: w\u00fcrzig, holzig, elegant. Jetzt entdecken & als praktische Duftprobe testen \u2013 ideal f\u00fcr Fr\u00fchling & Sommer.","breadcrumb":{"@id":"https:\/\/nischenduft.ch\/blog\/season-hits\/spice-darno-parfuem-jetzt-als-duftprobe-testen-entdecken\/#breadcrumb"},"inLanguage":"de","potentialAction":[{"@type":"ReadAction","target":["https:\/\/nischenduft.ch\/blog\/season-hits\/spice-darno-parfuem-jetzt-als-duftprobe-testen-entdecken\/"]}]},{"@type":"ImageObject","inLanguage":"de","@id":"https:\/\/nischenduft.ch\/blog\/season-hits\/spice-darno-parfuem-jetzt-als-duftprobe-testen-entdecken\/#primaryimage","url":"https:\/\/nischenduft.ch\/blog\/wp-content\/uploads\/2025\/04\/electimuss-spice-darno2.avif","contentUrl":"https:\/\/nischenduft.ch\/blog\/wp-content\/uploads\/2025\/04\/electimuss-spice-darno2.avif","width":1600,"height":892},{"@type":"BreadcrumbList","@id":"https:\/\/nischenduft.ch\/blog\/season-hits\/spice-darno-parfuem-jetzt-als-duftprobe-testen-entdecken\/#breadcrumb","itemListElement":[{"@type":"ListItem","position":1,"name":"Startseite","item":"https:\/\/nischenduft.ch\/blog\/"},{"@type":"ListItem","position":2,"name":"Spice D\u2019Arno von Electimuss \u2013 der Duft einer flie\u00dfenden Legende"}]},{"@type":"WebSite","@id":"https:\/\/nischenduft.ch\/blog\/#website","url":"https:\/\/nischenduft.ch\/blog\/","name":"Die Welt der Nischend\u00fcfte: Exklusive Duftkreationen und Duftgeschichten","description":"","publisher":{"@id":"https:\/\/nischenduft.ch\/blog\/#organization"},"potentialAction":[{"@type":"SearchAction","target":{"@type":"EntryPoint","urlTemplate":"https:\/\/nischenduft.ch\/blog\/?s={search_term_string}"},"query-input":{"@type":"PropertyValueSpecification","valueRequired":true,"valueName":"search_term_string"}}],"inLanguage":"de"},{"@type":"Organization","@id":"https:\/\/nischenduft.ch\/blog\/#organization","name":"Die Welt der Nischend\u00fcfte: Exklusive Duftkreationen und Duftgeschichten","url":"https:\/\/nischenduft.ch\/blog\/","logo":{"@type":"ImageObject","inLanguage":"de","@id":"https:\/\/nischenduft.ch\/blog\/#\/schema\/logo\/image\/","url":"https:\/\/nischenduft.ch\/blog\/wp-content\/uploads\/2024\/10\/cropped-nischenduft_logo.jpg","contentUrl":"https:\/\/nischenduft.ch\/blog\/wp-content\/uploads\/2024\/10\/cropped-nischenduft_logo.jpg","width":528,"height":491,"caption":"Die Welt der Nischend\u00fcfte: Exklusive Duftkreationen und Duftgeschichten"},"image":{"@id":"https:\/\/nischenduft.ch\/blog\/#\/schema\/logo\/image\/"}},{"@type":"Person","@id":"https:\/\/nischenduft.ch\/blog\/#\/schema\/person\/7b7800cc92a338df0412cefcf5a97a25","name":"alina","image":{"@type":"ImageObject","inLanguage":"de","@id":"https:\/\/nischenduft.ch\/blog\/#\/schema\/person\/image\/","url":"https:\/\/secure.gravatar.com\/avatar\/be209b8c6c907c7741779cc8c0430dee?s=96&d=mm&r=g","contentUrl":"https:\/\/secure.gravatar.com\/avatar\/be209b8c6c907c7741779cc8c0430dee?s=96&d=mm&r=g","caption":"alina"},"sameAs":["https:\/\/nischenduft.ch\/blog"],"url":"https:\/\/nischenduft.ch\/blog\/author\/alina\/"}]}},"_links":{"self":[{"href":"https:\/\/nischenduft.ch\/blog\/wp-json\/wp\/v2\/posts\/300","targetHints":{"allow":["GET"]}}],"collection":[{"href":"https:\/\/nischenduft.ch\/blog\/wp-json\/wp\/v2\/posts"}],"about":[{"href":"https:\/\/nischenduft.ch\/blog\/wp-json\/wp\/v2\/types\/post"}],"author":[{"embeddable":true,"href":"https:\/\/nischenduft.ch\/blog\/wp-json\/wp\/v2\/users\/1"}],"replies":[{"embeddable":true,"href":"https:\/\/nischenduft.ch\/blog\/wp-json\/wp\/v2\/comments?post=300"}],"version-history":[{"count":2,"href":"https:\/\/nischenduft.ch\/blog\/wp-json\/wp\/v2\/posts\/300\/revisions"}],"predecessor-version":[{"id":305,"href":"https:\/\/nischenduft.ch\/blog\/wp-json\/wp\/v2\/posts\/300\/revisions\/305"}],"wp:featuredmedia":[{"embeddable":true,"href":"https:\/\/nischenduft.ch\/blog\/wp-json\/wp\/v2\/media\/301"}],"wp:attachment":[{"href":"https:\/\/nischenduft.ch\/blog\/wp-json\/wp\/v2\/media?parent=300"}],"wp:term":[{"taxonomy":"category","embeddable":true,"href":"https:\/\/nischenduft.ch\/blog\/wp-json\/wp\/v2\/categories?post=300"},{"taxonomy":"post_tag","embeddable":true,"href":"https:\/\/nischenduft.ch\/blog\/wp-json\/wp\/v2\/tags?post=300"}],"curies":[{"name":"wp","href":"https:\/\/api.w.org\/{rel}","templated":true}]}}