{"id":180,"date":"2025-03-31T17:53:04","date_gmt":"2025-03-31T15:53:04","guid":{"rendered":"https:\/\/nischenduft.ch\/blog\/?p=180"},"modified":"2025-04-09T19:28:29","modified_gmt":"2025-04-09T17:28:29","slug":"die-besten-parfums-fuer-fruehling-und-sommer-2025-diese-duefte-dominieren-die-saison","status":"publish","type":"post","link":"https:\/\/nischenduft.ch\/blog\/season-hits\/die-besten-parfums-fuer-fruehling-und-sommer-2025-diese-duefte-dominieren-die-saison\/","title":{"rendered":"Die besten Parfums f\u00fcr Fr\u00fchling und Sommer 2025: Diese D\u00fcfte dominieren die Saison"},"content":{"rendered":"\n<p><strong>Sommerparfums 2025 Trends<\/strong> \u2013 die Duftwelt wird dieses Jahr aufregend, frisch und vielf\u00e4ltig.<br>Der Sommer steht vor der T\u00fcr \u2013 Zeit f\u00fcr frische, elegante und ausdrucksstarke D\u00fcfte!<br>Wer 2025 auf der Suche nach dem perfekten Sommerparfum ist, darf sich auf bew\u00e4hrte Klassiker, spannende Neuheiten und einige aufregende Dufttrends freuen.<br>Ob du es zitrisch, gourmand oder gr\u00fcn-aquatisch magst \u2013 f\u00fcr jede Vorliebe ist etwas dabei.<\/p>\n\n\n\n<p>\ud83d\udca1 <strong>Du m\u00f6chtest deinen neuen Lieblingsduft entdecken, ohne gleich ein ganzes Flakon zu kaufen?<\/strong><br>Kein Problem! Bei mir kannst du alle <strong>Sommerparfums 2025 als praktische Duftprobe testen<\/strong> \u2013 ganz unkompliziert, bequem online.<\/p>\n\n\n\n<hr class=\"wp-block-separator has-alpha-channel-opacity\"\/>\n\n\n\n<h3 class=\"wp-block-heading\"><strong>Hier sind die angesagten <strong>Sommerparfums 2025 Trends<\/strong>, die die Saison pr\u00e4gen<\/strong><\/h3>\n\n\n\n<p>Einige D\u00fcfte haben sich l\u00e4ngst als Favoriten f\u00fcr warme Tage etabliert \u2013 und bleiben auch 2025 absolut angesagt:<\/p>\n\n\n\n<ul class=\"wp-block-list\">\n<li><strong>Louis Vuitton \u2013 Imagination<\/strong><br>Frisch, leicht w\u00fcrzig und mit einer eleganten Tee-Note: Dieser Duft kombiniert spritzige Zitrusnoten mit Ingwer und schwarzem Tee \u2013 ein moderner Klassiker f\u00fcr hei\u00dfe Sommertage.\ud83d\udc49 Louis Vuitton<a href=\"https:\/\/nischenduft.ch\/startseite\/20-louis-vuitton-imagination-duftprobe-abfuellung-2ml-5ml-10ml.html#\/26-ml-2\" target=\"_blank\" rel=\"noreferrer noopener\"> Imagination als Duftprobe bestellen \u00bb<\/a><\/li>\n\n\n\n<li><strong>Sospiro \u2013 Vibrato<\/strong><br>Facettenreich, dynamisch und lebendig. Vibrato \u00fcberzeugt mit einer frischen, floralen Komposition und passt perfekt zu Fr\u00fchling und Sommer.                                                      \ud83d\udc49 Sospiro <a href=\"https:\/\/nischenduft.ch\/startseite\/110-sospiro-vibrato.html#\/26-ml-2\" target=\"_blank\" rel=\"noreferrer noopener\">Vibrato als Duftprobe testen \u00bb<\/a><\/li>\n\n\n\n<li><strong>Roja \u2013 Elysium<\/strong><br>Luxuri\u00f6s und doch leicht: Zitrusfr\u00fcchte, Wacholder und Moschus verschmelzen zu einem eleganten, maskulinen Sommerduft mit Tiefe.                                                                        \ud83d\udc49 Roja <a class=\"\" href=\"#dein-link-elysium\">Elysium als Abf\u00fcllung entdecken \u00bb<\/a><\/li>\n<\/ul>\n\n\n\n<hr class=\"wp-block-separator has-alpha-channel-opacity\"\/>\n\n\n\n<h3 class=\"wp-block-heading\"><strong>Parfum-Trends 2025: Was ist neu, was bleibt?<\/strong><\/h3>\n\n\n\n<h4 class=\"wp-block-heading\">\ud83c\udf3f <strong>Mate \u2013 der gr\u00fcn-aromatische Shootingstar<\/strong><\/h4>\n\n\n\n<figure class=\"wp-block-image size-large\"><img loading=\"lazy\" decoding=\"async\" width=\"1024\" height=\"675\" src=\"https:\/\/nischenduft.ch\/blog\/wp-content\/uploads\/2025\/03\/Tee-Noten-in-Parfuems-1024x675.jpeg\" alt=\"\" class=\"wp-image-181\" srcset=\"https:\/\/nischenduft.ch\/blog\/wp-content\/uploads\/2025\/03\/Tee-Noten-in-Parfuems-1024x675.jpeg 1024w, https:\/\/nischenduft.ch\/blog\/wp-content\/uploads\/2025\/03\/Tee-Noten-in-Parfuems-300x198.jpeg 300w, https:\/\/nischenduft.ch\/blog\/wp-content\/uploads\/2025\/03\/Tee-Noten-in-Parfuems-768x506.jpeg 768w, https:\/\/nischenduft.ch\/blog\/wp-content\/uploads\/2025\/03\/Tee-Noten-in-Parfuems-1536x1013.jpeg 1536w, https:\/\/nischenduft.ch\/blog\/wp-content\/uploads\/2025\/03\/Tee-Noten-in-Parfuems-2048x1350.jpeg 2048w\" sizes=\"auto, (max-width: 1024px) 100vw, 1024px\" \/><\/figure>\n\n\n\n<p><strong>Die gr\u00fcn-herbe Frische der Mate- und Tee-Noten liegt voll im Trend.<\/strong> Diese nat\u00fcrlichen Akkorde bringen eine elegante Leichtigkeit und klare Ausstrahlung \u2013 perfekt f\u00fcr alle, die subtile, moderne Frische lieben.<\/p>\n\n\n\n<p>Mit <strong><a href=\"https:\/\/nischenduft.ch\/startseite\/84-nishane-wulong-cha-x.html#\/26-ml-2\">Nishane W\u016bl\u00f3ng Ch\u00e1 X<\/a><\/strong>, dem spritzig-zitrischen <strong><a href=\"https:\/\/nischenduft.ch\/startseite\/46-gritti-pomelo-sorrento-duftprobe-abfuellung-2ml-5ml-10ml.html#\/26-ml-2\">Gritti Pomelo Sorrento<\/a><\/strong> oder dem belebenden <strong><a href=\"https:\/\/nischenduft.ch\/startseite\/172-xerjoff-torino-21.html#\/26-ml-2\">Xerjoff Torino 21<\/a><\/strong> liegst du 2025 genau richtig.<\/p>\n\n\n\n<h4 class=\"wp-block-heading\">\ud83c\udf6c <strong>Gourmand-D\u00fcfte mit Twist<\/strong><\/h4>\n\n\n\n<p>S\u00fc\u00dfe Noten wie <strong>Vanille<\/strong>, <strong>Tonkabohne<\/strong> oder <strong>Kaffee<\/strong> bleiben auch 2025 echte Favoriten \u2013 doch die neuen Kompositionen wirken raffinierter und ausgewogener. Statt \u00fcberladen und zuckrig zeigen sich <strong>moderne Gourmand-D\u00fcfte<\/strong> vielseitig, oft kombiniert mit fruchtigen, w\u00fcrzigen oder cremigen Akkorden.<\/p>\n\n\n\n<p>Besonders angesagt in dieser Saison:<\/p>\n\n\n\n<ul class=\"wp-block-list\">\n<li><strong><a href=\"https:\/\/nischenduft.ch\/startseite\/85-nishane-tero.html#\/26-ml-2\">Nishane Tero<\/a><\/strong> \u2013 warm, w\u00fcrzig und mit \u00fcberraschender Tiefe<\/li>\n\n\n\n<li><a href=\"https:\/\/nischenduft.ch\/startseite\/179-xerjoff-casamorati-italica.html#\/26-ml-2\"><strong>Xerjoff Italica<\/strong> <\/a>\u2013 nussig, cremig und verf\u00fchrerisch weich<\/li>\n\n\n\n<li><strong><a href=\"https:\/\/nischenduft.ch\/startseite\/113-the-house-of-oud-dates-delight.html#\/26-ml-2\">Dates Delight von The House of Oud<\/a><\/strong> \u2013 eine orientalisch-s\u00fc\u00dfe Komposition mit Datteln, Karamell und Tonkabohne<\/li>\n\n\n\n<li><strong><a href=\"https:\/\/nischenduft.ch\/startseite\/192-giardini-di-toscana-bianco-latte-duftprobe-abfuellung-2ml-5ml-10ml.html#\/26-ml-2\">Bianco Latte von Giardini di Toscana<\/a><\/strong> \u2013 ein sanfter Milch-Vanille-Traum, der an warme Geborgenheit erinnert<\/li>\n<\/ul>\n\n\n\n<p>Diese D\u00fcfte zeigen, wie sinnlich, elegant und tragbar Gourmand 2025 sein kann \u2013 ganz ohne \u201eZucker-Overload<\/p>\n\n\n\n<figure class=\"wp-block-image size-large\"><img loading=\"lazy\" decoding=\"async\" width=\"1024\" height=\"767\" src=\"https:\/\/nischenduft.ch\/blog\/wp-content\/uploads\/2025\/03\/Gourmand-Duftprobe-1024x767.jpeg\" alt=\"Sommerparfums 2025 Trends \u2013 Die besten D\u00fcfte der Saison: Vilhelm Parfumerie Poets of Berlin, Xerjoff Italica, Argos Triumph of Bacchus\" class=\"wp-image-182\" srcset=\"https:\/\/nischenduft.ch\/blog\/wp-content\/uploads\/2025\/03\/Gourmand-Duftprobe-1024x767.jpeg 1024w, https:\/\/nischenduft.ch\/blog\/wp-content\/uploads\/2025\/03\/Gourmand-Duftprobe-300x225.jpeg 300w, https:\/\/nischenduft.ch\/blog\/wp-content\/uploads\/2025\/03\/Gourmand-Duftprobe-768x575.jpeg 768w, https:\/\/nischenduft.ch\/blog\/wp-content\/uploads\/2025\/03\/Gourmand-Duftprobe-1536x1151.jpeg 1536w, https:\/\/nischenduft.ch\/blog\/wp-content\/uploads\/2025\/03\/Gourmand-Duftprobe-2048x1534.jpeg 2048w\" sizes=\"auto, (max-width: 1024px) 100vw, 1024px\" \/><\/figure>\n\n\n\n<h4 class=\"wp-block-heading\">\ud83c\udf50 <strong>Von tropisch zu regional: Neue Frucht-Aromen<\/strong><\/h4>\n\n\n\n<p>W\u00e4hrend fr\u00fcher Mango &amp; Ananas dominierten, setzen moderne Parfums 2025 auf regionale Fruchtnoten mit nat\u00fcrlichem Charme:<\/p>\n\n\n\n<ul class=\"wp-block-list\">\n<li><strong>Birne:<\/strong> Zart, frisch und vielseitig \u2013 toll mit wei\u00dfen Bl\u00fcten, Moschus oder Tee.<\/li>\n\n\n\n<li><strong>Brombeere:<\/strong> Dunkel, samtig, leicht s\u00e4uerlich \u2013 ideal f\u00fcr elegante Tiefe.<\/li>\n\n\n\n<li><strong>Himbeere:<\/strong> Spritzig und verspielt \u2013 neu interpretiert mit gr\u00fcnen oder aldehydischen Akkorden.<\/li>\n<\/ul>\n\n\n\n<p>Tipp: Probiere <strong><a href=\"https:\/\/nischenduft.ch\/startseite\/89-pana-dora-forever-love.html#\/26-ml-2\">Pana Dora Forever Love<\/a>, <a href=\"https:\/\/nischenduft.ch\/startseite\/124-stephane-humbert-lucas-777-god-of-fire.html#\/26-ml-2\">St\u00e9phane Humbert Lucas 777 God of Fire<\/a>, <a href=\"https:\/\/nischenduft.ch\/startseite\/30-anfas-ishq-duftprobe-abfuellung-2ml-5ml-10ml.html#\/26-ml-2\">Anfas Ishq<\/a> oder <a href=\"https:\/\/nischenduft.ch\/startseite\/252-city-rhythm-miami.html#\/26-ml-2\">City Rhythm Miami<\/a><\/strong> f\u00fcr fruchtige Kompositionen mit Charakter.<\/p>\n\n\n\n<hr class=\"wp-block-separator has-alpha-channel-opacity\"\/>\n\n\n\n<figure class=\"wp-block-image size-full\"><img loading=\"lazy\" decoding=\"async\" width=\"768\" height=\"1024\" src=\"https:\/\/nischenduft.ch\/blog\/wp-content\/uploads\/2025\/03\/City-Rhythm-Miami.jpg\" alt=\"City Rhythm Miami Bottle\" class=\"wp-image-183\" srcset=\"https:\/\/nischenduft.ch\/blog\/wp-content\/uploads\/2025\/03\/City-Rhythm-Miami.jpg 768w, https:\/\/nischenduft.ch\/blog\/wp-content\/uploads\/2025\/03\/City-Rhythm-Miami-225x300.jpg 225w\" sizes=\"auto, (max-width: 768px) 100vw, 768px\" \/><\/figure>\n\n\n\n<h3 class=\"wp-block-heading\"><strong>Molekulard\u00fcfte \u2013 individuell &amp; minimalistisch<\/strong><\/h3>\n\n\n\n<p>Weniger ist manchmal mehr. <strong><a href=\"https:\/\/nischenduft.ch\/startseite\/61-juliette-has-a-gun-not-a-perfume.html#\/27-ml-5\" target=\"_blank\" rel=\"noreferrer noopener\">Molekulard\u00fcfte<\/a><\/strong> bestehen oft nur aus wenigen synthetischen Komponenten, entfalten sich aber individuell auf jeder Haut. Sie sind dezent, hautnah und ideal f\u00fcr alle, die subtile, moderne Parfums bevorzugen.<\/p>\n\n\n\n<hr class=\"wp-block-separator has-alpha-channel-opacity\"\/>\n\n\n\n<h3 class=\"wp-block-heading\"><strong>Biophilie-Trend \u2013 Parfums mit Naturgef\u00fchl<\/strong><\/h3>\n\n\n\n<p>2025 steht ganz im Zeichen der R\u00fcckverbindung zur Natur. Parfums mit <strong>erdigen, gr\u00fcnen oder aquatischen Noten<\/strong> spiegeln unsere Sehnsucht nach Klarheit, Frische und Erdung wider. Sie erinnern an Waldspazierg\u00e4nge, Meeresluft oder feuchte Erde \u2013 sinnlich, beruhigend und authentisch.<\/p>\n\n\n\n<p>Parf\u00fcms, die diesen Trend aufgreifen, sind oft beruhigend, sinnlich und authentisch. Besonders bemerkenswert sind Marken wie <strong><a href=\"https:\/\/nischenduft.ch\/brand\/54-bortnikoff\" target=\"_blank\" rel=\"noreferrer noopener\">Bortnikoff<\/a><\/strong>,<strong> <a href=\"https:\/\/nischenduft.ch\/brand\/12-dusita\" target=\"_blank\" rel=\"noreferrer noopener\">Dusita<\/a><\/strong>, <a href=\"https:\/\/nischenduft.ch\/brand\/15-fragrance-du-bois\" target=\"_blank\" rel=\"noreferrer noopener\"><strong>Fragrance du Bois<\/strong><\/a> und <strong><a href=\"https:\/\/nischenduft.ch\/brand\/48-francesca-bianchi-perfumes\" target=\"_blank\" rel=\"noreferrer noopener\">Francesca Bianchi<\/a><\/strong>, die sich f\u00fcr <strong>100% nat\u00fcrliche Inhaltsstoffe<\/strong> entscheiden. Diese Parf\u00fcmh\u00e4user setzen ausschlie\u00dflich auf die Kraft der Natur und verzichten auf synthetische Duftstoffe. Ihre Parfums erz\u00e4hlen mit jedem Atemzug eine Geschichte der Natur und bieten ein unverwechselbares, authentisches Dufterlebnis.<\/p>\n\n\n\n<p>\ud83d\udcac <strong>Tipp:<\/strong> Einen spannenden Blick auf die \u00fcbergeordneten Duftstr\u00f6mungen im Jahr 2025 bietet dieser Artikel auf Fragrantica:<br>\ud83d\udc49 <a class=\"\" href=\"https:\/\/www.fragrantica.com\/news\/Rethinking-Trends-For-2025-Less-Diversity-Than-Ever-21706.html\">Rethinking Trends For 2025 \u2013 Less Diversity Than Ever<\/a><\/p>\n\n\n\n<hr class=\"wp-block-separator has-alpha-channel-opacity\"\/>\n\n\n\n<h2 class=\"wp-block-heading\"><strong>Fazit: Sommerparfums 2025 \u2013 Nat\u00fcrlichkeit, Eleganz &amp; Pers\u00f6nlichkeit<\/strong><\/h2>\n\n\n\n<p>Der Duft-Sommer 2025 steht f\u00fcr:<\/p>\n\n\n\n<ul class=\"wp-block-list\">\n<li><strong>Was die <strong>Sommerparfums 2025 Trends<\/strong> betrifft, liegen frische Fruchtnoten klar vorn statt tropischer S\u00fc\u00dfe<\/strong><\/li>\n\n\n\n<li><strong>raffinierte Gourmand-Kompositionen<\/strong><\/li>\n\n\n\n<li><strong>individuelle Molekulard\u00fcfte<\/strong><\/li>\n\n\n\n<li><strong>eine neue Nat\u00fcrlichkeit durch Biophilie-Trend<\/strong><\/li>\n<\/ul>\n\n\n\n<p>Ob du auf der Suche nach einem neuen Lieblingsduft bist oder einfach etwas Neues ausprobieren m\u00f6chtest: Jetzt ist der perfekte Zeitpunkt, die Trends von morgen zu entdecken!<\/p>\n\n\n\n<hr class=\"wp-block-separator has-alpha-channel-opacity\"\/>\n\n\n\n<p>\ud83d\udca1 <strong>Tipp:<\/strong> In meinem Onlineshop kannst du alle Trendd\u00fcfte 2025 als <strong>Duftproben-Abf\u00fcllung<\/strong> testen \u2013 ganz unkompliziert und ohne Risiko. Finde heraus, welcher Duft am besten zu dir passt, bevor du dich f\u00fcr den vollen Flakon entscheidest.<\/p>\n\n\n\n<p>\ud83d\udc49 <a href=\"https:\/\/nischenduft.ch\/\">Du m\u00f6chtest die <strong>Sommerparfums 2025 Trends<\/strong> erst testen? Kein Problem \u2013 bei uns als Duftprobe erh\u00e4ltlich.<\/a><\/p>\n\n\n\n<p><\/p>\n","protected":false},"excerpt":{"rendered":"<p>Top 2025 Fr\u00fchling und Sommer Parf\u00fcms <\/p>\n","protected":false},"author":1,"featured_media":184,"comment_status":"open","ping_status":"open","sticky":false,"template":"","format":"standard","meta":{"_kad_post_transparent":"","_kad_post_title":"","_kad_post_layout":"","_kad_post_sidebar_id":"","_kad_post_content_style":"","_kad_post_vertical_padding":"","_kad_post_feature":"","_kad_post_feature_position":"","_kad_post_header":false,"_kad_post_footer":false,"footnotes":""},"categories":[58],"tags":[33,48,50,54,10,55,56,53,49,57,32,51,52,38],"class_list":["post-180","post","type-post","status-publish","format-standard","has-post-thumbnail","hentry","category-season-hits","tag-duftkomposition","tag-duftprobe-kaufen-nischenduefte-in-praktischer-groesse-testen","tag-fruehling-parfuems","tag-louis-vuitton-imagination","tag-maison-crivelli","tag-natuerlicheduefte","tag-nischenduefte","tag-nishane-probieren","tag-parfuem-abfuellungen","tag-parfuem-proben-schweiz","tag-parfuemkunst","tag-sommer-parfuems","tag-sommerduefte","tag-xerjoff-test"],"yoast_head":"<!-- This site is optimized with the Yoast SEO plugin v23.6 - https:\/\/yoast.com\/wordpress\/plugins\/seo\/ -->\n<title>Sommerparfums 2025 Trends \u2013 Die besten D\u00fcfte der Saison<\/title>\n<meta name=\"description\" content=\"Sommerparfums 2025 Trends: Entdecke frische, elegante und sinnliche D\u00fcfte f\u00fcr Fr\u00fchling &amp; Sommer \u2013 jetzt als Duftprobe testen!\" \/>\n<meta name=\"robots\" content=\"index, follow, max-snippet:-1, max-image-preview:large, max-video-preview:-1\" \/>\n<link rel=\"canonical\" href=\"https:\/\/nischenduft.ch\/blog\/season-hits\/die-besten-parfums-fuer-fruehling-und-sommer-2025-diese-duefte-dominieren-die-saison\/\" \/>\n<meta property=\"og:locale\" content=\"de_DE\" \/>\n<meta property=\"og:type\" content=\"article\" \/>\n<meta property=\"og:title\" content=\"Sommerparfums 2025 Trends \u2013 Die besten D\u00fcfte der Saison\" \/>\n<meta property=\"og:description\" content=\"Sommerparfums 2025 Trends: Entdecke frische, elegante und sinnliche D\u00fcfte f\u00fcr Fr\u00fchling &amp; Sommer \u2013 jetzt als Duftprobe testen!\" \/>\n<meta property=\"og:url\" content=\"https:\/\/nischenduft.ch\/blog\/season-hits\/die-besten-parfums-fuer-fruehling-und-sommer-2025-diese-duefte-dominieren-die-saison\/\" \/>\n<meta property=\"og:site_name\" content=\"Die Welt der Nischend\u00fcfte: Exklusive Duftkreationen und Duftgeschichten\" \/>\n<meta property=\"article:published_time\" content=\"2025-03-31T15:53:04+00:00\" \/>\n<meta property=\"article:modified_time\" content=\"2025-04-09T17:28:29+00:00\" \/>\n<meta property=\"og:image\" content=\"https:\/\/nischenduft.ch\/blog\/wp-content\/uploads\/2025\/03\/sommerduft-scaled.jpeg\" \/>\n\t<meta property=\"og:image:width\" content=\"2560\" \/>\n\t<meta property=\"og:image:height\" content=\"1700\" \/>\n\t<meta property=\"og:image:type\" content=\"image\/jpeg\" \/>\n<meta name=\"author\" content=\"alina\" \/>\n<meta name=\"twitter:card\" content=\"summary_large_image\" \/>\n<meta name=\"twitter:label1\" content=\"Verfasst von\" \/>\n\t<meta name=\"twitter:data1\" content=\"alina\" \/>\n\t<meta name=\"twitter:label2\" content=\"Gesch\u00e4tzte Lesezeit\" \/>\n\t<meta name=\"twitter:data2\" content=\"5\u00a0Minuten\" \/>\n<script type=\"application\/ld+json\" class=\"yoast-schema-graph\">{\"@context\":\"https:\/\/schema.org\",\"@graph\":[{\"@type\":\"Article\",\"@id\":\"https:\/\/nischenduft.ch\/blog\/season-hits\/die-besten-parfums-fuer-fruehling-und-sommer-2025-diese-duefte-dominieren-die-saison\/#article\",\"isPartOf\":{\"@id\":\"https:\/\/nischenduft.ch\/blog\/season-hits\/die-besten-parfums-fuer-fruehling-und-sommer-2025-diese-duefte-dominieren-die-saison\/\"},\"author\":{\"name\":\"alina\",\"@id\":\"https:\/\/nischenduft.ch\/blog\/#\/schema\/person\/7b7800cc92a338df0412cefcf5a97a25\"},\"headline\":\"Die besten Parfums f\u00fcr Fr\u00fchling und Sommer 2025: Diese D\u00fcfte dominieren die Saison\",\"datePublished\":\"2025-03-31T15:53:04+00:00\",\"dateModified\":\"2025-04-09T17:28:29+00:00\",\"mainEntityOfPage\":{\"@id\":\"https:\/\/nischenduft.ch\/blog\/season-hits\/die-besten-parfums-fuer-fruehling-und-sommer-2025-diese-duefte-dominieren-die-saison\/\"},\"wordCount\":780,\"commentCount\":0,\"publisher\":{\"@id\":\"https:\/\/nischenduft.ch\/blog\/#organization\"},\"image\":{\"@id\":\"https:\/\/nischenduft.ch\/blog\/season-hits\/die-besten-parfums-fuer-fruehling-und-sommer-2025-diese-duefte-dominieren-die-saison\/#primaryimage\"},\"thumbnailUrl\":\"https:\/\/nischenduft.ch\/blog\/wp-content\/uploads\/2025\/03\/sommerduft-scaled.jpeg\",\"keywords\":[\"Duftkomposition\",\"Duftprobe\",\"Fr\u00fchling Parf\u00fcms\",\"Louis Vuitton Imagination\",\"maison crivelli\",\"Nat\u00fcrliched\u00fcfte\",\"nischend\u00fcfte\",\"nishane probieren\",\"parf\u00fcm Abf\u00fcllungen\",\"parf\u00fcm proben Schweiz\",\"Parf\u00fcmkunst\",\"Sommer Parf\u00fcms\",\"Sommerd\u00fcfte\",\"xerjoff test\"],\"articleSection\":[\"Season Hits\"],\"inLanguage\":\"de\",\"potentialAction\":[{\"@type\":\"CommentAction\",\"name\":\"Comment\",\"target\":[\"https:\/\/nischenduft.ch\/blog\/season-hits\/die-besten-parfums-fuer-fruehling-und-sommer-2025-diese-duefte-dominieren-die-saison\/#respond\"]}]},{\"@type\":\"WebPage\",\"@id\":\"https:\/\/nischenduft.ch\/blog\/season-hits\/die-besten-parfums-fuer-fruehling-und-sommer-2025-diese-duefte-dominieren-die-saison\/\",\"url\":\"https:\/\/nischenduft.ch\/blog\/season-hits\/die-besten-parfums-fuer-fruehling-und-sommer-2025-diese-duefte-dominieren-die-saison\/\",\"name\":\"Sommerparfums 2025 Trends \u2013 Die besten D\u00fcfte der Saison\",\"isPartOf\":{\"@id\":\"https:\/\/nischenduft.ch\/blog\/#website\"},\"primaryImageOfPage\":{\"@id\":\"https:\/\/nischenduft.ch\/blog\/season-hits\/die-besten-parfums-fuer-fruehling-und-sommer-2025-diese-duefte-dominieren-die-saison\/#primaryimage\"},\"image\":{\"@id\":\"https:\/\/nischenduft.ch\/blog\/season-hits\/die-besten-parfums-fuer-fruehling-und-sommer-2025-diese-duefte-dominieren-die-saison\/#primaryimage\"},\"thumbnailUrl\":\"https:\/\/nischenduft.ch\/blog\/wp-content\/uploads\/2025\/03\/sommerduft-scaled.jpeg\",\"datePublished\":\"2025-03-31T15:53:04+00:00\",\"dateModified\":\"2025-04-09T17:28:29+00:00\",\"description\":\"Sommerparfums 2025 Trends: Entdecke frische, elegante und sinnliche D\u00fcfte f\u00fcr Fr\u00fchling & Sommer \u2013 jetzt als Duftprobe testen!\",\"breadcrumb\":{\"@id\":\"https:\/\/nischenduft.ch\/blog\/season-hits\/die-besten-parfums-fuer-fruehling-und-sommer-2025-diese-duefte-dominieren-die-saison\/#breadcrumb\"},\"inLanguage\":\"de\",\"potentialAction\":[{\"@type\":\"ReadAction\",\"target\":[\"https:\/\/nischenduft.ch\/blog\/season-hits\/die-besten-parfums-fuer-fruehling-und-sommer-2025-diese-duefte-dominieren-die-saison\/\"]}]},{\"@type\":\"ImageObject\",\"inLanguage\":\"de\",\"@id\":\"https:\/\/nischenduft.ch\/blog\/season-hits\/die-besten-parfums-fuer-fruehling-und-sommer-2025-diese-duefte-dominieren-die-saison\/#primaryimage\",\"url\":\"https:\/\/nischenduft.ch\/blog\/wp-content\/uploads\/2025\/03\/sommerduft-scaled.jpeg\",\"contentUrl\":\"https:\/\/nischenduft.ch\/blog\/wp-content\/uploads\/2025\/03\/sommerduft-scaled.jpeg\",\"width\":2560,\"height\":1700,\"caption\":\"DIe besten Parf\u00fcms, die diesen Sommer dominieren und an Urlaub erinnern.\"},{\"@type\":\"BreadcrumbList\",\"@id\":\"https:\/\/nischenduft.ch\/blog\/season-hits\/die-besten-parfums-fuer-fruehling-und-sommer-2025-diese-duefte-dominieren-die-saison\/#breadcrumb\",\"itemListElement\":[{\"@type\":\"ListItem\",\"position\":1,\"name\":\"Startseite\",\"item\":\"https:\/\/nischenduft.ch\/blog\/\"},{\"@type\":\"ListItem\",\"position\":2,\"name\":\"Die besten Parfums f\u00fcr Fr\u00fchling und Sommer 2025: Diese D\u00fcfte dominieren die Saison\"}]},{\"@type\":\"WebSite\",\"@id\":\"https:\/\/nischenduft.ch\/blog\/#website\",\"url\":\"https:\/\/nischenduft.ch\/blog\/\",\"name\":\"Die Welt der Nischend\u00fcfte: Exklusive Duftkreationen und Duftgeschichten\",\"description\":\"\",\"publisher\":{\"@id\":\"https:\/\/nischenduft.ch\/blog\/#organization\"},\"potentialAction\":[{\"@type\":\"SearchAction\",\"target\":{\"@type\":\"EntryPoint\",\"urlTemplate\":\"https:\/\/nischenduft.ch\/blog\/?s={search_term_string}\"},\"query-input\":{\"@type\":\"PropertyValueSpecification\",\"valueRequired\":true,\"valueName\":\"search_term_string\"}}],\"inLanguage\":\"de\"},{\"@type\":\"Organization\",\"@id\":\"https:\/\/nischenduft.ch\/blog\/#organization\",\"name\":\"Die Welt der Nischend\u00fcfte: Exklusive Duftkreationen und Duftgeschichten\",\"url\":\"https:\/\/nischenduft.ch\/blog\/\",\"logo\":{\"@type\":\"ImageObject\",\"inLanguage\":\"de\",\"@id\":\"https:\/\/nischenduft.ch\/blog\/#\/schema\/logo\/image\/\",\"url\":\"https:\/\/nischenduft.ch\/blog\/wp-content\/uploads\/2024\/10\/cropped-nischenduft_logo.jpg\",\"contentUrl\":\"https:\/\/nischenduft.ch\/blog\/wp-content\/uploads\/2024\/10\/cropped-nischenduft_logo.jpg\",\"width\":528,\"height\":491,\"caption\":\"Die Welt der Nischend\u00fcfte: Exklusive Duftkreationen und Duftgeschichten\"},\"image\":{\"@id\":\"https:\/\/nischenduft.ch\/blog\/#\/schema\/logo\/image\/\"}},{\"@type\":\"Person\",\"@id\":\"https:\/\/nischenduft.ch\/blog\/#\/schema\/person\/7b7800cc92a338df0412cefcf5a97a25\",\"name\":\"alina\",\"image\":{\"@type\":\"ImageObject\",\"inLanguage\":\"de\",\"@id\":\"https:\/\/nischenduft.ch\/blog\/#\/schema\/person\/image\/\",\"url\":\"https:\/\/secure.gravatar.com\/avatar\/be209b8c6c907c7741779cc8c0430dee?s=96&d=mm&r=g\",\"contentUrl\":\"https:\/\/secure.gravatar.com\/avatar\/be209b8c6c907c7741779cc8c0430dee?s=96&d=mm&r=g\",\"caption\":\"alina\"},\"sameAs\":[\"https:\/\/nischenduft.ch\/blog\"],\"url\":\"https:\/\/nischenduft.ch\/blog\/author\/alina\/\"}]}<\/script>\n<!-- \/ Yoast SEO plugin. -->","yoast_head_json":{"title":"Sommerparfums 2025 Trends \u2013 Die besten D\u00fcfte der Saison","description":"Sommerparfums 2025 Trends: Entdecke frische, elegante und sinnliche D\u00fcfte f\u00fcr Fr\u00fchling & Sommer \u2013 jetzt als Duftprobe testen!","robots":{"index":"index","follow":"follow","max-snippet":"max-snippet:-1","max-image-preview":"max-image-preview:large","max-video-preview":"max-video-preview:-1"},"canonical":"https:\/\/nischenduft.ch\/blog\/season-hits\/die-besten-parfums-fuer-fruehling-und-sommer-2025-diese-duefte-dominieren-die-saison\/","og_locale":"de_DE","og_type":"article","og_title":"Sommerparfums 2025 Trends \u2013 Die besten D\u00fcfte der Saison","og_description":"Sommerparfums 2025 Trends: Entdecke frische, elegante und sinnliche D\u00fcfte f\u00fcr Fr\u00fchling & Sommer \u2013 jetzt als Duftprobe testen!","og_url":"https:\/\/nischenduft.ch\/blog\/season-hits\/die-besten-parfums-fuer-fruehling-und-sommer-2025-diese-duefte-dominieren-die-saison\/","og_site_name":"Die Welt der Nischend\u00fcfte: Exklusive Duftkreationen und Duftgeschichten","article_published_time":"2025-03-31T15:53:04+00:00","article_modified_time":"2025-04-09T17:28:29+00:00","og_image":[{"width":2560,"height":1700,"url":"https:\/\/nischenduft.ch\/blog\/wp-content\/uploads\/2025\/03\/sommerduft-scaled.jpeg","type":"image\/jpeg"}],"author":"alina","twitter_card":"summary_large_image","twitter_misc":{"Verfasst von":"alina","Gesch\u00e4tzte Lesezeit":"5\u00a0Minuten"},"schema":{"@context":"https:\/\/schema.org","@graph":[{"@type":"Article","@id":"https:\/\/nischenduft.ch\/blog\/season-hits\/die-besten-parfums-fuer-fruehling-und-sommer-2025-diese-duefte-dominieren-die-saison\/#article","isPartOf":{"@id":"https:\/\/nischenduft.ch\/blog\/season-hits\/die-besten-parfums-fuer-fruehling-und-sommer-2025-diese-duefte-dominieren-die-saison\/"},"author":{"name":"alina","@id":"https:\/\/nischenduft.ch\/blog\/#\/schema\/person\/7b7800cc92a338df0412cefcf5a97a25"},"headline":"Die besten Parfums f\u00fcr Fr\u00fchling und Sommer 2025: Diese D\u00fcfte dominieren die Saison","datePublished":"2025-03-31T15:53:04+00:00","dateModified":"2025-04-09T17:28:29+00:00","mainEntityOfPage":{"@id":"https:\/\/nischenduft.ch\/blog\/season-hits\/die-besten-parfums-fuer-fruehling-und-sommer-2025-diese-duefte-dominieren-die-saison\/"},"wordCount":780,"commentCount":0,"publisher":{"@id":"https:\/\/nischenduft.ch\/blog\/#organization"},"image":{"@id":"https:\/\/nischenduft.ch\/blog\/season-hits\/die-besten-parfums-fuer-fruehling-und-sommer-2025-diese-duefte-dominieren-die-saison\/#primaryimage"},"thumbnailUrl":"https:\/\/nischenduft.ch\/blog\/wp-content\/uploads\/2025\/03\/sommerduft-scaled.jpeg","keywords":["Duftkomposition","Duftprobe","Fr\u00fchling Parf\u00fcms","Louis Vuitton Imagination","maison crivelli","Nat\u00fcrliched\u00fcfte","nischend\u00fcfte","nishane probieren","parf\u00fcm Abf\u00fcllungen","parf\u00fcm proben Schweiz","Parf\u00fcmkunst","Sommer Parf\u00fcms","Sommerd\u00fcfte","xerjoff test"],"articleSection":["Season Hits"],"inLanguage":"de","potentialAction":[{"@type":"CommentAction","name":"Comment","target":["https:\/\/nischenduft.ch\/blog\/season-hits\/die-besten-parfums-fuer-fruehling-und-sommer-2025-diese-duefte-dominieren-die-saison\/#respond"]}]},{"@type":"WebPage","@id":"https:\/\/nischenduft.ch\/blog\/season-hits\/die-besten-parfums-fuer-fruehling-und-sommer-2025-diese-duefte-dominieren-die-saison\/","url":"https:\/\/nischenduft.ch\/blog\/season-hits\/die-besten-parfums-fuer-fruehling-und-sommer-2025-diese-duefte-dominieren-die-saison\/","name":"Sommerparfums 2025 Trends \u2013 Die besten D\u00fcfte der Saison","isPartOf":{"@id":"https:\/\/nischenduft.ch\/blog\/#website"},"primaryImageOfPage":{"@id":"https:\/\/nischenduft.ch\/blog\/season-hits\/die-besten-parfums-fuer-fruehling-und-sommer-2025-diese-duefte-dominieren-die-saison\/#primaryimage"},"image":{"@id":"https:\/\/nischenduft.ch\/blog\/season-hits\/die-besten-parfums-fuer-fruehling-und-sommer-2025-diese-duefte-dominieren-die-saison\/#primaryimage"},"thumbnailUrl":"https:\/\/nischenduft.ch\/blog\/wp-content\/uploads\/2025\/03\/sommerduft-scaled.jpeg","datePublished":"2025-03-31T15:53:04+00:00","dateModified":"2025-04-09T17:28:29+00:00","description":"Sommerparfums 2025 Trends: Entdecke frische, elegante und sinnliche D\u00fcfte f\u00fcr Fr\u00fchling & Sommer \u2013 jetzt als Duftprobe testen!","breadcrumb":{"@id":"https:\/\/nischenduft.ch\/blog\/season-hits\/die-besten-parfums-fuer-fruehling-und-sommer-2025-diese-duefte-dominieren-die-saison\/#breadcrumb"},"inLanguage":"de","potentialAction":[{"@type":"ReadAction","target":["https:\/\/nischenduft.ch\/blog\/season-hits\/die-besten-parfums-fuer-fruehling-und-sommer-2025-diese-duefte-dominieren-die-saison\/"]}]},{"@type":"ImageObject","inLanguage":"de","@id":"https:\/\/nischenduft.ch\/blog\/season-hits\/die-besten-parfums-fuer-fruehling-und-sommer-2025-diese-duefte-dominieren-die-saison\/#primaryimage","url":"https:\/\/nischenduft.ch\/blog\/wp-content\/uploads\/2025\/03\/sommerduft-scaled.jpeg","contentUrl":"https:\/\/nischenduft.ch\/blog\/wp-content\/uploads\/2025\/03\/sommerduft-scaled.jpeg","width":2560,"height":1700,"caption":"DIe besten Parf\u00fcms, die diesen Sommer dominieren und an Urlaub erinnern."},{"@type":"BreadcrumbList","@id":"https:\/\/nischenduft.ch\/blog\/season-hits\/die-besten-parfums-fuer-fruehling-und-sommer-2025-diese-duefte-dominieren-die-saison\/#breadcrumb","itemListElement":[{"@type":"ListItem","position":1,"name":"Startseite","item":"https:\/\/nischenduft.ch\/blog\/"},{"@type":"ListItem","position":2,"name":"Die besten Parfums f\u00fcr Fr\u00fchling und Sommer 2025: Diese D\u00fcfte dominieren die Saison"}]},{"@type":"WebSite","@id":"https:\/\/nischenduft.ch\/blog\/#website","url":"https:\/\/nischenduft.ch\/blog\/","name":"Die Welt der Nischend\u00fcfte: Exklusive Duftkreationen und Duftgeschichten","description":"","publisher":{"@id":"https:\/\/nischenduft.ch\/blog\/#organization"},"potentialAction":[{"@type":"SearchAction","target":{"@type":"EntryPoint","urlTemplate":"https:\/\/nischenduft.ch\/blog\/?s={search_term_string}"},"query-input":{"@type":"PropertyValueSpecification","valueRequired":true,"valueName":"search_term_string"}}],"inLanguage":"de"},{"@type":"Organization","@id":"https:\/\/nischenduft.ch\/blog\/#organization","name":"Die Welt der Nischend\u00fcfte: Exklusive Duftkreationen und Duftgeschichten","url":"https:\/\/nischenduft.ch\/blog\/","logo":{"@type":"ImageObject","inLanguage":"de","@id":"https:\/\/nischenduft.ch\/blog\/#\/schema\/logo\/image\/","url":"https:\/\/nischenduft.ch\/blog\/wp-content\/uploads\/2024\/10\/cropped-nischenduft_logo.jpg","contentUrl":"https:\/\/nischenduft.ch\/blog\/wp-content\/uploads\/2024\/10\/cropped-nischenduft_logo.jpg","width":528,"height":491,"caption":"Die Welt der Nischend\u00fcfte: Exklusive Duftkreationen und Duftgeschichten"},"image":{"@id":"https:\/\/nischenduft.ch\/blog\/#\/schema\/logo\/image\/"}},{"@type":"Person","@id":"https:\/\/nischenduft.ch\/blog\/#\/schema\/person\/7b7800cc92a338df0412cefcf5a97a25","name":"alina","image":{"@type":"ImageObject","inLanguage":"de","@id":"https:\/\/nischenduft.ch\/blog\/#\/schema\/person\/image\/","url":"https:\/\/secure.gravatar.com\/avatar\/be209b8c6c907c7741779cc8c0430dee?s=96&d=mm&r=g","contentUrl":"https:\/\/secure.gravatar.com\/avatar\/be209b8c6c907c7741779cc8c0430dee?s=96&d=mm&r=g","caption":"alina"},"sameAs":["https:\/\/nischenduft.ch\/blog"],"url":"https:\/\/nischenduft.ch\/blog\/author\/alina\/"}]}},"_links":{"self":[{"href":"https:\/\/nischenduft.ch\/blog\/wp-json\/wp\/v2\/posts\/180","targetHints":{"allow":["GET"]}}],"collection":[{"href":"https:\/\/nischenduft.ch\/blog\/wp-json\/wp\/v2\/posts"}],"about":[{"href":"https:\/\/nischenduft.ch\/blog\/wp-json\/wp\/v2\/types\/post"}],"author":[{"embeddable":true,"href":"https:\/\/nischenduft.ch\/blog\/wp-json\/wp\/v2\/users\/1"}],"replies":[{"embeddable":true,"href":"https:\/\/nischenduft.ch\/blog\/wp-json\/wp\/v2\/comments?post=180"}],"version-history":[{"count":5,"href":"https:\/\/nischenduft.ch\/blog\/wp-json\/wp\/v2\/posts\/180\/revisions"}],"predecessor-version":[{"id":317,"href":"https:\/\/nischenduft.ch\/blog\/wp-json\/wp\/v2\/posts\/180\/revisions\/317"}],"wp:featuredmedia":[{"embeddable":true,"href":"https:\/\/nischenduft.ch\/blog\/wp-json\/wp\/v2\/media\/184"}],"wp:attachment":[{"href":"https:\/\/nischenduft.ch\/blog\/wp-json\/wp\/v2\/media?parent=180"}],"wp:term":[{"taxonomy":"category","embeddable":true,"href":"https:\/\/nischenduft.ch\/blog\/wp-json\/wp\/v2\/categories?post=180"},{"taxonomy":"post_tag","embeddable":true,"href":"https:\/\/nischenduft.ch\/blog\/wp-json\/wp\/v2\/tags?post=180"}],"curies":[{"name":"wp","href":"https:\/\/api.w.org\/{rel}","templated":true}]}}