{"id":123,"date":"2025-03-21T18:53:12","date_gmt":"2025-03-21T17:53:12","guid":{"rendered":"https:\/\/nischenduft.ch\/blog\/?p=123"},"modified":"2025-04-17T11:50:20","modified_gmt":"2025-04-17T09:50:20","slug":"vilhelm-parfumerie-poets-of-berlin-eine-hommage-an-die-sinnliche-vielfalt-berlins","status":"publish","type":"post","link":"https:\/\/nischenduft.ch\/blog\/parfuem-bewertungen-echte-erfahrungen-zu-exklusiven-dueften\/vilhelm-parfumerie-poets-of-berlin-eine-hommage-an-die-sinnliche-vielfalt-berlins\/","title":{"rendered":"Vilhelm Parfumerie Poets of Berlin \u2013 Eine Hommage an die sinnliche Vielfalt Berlins"},"content":{"rendered":"\n<p><strong>Poets of Berlin<\/strong> von <a href=\"https:\/\/vilhelmparfumerie.com\/en\/products\/poet-of-berlin?srsltid=AfmBOootBBnTnhkCgrypeTW0bA5RPtbmV_k2mgEbeHfAre-EQLFIm2eW\">Vilhelm Parfumerie<\/a> ist eine olfaktorische Hommage an die Vielfalt und Tiefe Berlins. Denn dieser Duft entf\u00fchrt in eine Stadt voller Kontraste \u2013 poetisch, nostalgisch und rebellisch. Erleben Sie jetzt Poets of Berlin als Duftprobe und tauchen Sie ein in das duftende Herz der Hauptstadt.<\/p>\n\n\n\n<hr class=\"wp-block-separator has-alpha-channel-opacity\"\/>\n\n\n\n<h3 class=\"wp-block-heading\">Ein Duft als Gedicht: Die Idee hinter <em>Poets of Berlin<\/em><\/h3>\n\n\n\n<p>Vilhelm Parfumerie hat sich der Aufgabe gestellt, den einzigartigen Charakter Berlins in einem Duft festzuhalten. Die Inspiration stammt aus der bewegten Geschichte der Stadt und ihren kreativen Szenen \u2013 besonders aus den Jazzclubs der 1920er-Jahre. Musik, Kunst und Literatur verschmolzen dort zu einer pulsierenden Energie. Im Grunde genommen ist der Name &#8222;Poets of Berlin&#8220; eine Hommage an diese Epoche. Dar\u00fcber hinaus f\u00e4ngt er die Melancholie und k\u00fcnstlerische Freiheit der Stadt ein.<\/p>\n\n\n\n<figure class=\"wp-block-image size-full\"><img loading=\"lazy\" decoding=\"async\" width=\"935\" height=\"521\" src=\"https:\/\/nischenduft.ch\/blog\/wp-content\/uploads\/2024\/11\/jazz_club_berlin.jpg\" alt=\"jazzclub in berlin mit feiernden g\u00e4sten\" class=\"wp-image-124\" srcset=\"https:\/\/nischenduft.ch\/blog\/wp-content\/uploads\/2024\/11\/jazz_club_berlin.jpg 935w, https:\/\/nischenduft.ch\/blog\/wp-content\/uploads\/2024\/11\/jazz_club_berlin-300x167.jpg 300w, https:\/\/nischenduft.ch\/blog\/wp-content\/uploads\/2024\/11\/jazz_club_berlin-768x428.jpg 768w\" sizes=\"auto, (max-width: 935px) 100vw, 935px\" \/><\/figure>\n\n\n\n<h3 class=\"wp-block-heading\">Duftkomposition: Ein Spaziergang durch Berlin<\/h3>\n\n\n\n<p>Der Duft beginnt mit einem frischen Auftakt aus Zitrone und Blaubeere. Diese Kombination wirkt lebendig und modern, denn sie erinnert an Berliner Sommer, an gr\u00fcne Parks und Spazierg\u00e4nge entlang der Spree. Gleichzeitig sorgt sie f\u00fcr einen energetischen Einstieg in die Duftreise. Dar\u00fcber hinaus vermittelt sie Leichtigkeit.<\/p>\n\n\n\n<p>In der Herznote entfaltet sich die Iriswurzel. Dadurch entsteht eine zus\u00e4tzliche Tiefe sowie eine leicht melancholische Note. Der pudrige Charakter der Iris schafft zudem eine Verbindung zur Vergangenheit \u2013 elegant und nachdenklich zugleich. Und genau das macht den Duft so besonders, zumal er sich st\u00e4ndig weiterentwickelt.<\/p>\n\n\n\n<p>Die Basisnote besteht aus Vanille und Vetiver. W\u00e4hrend die Vanille dem Duft eine sanfte S\u00fc\u00dfe verleiht, sorgt der Vetiver f\u00fcr Erdung. Somit erinnert der Ausklang an den wilden, urbanen Charakter Berlins und bringt die Komposition in Balance. Au\u00dferdem verleiht er dem Duft eine nachhaltige Pr\u00e4senz.<\/p>\n\n\n\n<hr class=\"wp-block-separator has-alpha-channel-opacity\"\/>\n\n\n\n<h3 class=\"wp-block-heading\">Unboxing-Erlebnis: <em>Poets of Berlin<\/em> \u2013 Der erste Eindruck z\u00e4hlt!<\/h3>\n\n\n\n<p>In meinem Unboxing-Video auf YouTube zeige ich euch, wie stilvoll dieser Duft verpackt ist. Vom ersten Blick auf die Schachtel bis zum eleganten Flakon sp\u00fcrt man den Anspruch von Vilhelm Parfumerie. Wer einen visuellen Eindruck gewinnen m\u00f6chte, findet das <strong><a href=\"https:\/\/www.youtube.com\/watch?v=9T8ED6tpGSE\">Video <\/a><\/strong> direkt auf meinem Youtube-Kanal.<\/p>\n\n\n\n<iframe loading=\"lazy\" width=\"560\" height=\"315\" src=\"https:\/\/www.youtube.com\/embed\/9T8ED6tpGSE?si=av8hTaW4f89vsc9d\" title=\"YouTube video player\" frameborder=\"0\" allow=\"accelerometer; autoplay; clipboard-write; encrypted-media; gyroscope; picture-in-picture; web-share\" referrerpolicy=\"strict-origin-when-cross-origin\" allowfullscreen><\/iframe>\n\n\n\n<h3 class=\"wp-block-heading\">F\u00fcr wen ist Poets of Berlin geeignet?<\/h3>\n\n\n\n<p>Dieses Parfum richtet sich an alle, die sich in keine Schublade stecken lassen. Es ist f\u00fcr Freigeister, Stadtwanderer, Nachtschw\u00e4rmer und kreative Seelen gedacht. Der Duft passt sowohl in den Alltag als auch in besondere Momente. Au\u00dferdem entwickelt er sich individuell auf der Haut und hinterl\u00e4sst eine bleibende Erinnerung, die noch lange nachklingt. Nichtsdestotrotz bleibt er dabei stets dezent und stilvoll.<\/p>\n\n\n\n<figure class=\"wp-block-image size-large is-resized\"><img loading=\"lazy\" decoding=\"async\" width=\"576\" height=\"1024\" src=\"https:\/\/nischenduft.ch\/blog\/wp-content\/uploads\/2024\/11\/94ED7A9B-AAF1-46D5-8010-484749DFDAC7-576x1024.jpeg\" alt=\"Poets of Berlin Flasche \" class=\"wp-image-176\" style=\"width:726px;height:auto\" srcset=\"https:\/\/nischenduft.ch\/blog\/wp-content\/uploads\/2024\/11\/94ED7A9B-AAF1-46D5-8010-484749DFDAC7-576x1024.jpeg 576w, https:\/\/nischenduft.ch\/blog\/wp-content\/uploads\/2024\/11\/94ED7A9B-AAF1-46D5-8010-484749DFDAC7-169x300.jpeg 169w, https:\/\/nischenduft.ch\/blog\/wp-content\/uploads\/2024\/11\/94ED7A9B-AAF1-46D5-8010-484749DFDAC7-768x1366.jpeg 768w, https:\/\/nischenduft.ch\/blog\/wp-content\/uploads\/2024\/11\/94ED7A9B-AAF1-46D5-8010-484749DFDAC7-864x1536.jpeg 864w, https:\/\/nischenduft.ch\/blog\/wp-content\/uploads\/2024\/11\/94ED7A9B-AAF1-46D5-8010-484749DFDAC7-1152x2048.jpeg 1152w, https:\/\/nischenduft.ch\/blog\/wp-content\/uploads\/2024\/11\/94ED7A9B-AAF1-46D5-8010-484749DFDAC7-scaled.jpeg 1439w\" sizes=\"auto, (max-width: 576px) 100vw, 576px\" \/><figcaption class=\"wp-element-caption\">Poets of Berlin Flasche <\/figcaption><\/figure>\n\n\n\n<hr class=\"wp-block-separator has-alpha-channel-opacity\"\/>\n\n\n\n<h3 class=\"wp-block-heading\">Besonderheiten und das Duft-Erlebnis als Probe entdecken<\/h3>\n\n\n\n<p><em>Poets of Berlin<\/em> ist ein Duft, der sich lohnt, in Ruhe entdeckt zu werden. Seine Vielschichtigkeit entfaltet sich von der ersten Sekunde an und entwickelt sich \u00fcber Stunden. F\u00fcr all jene, die sich noch nicht sicher sind, ob dieser Duft ihr Herz erobern wird, oder die einfach neugierig sind, biete ich Duftproben und Abf\u00fcllungen direkt in meinem <a href=\"https:\/\/nischenduft.ch\/startseite\/22-189-vilhelm-parfumerie-poets-of-berlin.html\" target=\"_blank\" rel=\"noreferrer noopener\">Webshop<\/a> an. Das gibt die M\u00f6glichkeit, dieses poetische Erlebnis in der eigenen Zeit und im eigenen Raum auszuprobieren \u2013 perfekt f\u00fcr jene, die sich in der Duftwelt erst orientieren m\u00f6chten oder nach einem neuen Lieblingsduft suchen.<\/p>\n\n\n\n<hr class=\"wp-block-separator has-alpha-channel-opacity\"\/>\n\n\n\n<h3 class=\"wp-block-heading\">Fazit: Eine poetische Reise durch Berlins Seele<\/h3>\n\n\n\n<p>Diese Kreation von Vilhelm Parfumerie ist wie ein Gedicht in Duftform. Sie tr\u00e4gt den Geist Berlins in sich: frei, kreativ und voller Tiefe. Wer sich auf diese olfaktorische Reise einl\u00e4sst, erlebt Berlin aus einer neuen Perspektive.<\/p>\n\n\n\n<p>Wer sich auf dieses Dufterlebnis einl\u00e4sst, wird nicht nur inspiriert \u2013 er wird selbst Teil der Poesie dieser besonderen Metropole.<\/p>\n\n\n\n<p>\u2728 <a href=\"https:\/\/nischenduft.ch\/startseite\/22-vilhelm-parfumerie-poets-of-berlin.html#\/26-ml-2\">Entdecken Sie den Zauber Berlins auf duftende Weise<\/a> \u2013 in meinem Webshop finden Sie exklusive Abf\u00fcllungen und Duftproben, mit denen Sie diese vielschichtige Komposition ganz in Ihrem eigenen Tempo erleben k\u00f6nnen.<\/p>\n\n\n\n<p><\/p>\n","protected":false},"excerpt":{"rendered":"<p>Poets of Berlin von Vilhelm Parfumerie ist eine olfaktorische Hommage an die Vielfalt und Tiefe Berlins. Denn dieser Duft entf\u00fchrt in eine Stadt voller Kontraste \u2013 poetisch, nostalgisch und rebellisch. Erleben Sie jetzt Poets of Berlin als Duftprobe und tauchen Sie ein in das duftende Herz der Hauptstadt. Ein Duft als Gedicht: Die Idee hinter&#8230;<\/p>\n","protected":false},"author":1,"featured_media":356,"comment_status":"open","ping_status":"open","sticky":false,"template":"","format":"standard","meta":{"_kad_post_transparent":"","_kad_post_title":"","_kad_post_layout":"","_kad_post_sidebar_id":"","_kad_post_content_style":"","_kad_post_vertical_padding":"","_kad_post_feature":"","_kad_post_feature_position":"","_kad_post_header":false,"_kad_post_footer":false,"footnotes":""},"categories":[1],"tags":[23,22,24,21],"class_list":["post-123","post","type-post","status-publish","format-standard","has-post-thumbnail","hentry","category-parfuem-bewertungen-echte-erfahrungen-zu-exklusiven-dueften","tag-duft-fuer-freigeister","tag-poets-of-berlin","tag-poets-of-berlin-duftprobe-kaufen-vilhelm-parfumerie-testen","tag-vilhelm-parfumerie"],"yoast_head":"<!-- This site is optimized with the Yoast SEO plugin v23.6 - https:\/\/yoast.com\/wordpress\/plugins\/seo\/ -->\n<title>Poets of Berlin \u2013 Duftprobe jetzt entdecken und erleben<\/title>\n<meta name=\"description\" content=\"Poets of Berlin von Vilhelm Parfumerie \u2013 jetzt als Duftprobe entdecken. Urban, kreativ &amp; poetisch wie Berlin selbst.\" \/>\n<meta name=\"robots\" content=\"index, follow, max-snippet:-1, max-image-preview:large, max-video-preview:-1\" \/>\n<link rel=\"canonical\" href=\"https:\/\/nischenduft.ch\/blog\/parfuem-bewertungen-echte-erfahrungen-zu-exklusiven-dueften\/vilhelm-parfumerie-poets-of-berlin-eine-hommage-an-die-sinnliche-vielfalt-berlins\/\" \/>\n<meta property=\"og:locale\" content=\"de_DE\" \/>\n<meta property=\"og:type\" content=\"article\" \/>\n<meta property=\"og:title\" content=\"Poets of Berlin \u2013 Duftprobe jetzt entdecken und erleben\" \/>\n<meta property=\"og:description\" content=\"Poets of Berlin von Vilhelm Parfumerie \u2013 jetzt als Duftprobe entdecken. Urban, kreativ &amp; poetisch wie Berlin selbst.\" \/>\n<meta property=\"og:url\" content=\"https:\/\/nischenduft.ch\/blog\/parfuem-bewertungen-echte-erfahrungen-zu-exklusiven-dueften\/vilhelm-parfumerie-poets-of-berlin-eine-hommage-an-die-sinnliche-vielfalt-berlins\/\" \/>\n<meta property=\"og:site_name\" content=\"Die Welt der Nischend\u00fcfte: Exklusive Duftkreationen und Duftgeschichten\" \/>\n<meta property=\"article:published_time\" content=\"2025-03-21T17:53:12+00:00\" \/>\n<meta property=\"article:modified_time\" content=\"2025-04-17T09:50:20+00:00\" \/>\n<meta property=\"og:image\" content=\"https:\/\/nischenduft.ch\/blog\/wp-content\/uploads\/2024\/11\/poets-of-berlin-vilhelm.jpg\" \/>\n\t<meta property=\"og:image:width\" content=\"640\" \/>\n\t<meta property=\"og:image:height\" content=\"724\" \/>\n\t<meta property=\"og:image:type\" content=\"image\/jpeg\" \/>\n<meta name=\"author\" content=\"alina\" \/>\n<meta name=\"twitter:card\" content=\"summary_large_image\" \/>\n<meta name=\"twitter:label1\" content=\"Verfasst von\" \/>\n\t<meta name=\"twitter:data1\" content=\"alina\" \/>\n\t<meta name=\"twitter:label2\" content=\"Gesch\u00e4tzte Lesezeit\" \/>\n\t<meta name=\"twitter:data2\" content=\"4\u00a0Minuten\" \/>\n<script type=\"application\/ld+json\" class=\"yoast-schema-graph\">{\"@context\":\"https:\/\/schema.org\",\"@graph\":[{\"@type\":\"Article\",\"@id\":\"https:\/\/nischenduft.ch\/blog\/parfuem-bewertungen-echte-erfahrungen-zu-exklusiven-dueften\/vilhelm-parfumerie-poets-of-berlin-eine-hommage-an-die-sinnliche-vielfalt-berlins\/#article\",\"isPartOf\":{\"@id\":\"https:\/\/nischenduft.ch\/blog\/parfuem-bewertungen-echte-erfahrungen-zu-exklusiven-dueften\/vilhelm-parfumerie-poets-of-berlin-eine-hommage-an-die-sinnliche-vielfalt-berlins\/\"},\"author\":{\"name\":\"alina\",\"@id\":\"https:\/\/nischenduft.ch\/blog\/#\/schema\/person\/7b7800cc92a338df0412cefcf5a97a25\"},\"headline\":\"Vilhelm Parfumerie Poets of Berlin \u2013 Eine Hommage an die sinnliche Vielfalt Berlins\",\"datePublished\":\"2025-03-21T17:53:12+00:00\",\"dateModified\":\"2025-04-17T09:50:20+00:00\",\"mainEntityOfPage\":{\"@id\":\"https:\/\/nischenduft.ch\/blog\/parfuem-bewertungen-echte-erfahrungen-zu-exklusiven-dueften\/vilhelm-parfumerie-poets-of-berlin-eine-hommage-an-die-sinnliche-vielfalt-berlins\/\"},\"wordCount\":627,\"commentCount\":0,\"publisher\":{\"@id\":\"https:\/\/nischenduft.ch\/blog\/#organization\"},\"image\":{\"@id\":\"https:\/\/nischenduft.ch\/blog\/parfuem-bewertungen-echte-erfahrungen-zu-exklusiven-dueften\/vilhelm-parfumerie-poets-of-berlin-eine-hommage-an-die-sinnliche-vielfalt-berlins\/#primaryimage\"},\"thumbnailUrl\":\"https:\/\/nischenduft.ch\/blog\/wp-content\/uploads\/2024\/11\/poets-of-berlin-vilhelm.jpg\",\"keywords\":[\"Duft f\u00fcr Freigeister\",\"poets of berlin\",\"Poets of Berlin Duft\",\"vilhelm parfumerie\"],\"articleSection\":[\"Parfum-Bewertungen\"],\"inLanguage\":\"de\",\"potentialAction\":[{\"@type\":\"CommentAction\",\"name\":\"Comment\",\"target\":[\"https:\/\/nischenduft.ch\/blog\/parfuem-bewertungen-echte-erfahrungen-zu-exklusiven-dueften\/vilhelm-parfumerie-poets-of-berlin-eine-hommage-an-die-sinnliche-vielfalt-berlins\/#respond\"]}]},{\"@type\":\"WebPage\",\"@id\":\"https:\/\/nischenduft.ch\/blog\/parfuem-bewertungen-echte-erfahrungen-zu-exklusiven-dueften\/vilhelm-parfumerie-poets-of-berlin-eine-hommage-an-die-sinnliche-vielfalt-berlins\/\",\"url\":\"https:\/\/nischenduft.ch\/blog\/parfuem-bewertungen-echte-erfahrungen-zu-exklusiven-dueften\/vilhelm-parfumerie-poets-of-berlin-eine-hommage-an-die-sinnliche-vielfalt-berlins\/\",\"name\":\"Poets of Berlin \u2013 Duftprobe jetzt entdecken und erleben\",\"isPartOf\":{\"@id\":\"https:\/\/nischenduft.ch\/blog\/#website\"},\"primaryImageOfPage\":{\"@id\":\"https:\/\/nischenduft.ch\/blog\/parfuem-bewertungen-echte-erfahrungen-zu-exklusiven-dueften\/vilhelm-parfumerie-poets-of-berlin-eine-hommage-an-die-sinnliche-vielfalt-berlins\/#primaryimage\"},\"image\":{\"@id\":\"https:\/\/nischenduft.ch\/blog\/parfuem-bewertungen-echte-erfahrungen-zu-exklusiven-dueften\/vilhelm-parfumerie-poets-of-berlin-eine-hommage-an-die-sinnliche-vielfalt-berlins\/#primaryimage\"},\"thumbnailUrl\":\"https:\/\/nischenduft.ch\/blog\/wp-content\/uploads\/2024\/11\/poets-of-berlin-vilhelm.jpg\",\"datePublished\":\"2025-03-21T17:53:12+00:00\",\"dateModified\":\"2025-04-17T09:50:20+00:00\",\"description\":\"Poets of Berlin von Vilhelm Parfumerie \u2013 jetzt als Duftprobe entdecken. Urban, kreativ & poetisch wie Berlin selbst.\",\"breadcrumb\":{\"@id\":\"https:\/\/nischenduft.ch\/blog\/parfuem-bewertungen-echte-erfahrungen-zu-exklusiven-dueften\/vilhelm-parfumerie-poets-of-berlin-eine-hommage-an-die-sinnliche-vielfalt-berlins\/#breadcrumb\"},\"inLanguage\":\"de\",\"potentialAction\":[{\"@type\":\"ReadAction\",\"target\":[\"https:\/\/nischenduft.ch\/blog\/parfuem-bewertungen-echte-erfahrungen-zu-exklusiven-dueften\/vilhelm-parfumerie-poets-of-berlin-eine-hommage-an-die-sinnliche-vielfalt-berlins\/\"]}]},{\"@type\":\"ImageObject\",\"inLanguage\":\"de\",\"@id\":\"https:\/\/nischenduft.ch\/blog\/parfuem-bewertungen-echte-erfahrungen-zu-exklusiven-dueften\/vilhelm-parfumerie-poets-of-berlin-eine-hommage-an-die-sinnliche-vielfalt-berlins\/#primaryimage\",\"url\":\"https:\/\/nischenduft.ch\/blog\/wp-content\/uploads\/2024\/11\/poets-of-berlin-vilhelm.jpg\",\"contentUrl\":\"https:\/\/nischenduft.ch\/blog\/wp-content\/uploads\/2024\/11\/poets-of-berlin-vilhelm.jpg\",\"width\":640,\"height\":724,\"caption\":\"Poets of Berlin \u2013 ein fruchtig-poetischer Duft mit Blaubeeren und Vanille, inspiriert vom kreativen Herz Berlins.\"},{\"@type\":\"BreadcrumbList\",\"@id\":\"https:\/\/nischenduft.ch\/blog\/parfuem-bewertungen-echte-erfahrungen-zu-exklusiven-dueften\/vilhelm-parfumerie-poets-of-berlin-eine-hommage-an-die-sinnliche-vielfalt-berlins\/#breadcrumb\",\"itemListElement\":[{\"@type\":\"ListItem\",\"position\":1,\"name\":\"Startseite\",\"item\":\"https:\/\/nischenduft.ch\/blog\/\"},{\"@type\":\"ListItem\",\"position\":2,\"name\":\"Vilhelm Parfumerie Poets of Berlin \u2013 Eine Hommage an die sinnliche Vielfalt Berlins\"}]},{\"@type\":\"WebSite\",\"@id\":\"https:\/\/nischenduft.ch\/blog\/#website\",\"url\":\"https:\/\/nischenduft.ch\/blog\/\",\"name\":\"Die Welt der Nischend\u00fcfte: Exklusive Duftkreationen und Duftgeschichten\",\"description\":\"\",\"publisher\":{\"@id\":\"https:\/\/nischenduft.ch\/blog\/#organization\"},\"potentialAction\":[{\"@type\":\"SearchAction\",\"target\":{\"@type\":\"EntryPoint\",\"urlTemplate\":\"https:\/\/nischenduft.ch\/blog\/?s={search_term_string}\"},\"query-input\":{\"@type\":\"PropertyValueSpecification\",\"valueRequired\":true,\"valueName\":\"search_term_string\"}}],\"inLanguage\":\"de\"},{\"@type\":\"Organization\",\"@id\":\"https:\/\/nischenduft.ch\/blog\/#organization\",\"name\":\"Die Welt der Nischend\u00fcfte: Exklusive Duftkreationen und Duftgeschichten\",\"url\":\"https:\/\/nischenduft.ch\/blog\/\",\"logo\":{\"@type\":\"ImageObject\",\"inLanguage\":\"de\",\"@id\":\"https:\/\/nischenduft.ch\/blog\/#\/schema\/logo\/image\/\",\"url\":\"https:\/\/nischenduft.ch\/blog\/wp-content\/uploads\/2024\/10\/cropped-nischenduft_logo.jpg\",\"contentUrl\":\"https:\/\/nischenduft.ch\/blog\/wp-content\/uploads\/2024\/10\/cropped-nischenduft_logo.jpg\",\"width\":528,\"height\":491,\"caption\":\"Die Welt der Nischend\u00fcfte: Exklusive Duftkreationen und Duftgeschichten\"},\"image\":{\"@id\":\"https:\/\/nischenduft.ch\/blog\/#\/schema\/logo\/image\/\"}},{\"@type\":\"Person\",\"@id\":\"https:\/\/nischenduft.ch\/blog\/#\/schema\/person\/7b7800cc92a338df0412cefcf5a97a25\",\"name\":\"alina\",\"image\":{\"@type\":\"ImageObject\",\"inLanguage\":\"de\",\"@id\":\"https:\/\/nischenduft.ch\/blog\/#\/schema\/person\/image\/\",\"url\":\"https:\/\/secure.gravatar.com\/avatar\/be209b8c6c907c7741779cc8c0430dee?s=96&d=mm&r=g\",\"contentUrl\":\"https:\/\/secure.gravatar.com\/avatar\/be209b8c6c907c7741779cc8c0430dee?s=96&d=mm&r=g\",\"caption\":\"alina\"},\"sameAs\":[\"https:\/\/nischenduft.ch\/blog\"],\"url\":\"https:\/\/nischenduft.ch\/blog\/author\/alina\/\"}]}<\/script>\n<!-- \/ Yoast SEO plugin. -->","yoast_head_json":{"title":"Poets of Berlin \u2013 Duftprobe jetzt entdecken und erleben","description":"Poets of Berlin von Vilhelm Parfumerie \u2013 jetzt als Duftprobe entdecken. Urban, kreativ & poetisch wie Berlin selbst.","robots":{"index":"index","follow":"follow","max-snippet":"max-snippet:-1","max-image-preview":"max-image-preview:large","max-video-preview":"max-video-preview:-1"},"canonical":"https:\/\/nischenduft.ch\/blog\/parfuem-bewertungen-echte-erfahrungen-zu-exklusiven-dueften\/vilhelm-parfumerie-poets-of-berlin-eine-hommage-an-die-sinnliche-vielfalt-berlins\/","og_locale":"de_DE","og_type":"article","og_title":"Poets of Berlin \u2013 Duftprobe jetzt entdecken und erleben","og_description":"Poets of Berlin von Vilhelm Parfumerie \u2013 jetzt als Duftprobe entdecken. Urban, kreativ & poetisch wie Berlin selbst.","og_url":"https:\/\/nischenduft.ch\/blog\/parfuem-bewertungen-echte-erfahrungen-zu-exklusiven-dueften\/vilhelm-parfumerie-poets-of-berlin-eine-hommage-an-die-sinnliche-vielfalt-berlins\/","og_site_name":"Die Welt der Nischend\u00fcfte: Exklusive Duftkreationen und Duftgeschichten","article_published_time":"2025-03-21T17:53:12+00:00","article_modified_time":"2025-04-17T09:50:20+00:00","og_image":[{"width":640,"height":724,"url":"https:\/\/nischenduft.ch\/blog\/wp-content\/uploads\/2024\/11\/poets-of-berlin-vilhelm.jpg","type":"image\/jpeg"}],"author":"alina","twitter_card":"summary_large_image","twitter_misc":{"Verfasst von":"alina","Gesch\u00e4tzte Lesezeit":"4\u00a0Minuten"},"schema":{"@context":"https:\/\/schema.org","@graph":[{"@type":"Article","@id":"https:\/\/nischenduft.ch\/blog\/parfuem-bewertungen-echte-erfahrungen-zu-exklusiven-dueften\/vilhelm-parfumerie-poets-of-berlin-eine-hommage-an-die-sinnliche-vielfalt-berlins\/#article","isPartOf":{"@id":"https:\/\/nischenduft.ch\/blog\/parfuem-bewertungen-echte-erfahrungen-zu-exklusiven-dueften\/vilhelm-parfumerie-poets-of-berlin-eine-hommage-an-die-sinnliche-vielfalt-berlins\/"},"author":{"name":"alina","@id":"https:\/\/nischenduft.ch\/blog\/#\/schema\/person\/7b7800cc92a338df0412cefcf5a97a25"},"headline":"Vilhelm Parfumerie Poets of Berlin \u2013 Eine Hommage an die sinnliche Vielfalt Berlins","datePublished":"2025-03-21T17:53:12+00:00","dateModified":"2025-04-17T09:50:20+00:00","mainEntityOfPage":{"@id":"https:\/\/nischenduft.ch\/blog\/parfuem-bewertungen-echte-erfahrungen-zu-exklusiven-dueften\/vilhelm-parfumerie-poets-of-berlin-eine-hommage-an-die-sinnliche-vielfalt-berlins\/"},"wordCount":627,"commentCount":0,"publisher":{"@id":"https:\/\/nischenduft.ch\/blog\/#organization"},"image":{"@id":"https:\/\/nischenduft.ch\/blog\/parfuem-bewertungen-echte-erfahrungen-zu-exklusiven-dueften\/vilhelm-parfumerie-poets-of-berlin-eine-hommage-an-die-sinnliche-vielfalt-berlins\/#primaryimage"},"thumbnailUrl":"https:\/\/nischenduft.ch\/blog\/wp-content\/uploads\/2024\/11\/poets-of-berlin-vilhelm.jpg","keywords":["Duft f\u00fcr Freigeister","poets of berlin","Poets of Berlin Duft","vilhelm parfumerie"],"articleSection":["Parfum-Bewertungen"],"inLanguage":"de","potentialAction":[{"@type":"CommentAction","name":"Comment","target":["https:\/\/nischenduft.ch\/blog\/parfuem-bewertungen-echte-erfahrungen-zu-exklusiven-dueften\/vilhelm-parfumerie-poets-of-berlin-eine-hommage-an-die-sinnliche-vielfalt-berlins\/#respond"]}]},{"@type":"WebPage","@id":"https:\/\/nischenduft.ch\/blog\/parfuem-bewertungen-echte-erfahrungen-zu-exklusiven-dueften\/vilhelm-parfumerie-poets-of-berlin-eine-hommage-an-die-sinnliche-vielfalt-berlins\/","url":"https:\/\/nischenduft.ch\/blog\/parfuem-bewertungen-echte-erfahrungen-zu-exklusiven-dueften\/vilhelm-parfumerie-poets-of-berlin-eine-hommage-an-die-sinnliche-vielfalt-berlins\/","name":"Poets of Berlin \u2013 Duftprobe jetzt entdecken und erleben","isPartOf":{"@id":"https:\/\/nischenduft.ch\/blog\/#website"},"primaryImageOfPage":{"@id":"https:\/\/nischenduft.ch\/blog\/parfuem-bewertungen-echte-erfahrungen-zu-exklusiven-dueften\/vilhelm-parfumerie-poets-of-berlin-eine-hommage-an-die-sinnliche-vielfalt-berlins\/#primaryimage"},"image":{"@id":"https:\/\/nischenduft.ch\/blog\/parfuem-bewertungen-echte-erfahrungen-zu-exklusiven-dueften\/vilhelm-parfumerie-poets-of-berlin-eine-hommage-an-die-sinnliche-vielfalt-berlins\/#primaryimage"},"thumbnailUrl":"https:\/\/nischenduft.ch\/blog\/wp-content\/uploads\/2024\/11\/poets-of-berlin-vilhelm.jpg","datePublished":"2025-03-21T17:53:12+00:00","dateModified":"2025-04-17T09:50:20+00:00","description":"Poets of Berlin von Vilhelm Parfumerie \u2013 jetzt als Duftprobe entdecken. Urban, kreativ & poetisch wie Berlin selbst.","breadcrumb":{"@id":"https:\/\/nischenduft.ch\/blog\/parfuem-bewertungen-echte-erfahrungen-zu-exklusiven-dueften\/vilhelm-parfumerie-poets-of-berlin-eine-hommage-an-die-sinnliche-vielfalt-berlins\/#breadcrumb"},"inLanguage":"de","potentialAction":[{"@type":"ReadAction","target":["https:\/\/nischenduft.ch\/blog\/parfuem-bewertungen-echte-erfahrungen-zu-exklusiven-dueften\/vilhelm-parfumerie-poets-of-berlin-eine-hommage-an-die-sinnliche-vielfalt-berlins\/"]}]},{"@type":"ImageObject","inLanguage":"de","@id":"https:\/\/nischenduft.ch\/blog\/parfuem-bewertungen-echte-erfahrungen-zu-exklusiven-dueften\/vilhelm-parfumerie-poets-of-berlin-eine-hommage-an-die-sinnliche-vielfalt-berlins\/#primaryimage","url":"https:\/\/nischenduft.ch\/blog\/wp-content\/uploads\/2024\/11\/poets-of-berlin-vilhelm.jpg","contentUrl":"https:\/\/nischenduft.ch\/blog\/wp-content\/uploads\/2024\/11\/poets-of-berlin-vilhelm.jpg","width":640,"height":724,"caption":"Poets of Berlin \u2013 ein fruchtig-poetischer Duft mit Blaubeeren und Vanille, inspiriert vom kreativen Herz Berlins."},{"@type":"BreadcrumbList","@id":"https:\/\/nischenduft.ch\/blog\/parfuem-bewertungen-echte-erfahrungen-zu-exklusiven-dueften\/vilhelm-parfumerie-poets-of-berlin-eine-hommage-an-die-sinnliche-vielfalt-berlins\/#breadcrumb","itemListElement":[{"@type":"ListItem","position":1,"name":"Startseite","item":"https:\/\/nischenduft.ch\/blog\/"},{"@type":"ListItem","position":2,"name":"Vilhelm Parfumerie Poets of Berlin \u2013 Eine Hommage an die sinnliche Vielfalt Berlins"}]},{"@type":"WebSite","@id":"https:\/\/nischenduft.ch\/blog\/#website","url":"https:\/\/nischenduft.ch\/blog\/","name":"Die Welt der Nischend\u00fcfte: Exklusive Duftkreationen und Duftgeschichten","description":"","publisher":{"@id":"https:\/\/nischenduft.ch\/blog\/#organization"},"potentialAction":[{"@type":"SearchAction","target":{"@type":"EntryPoint","urlTemplate":"https:\/\/nischenduft.ch\/blog\/?s={search_term_string}"},"query-input":{"@type":"PropertyValueSpecification","valueRequired":true,"valueName":"search_term_string"}}],"inLanguage":"de"},{"@type":"Organization","@id":"https:\/\/nischenduft.ch\/blog\/#organization","name":"Die Welt der Nischend\u00fcfte: Exklusive Duftkreationen und Duftgeschichten","url":"https:\/\/nischenduft.ch\/blog\/","logo":{"@type":"ImageObject","inLanguage":"de","@id":"https:\/\/nischenduft.ch\/blog\/#\/schema\/logo\/image\/","url":"https:\/\/nischenduft.ch\/blog\/wp-content\/uploads\/2024\/10\/cropped-nischenduft_logo.jpg","contentUrl":"https:\/\/nischenduft.ch\/blog\/wp-content\/uploads\/2024\/10\/cropped-nischenduft_logo.jpg","width":528,"height":491,"caption":"Die Welt der Nischend\u00fcfte: Exklusive Duftkreationen und Duftgeschichten"},"image":{"@id":"https:\/\/nischenduft.ch\/blog\/#\/schema\/logo\/image\/"}},{"@type":"Person","@id":"https:\/\/nischenduft.ch\/blog\/#\/schema\/person\/7b7800cc92a338df0412cefcf5a97a25","name":"alina","image":{"@type":"ImageObject","inLanguage":"de","@id":"https:\/\/nischenduft.ch\/blog\/#\/schema\/person\/image\/","url":"https:\/\/secure.gravatar.com\/avatar\/be209b8c6c907c7741779cc8c0430dee?s=96&d=mm&r=g","contentUrl":"https:\/\/secure.gravatar.com\/avatar\/be209b8c6c907c7741779cc8c0430dee?s=96&d=mm&r=g","caption":"alina"},"sameAs":["https:\/\/nischenduft.ch\/blog"],"url":"https:\/\/nischenduft.ch\/blog\/author\/alina\/"}]}},"_links":{"self":[{"href":"https:\/\/nischenduft.ch\/blog\/wp-json\/wp\/v2\/posts\/123","targetHints":{"allow":["GET"]}}],"collection":[{"href":"https:\/\/nischenduft.ch\/blog\/wp-json\/wp\/v2\/posts"}],"about":[{"href":"https:\/\/nischenduft.ch\/blog\/wp-json\/wp\/v2\/types\/post"}],"author":[{"embeddable":true,"href":"https:\/\/nischenduft.ch\/blog\/wp-json\/wp\/v2\/users\/1"}],"replies":[{"embeddable":true,"href":"https:\/\/nischenduft.ch\/blog\/wp-json\/wp\/v2\/comments?post=123"}],"version-history":[{"count":7,"href":"https:\/\/nischenduft.ch\/blog\/wp-json\/wp\/v2\/posts\/123\/revisions"}],"predecessor-version":[{"id":386,"href":"https:\/\/nischenduft.ch\/blog\/wp-json\/wp\/v2\/posts\/123\/revisions\/386"}],"wp:featuredmedia":[{"embeddable":true,"href":"https:\/\/nischenduft.ch\/blog\/wp-json\/wp\/v2\/media\/356"}],"wp:attachment":[{"href":"https:\/\/nischenduft.ch\/blog\/wp-json\/wp\/v2\/media?parent=123"}],"wp:term":[{"taxonomy":"category","embeddable":true,"href":"https:\/\/nischenduft.ch\/blog\/wp-json\/wp\/v2\/categories?post=123"},{"taxonomy":"post_tag","embeddable":true,"href":"https:\/\/nischenduft.ch\/blog\/wp-json\/wp\/v2\/tags?post=123"}],"curies":[{"name":"wp","href":"https:\/\/api.w.org\/{rel}","templated":true}]}}